{"id":2664,"date":"2016-11-10T20:52:24","date_gmt":"2016-11-10T19:52:24","guid":{"rendered":"http:\/\/www.lagota.ch\/?p=2664"},"modified":"2016-11-10T20:54:27","modified_gmt":"2016-11-10T19:54:27","slug":"fr-18-uhr-kundgebung-gegen-verhaftungen-in-der-turkei","status":"publish","type":"post","link":"https:\/\/www.lagota.ch\/?p=2664","title":{"rendered":"Fr., 18 Uhr: Kundgebung gegen Verhaftungen in der T\u00fcrkei"},"content":{"rendered":"<p>Die Linke Kurdistans und der T\u00fcrkei braucht in diesen d\u00fcsteren Stunden unsere Solidarit\u00e4t. Am Freitagabend findet vor dem Luzerner Stadttheater eine Kundgebung statt. Komm auch du, erscheint zahlreich!<\/p>\n<p><strong>Gegen die Verhaftungen in der T\u00fcrkei!<\/p>\n<p>Platzkundgebung<\/strong><\/p>\n<p><strong>Freitag, 18 Uhr, Theaterplatz Luzern<\/strong><\/p>\n<p>Organisiert von Dem-Kurd<\/p>\n<p>Es gr\u00fcsst, euer<br \/>\n<strong>Solidarit\u00e4tskomitee Rojava &#8211; Luzern<\/strong><\/p>\n","protected":false},"excerpt":{"rendered":"<p>Die Linke Kurdistans und der T\u00fcrkei braucht in diesen d\u00fcsteren Stunden unsere Solidarit\u00e4t. Am Freitagabend findet vor dem Luzerner Stadttheater eine Kundgebung statt. Komm auch du, erscheint zahlreich!<\/p>\n<p>Gegen die Verhaftungen in der T\u00fcrkei!<\/p>\n<p>Platzkundgebung<br \/>\nFreitag, 18 Uhr, Theaterplatz Luzern<br \/>\nOrganisiert von Dem-Kurd<\/p>\n<p>Es gr\u00fcsst, euer<br \/>\nSolidarit\u00e4tskomitee Rojava &#8211; Luzern<br \/>\n <a href=\"https:\/\/www.lagota.ch\/?p=2664\">Continue reading <span class=\"meta-nav\">&rarr;<\/span><\/a><\/p>\n","protected":false},"author":1,"featured_media":0,"comment_status":"closed","ping_status":"open","sticky":false,"template":"","format":"standard","meta":{"footnotes":""},"categories":[10,11,4],"tags":[737,1148,30,447],"class_list":["post-2664","post","type-post","status-publish","format-standard","hentry","category-aus-aller-welt","category-luzern","category-veranstaltung","tag-kundgebung","tag-luzern","tag-solidaritat","tag-turkei"],"_links":{"self":[{"href":"https:\/\/www.lagota.ch\/index.php?rest_route=\/wp\/v2\/posts\/2664","targetHints":{"allow":["GET"]}}],"collection":[{"href":"https:\/\/www.lagota.ch\/index.php?rest_route=\/wp\/v2\/posts"}],"about":[{"href":"https:\/\/www.lagota.ch\/index.php?rest_route=\/wp\/v2\/types\/post"}],"author":[{"embeddable":true,"href":"https:\/\/www.lagota.ch\/index.php?rest_route=\/wp\/v2\/users\/1"}],"replies":[{"embeddable":true,"href":"https:\/\/www.lagota.ch\/index.php?rest_route=%2Fwp%2Fv2%2Fcomments&post=2664"}],"version-history":[{"count":3,"href":"https:\/\/www.lagota.ch\/index.php?rest_route=\/wp\/v2\/posts\/2664\/revisions"}],"predecessor-version":[{"id":2667,"href":"https:\/\/www.lagota.ch\/index.php?rest_route=\/wp\/v2\/posts\/2664\/revisions\/2667"}],"wp:attachment":[{"href":"https:\/\/www.lagota.ch\/index.php?rest_route=%2Fwp%2Fv2%2Fmedia&parent=2664"}],"wp:term":[{"taxonomy":"category","embeddable":true,"href":"https:\/\/www.lagota.ch\/index.php?rest_route=%2Fwp%2Fv2%2Fcategories&post=2664"},{"taxonomy":"post_tag","embeddable":true,"href":"https:\/\/www.lagota.ch\/index.php?rest_route=%2Fwp%2Fv2%2Ftags&post=2664"}],"curies":[{"name":"wp","href":"https:\/\/api.w.org\/{rel}","templated":true}]}}