{"id":2687,"date":"2016-12-19T13:31:54","date_gmt":"2016-12-19T12:31:54","guid":{"rendered":"http:\/\/www.lagota.ch\/?p=2687"},"modified":"2016-12-19T13:31:54","modified_gmt":"2016-12-19T12:31:54","slug":"terror-gegen-hdp","status":"publish","type":"post","link":"https:\/\/www.lagota.ch\/?p=2687","title":{"rendered":"Terror gegen HDP"},"content":{"rendered":"<p><strong>Nach Anschlag auf \u00bbElitesoldaten\u00ab: B\u00fcros der \u00bbDemokratischen Partei der V\u00f6lker\u00ab (HDP) verw\u00fcstet. Regierungsanh\u00e4nger rufen zu Mord auf<\/strong><\/p>\n<p>Bei einem Anschlag auf die t\u00fcrkische Armee wurden am Sonnabend in der mittel\u00adanatolischen Industriestadt Kayseri mindestens 14 Soldaten get\u00f6tet. Sie geh\u00f6rten einer \u00bbEliteeinheit\u00ab an, die f\u00fcr Kriegsverbrechen ber\u00fcchtigt ist. Das Attentat wurde mittels einer Autobombe ver\u00fcbt, die vor dem Mannschaftsbus gez\u00fcndet wurde. Mehr als 50 weitere Armeeangeh\u00f6rige wurden zum Teil schwer verletzt.<\/p>\n<p>Der Angriff galt Angeh\u00f6rigen der in Kayseri stationierten 1. Kommando\u00adbrigade, die im Fr\u00fchjahr dieses Jahres in St\u00e4dten wie Cizre, Nusaybin und Sur, dem Altstadtteil der Metropole Diyarbakir, im Einsatz war. W\u00e4hrend monatelanger Ausgangssperren waren dort Hunderte Zivilisten massakriert und ganze Wohnviertel mit schweren Waffen dem Erdboden gleichgemacht worden. Als die t\u00fcrkischen Streitkr\u00e4fte im August die Grenze zu Syrien \u00fcberschritten, bildete die Kommandobrigade die Speerspitze des Einmarschs. Zusammen mit S\u00f6ldnerverb\u00e4nden aus dem Umfeld der Al-Qaida griff die t\u00fcrkische Armee im Norden Syriens Stellungen der kurdischen Volksverteidigungseinheiten YPG an.<\/p>\n<p>Zu dem Anschlag vom Samstag bekannte sich bis Redaktionsschluss niemand. W\u00e4hrend die Regierung Erdogan bereits kurz nach der Tat die verbotene Arbeiterpartei Kurdistans (PKK) der T\u00e4terschaft bezichtigte, verurteilte die linke und prokurdische \u00bbDemokratische Partei der V\u00f6lker\u00ab (HDP) das Attentat scharf. Dennoch geriet letztere in das Visier der Neofaschisten: Hunderte Anh\u00e4nger der \u00bbGrauen W\u00f6lfe\u00ab attackierten am Sonnabend das B\u00fcro der HDP in Kayseri. Wie HDP-Funktion\u00e4re gegen\u00fcber der kurdischen Nachrichtenagentur <em>Firat News<\/em> berichteten, habe die Polizei die Rechtsextremen in das Geb\u00e4ude gelassen. Die Angreifer entfernten das HDP-Schild am Eingang, steckten das B\u00fcro in Brand und hissten die Fahne der neofaschistischen Partei der Nationalistischen Bewegung (MHP). Anschlie\u00dfend st\u00fcrmte der Mob auch R\u00e4umlichkeiten der sozialistischen Partei EMEP, des Gewerkschaftsbundes DISK und der sozialdemokratischen Republikanischen Volkspartei (CHP). In der Nacht zum Sonntag verw\u00fcsteten und brandschatzten islamistische und faschistische Rollkommandos nach Angaben der HDP insgesamt 20 ihrer Parteib\u00fcros, unter anderem in Istanbul, Ankara, Izmir und Eskisehir. Der HDP-Abgeordnete Ziya Pir warnte gegen\u00fcber der <em>Deutschen Presseagentur<\/em> (<em>dpa<\/em>) von einer \u00bbPogromstimmung\u00ab gegen seine Partei.<\/p>\n<p>Die Hetzte gegen prokurdische Kr\u00e4fte hat in der vergangenen Woche, nach einem Anschlag der von der PKK abgespaltenen Gruppe \u00bbFreiheitsfalken Kurdistan\u00ab (TAK) auf Polizisten in Istanbul, ein neues Ausma\u00df erreicht. Staatspr\u00e4sident Recep Tayyip Erdogan hatte am Donnerstag eine \u00bbnationale Mobilmachung\u00ab verk\u00fcndet und die Bev\u00f6lkerung dazu aufgefordert, alle Verd\u00e4chtigen und deren Unterst\u00fctzer den Beh\u00f6rden melden. Bei einer Welle von Razzien zu Beginn der Woche waren schon rund 570 Menschen verhaftet worden, darunter mehrere Abgeordnete der HDP. W\u00e4hrend Regierungsanh\u00e4nger in sozialen Netzwerken mittlerweile unverhohlen zum Mord an HDP-Politikern aufrufen, meldete der Nachrichtenticker des Fernsehsenders <em>CNN T\u00fcrk<\/em> am Sonntag, Angriffe auf HDP-B\u00fcros seien ein \u00bbBeitrag im Kampf gegen den Terrorismus\u00ab.<\/p>\n<p>Quelle: <a href=\"http:\/\/www.jungewelt.de\/2016\/12-19\/001.php\">http:\/\/www.jungewelt.de\/2016\/12-19\/001.php<\/a><\/p>\n","protected":false},"excerpt":{"rendered":"<p>Nach Anschlag auf \u00bbElitesoldaten\u00ab: B\u00fcros der \u00bbDemokratischen Partei der V\u00f6lker\u00ab (HDP) verw\u00fcstet. Regierungsanh\u00e4nger rufen zu Mord auf <a href=\"https:\/\/www.lagota.ch\/?p=2687\">Continue reading <span class=\"meta-nav\">&rarr;<\/span><\/a><\/p>\n","protected":false},"author":1,"featured_media":0,"comment_status":"closed","ping_status":"open","sticky":false,"template":"","format":"standard","meta":{"footnotes":""},"categories":[14,10,172,713,6,108],"tags":[859,533,446,946,447,717],"class_list":["post-2687","post","type-post","status-publish","format-standard","hentry","category-arbeitskampf","category-aus-aller-welt","category-gefangeneninfos","category-kurdistan","category-news","category-wirtschaftskrise","tag-hdp","tag-istanbul","tag-pkk","tag-tak","tag-turkei","tag-ypg"],"_links":{"self":[{"href":"https:\/\/www.lagota.ch\/index.php?rest_route=\/wp\/v2\/posts\/2687","targetHints":{"allow":["GET"]}}],"collection":[{"href":"https:\/\/www.lagota.ch\/index.php?rest_route=\/wp\/v2\/posts"}],"about":[{"href":"https:\/\/www.lagota.ch\/index.php?rest_route=\/wp\/v2\/types\/post"}],"author":[{"embeddable":true,"href":"https:\/\/www.lagota.ch\/index.php?rest_route=\/wp\/v2\/users\/1"}],"replies":[{"embeddable":true,"href":"https:\/\/www.lagota.ch\/index.php?rest_route=%2Fwp%2Fv2%2Fcomments&post=2687"}],"version-history":[{"count":1,"href":"https:\/\/www.lagota.ch\/index.php?rest_route=\/wp\/v2\/posts\/2687\/revisions"}],"predecessor-version":[{"id":2688,"href":"https:\/\/www.lagota.ch\/index.php?rest_route=\/wp\/v2\/posts\/2687\/revisions\/2688"}],"wp:attachment":[{"href":"https:\/\/www.lagota.ch\/index.php?rest_route=%2Fwp%2Fv2%2Fmedia&parent=2687"}],"wp:term":[{"taxonomy":"category","embeddable":true,"href":"https:\/\/www.lagota.ch\/index.php?rest_route=%2Fwp%2Fv2%2Fcategories&post=2687"},{"taxonomy":"post_tag","embeddable":true,"href":"https:\/\/www.lagota.ch\/index.php?rest_route=%2Fwp%2Fv2%2Ftags&post=2687"}],"curies":[{"name":"wp","href":"https:\/\/api.w.org\/{rel}","templated":true}]}}