{"id":2690,"date":"2017-01-09T15:05:09","date_gmt":"2017-01-09T14:05:09","guid":{"rendered":"http:\/\/www.lagota.ch\/?p=2690"},"modified":"2017-01-09T17:07:56","modified_gmt":"2017-01-09T16:07:56","slug":"nowef-2017","status":"publish","type":"post","link":"https:\/\/www.lagota.ch\/?p=2690","title":{"rendered":"NoWEF 2017"},"content":{"rendered":"<p><strong>Das Weltwirtschaftsforum WEF steht wieder vor der T\u00fcr. Einmal mehr, an der 47. Durchf\u00fchrung, treffen sich f\u00fchrende Vertreter*innen aus Wirtschaft und Politik in Davos zum Gipfeltreffen. Auch wenn das WEF dieses Jahr von den Protesten rund um Donald Trumps Amtseinf\u00fchrung \u00fcberschattet werden wird, bleibt es f\u00fcr die herrschenden Akteur*innen doch ein wichtiges Ereignis.<\/strong><\/p>\n<p><a href=\"https:\/\/www.lagota.ch\/wp-content\/uploads\/nowef2017.jpg\"><img loading=\"lazy\" decoding=\"async\" class=\"alignnone size-medium wp-image-2691\" src=\"https:\/\/www.lagota.ch\/wp-content\/uploads\/nowef2017-212x300.jpg\" alt=\"nowef2017\" width=\"212\" height=\"300\" srcset=\"https:\/\/www.lagota.ch\/wp-content\/uploads\/nowef2017-212x300.jpg 212w, https:\/\/www.lagota.ch\/wp-content\/uploads\/nowef2017.jpg 724w\" sizes=\"auto, (max-width: 212px) 100vw, 212px\" \/><\/a><br \/>\nDas WEF ist keinesfalls ein Gef\u00e4ss, von welchem aus die Welt regiert wird, sondern dient dem Austausch von Strategien und der Vernetzung.<br \/>\nAusserdem steht die Zelebrierung der angeblich unendlichen M\u00f6glichkeiten des Kapitalismus im Mittelpunkt. Selber beschreibt sich das WEF als Forum, in dem die grossen Herausforderungen der Welt diskutiert und angegangen werden sollen. So akzeptieren die Beteiligten, dass es Probleme gibt auf dieser Welt und inszenieren sich dann als die grossen Probleml\u00f6senden. Dabei ist die L\u00f6sung nat\u00fcrlich immer die ach so grossartige Innovationskraft des Kapitalismus.<br \/>\nDas bedeutet dann konkret Privatisierung, Automatisierung und das Schaffen von neuen M\u00e4rkten.<br \/>\nNat\u00fcrlich ist es keine \u00dcberraschung, dass trotz den vergangenen 46 Jahren WEF nie eine tats\u00e4chliche Verbesserung f\u00fcr den gr\u00f6ssten Teil der Menschheit eingetreten ist. Das WEF soll aber auch keine Probleme l\u00f6sen, sondern dient haupts\u00e4chlich der Verbreitung der Ideologie des neoliberalen Kapitalismus.<br \/>\nDas kapitalistische System, welches in Davos abgefeiert wird, produziert seit jeher nur Krisen und Unterdr\u00fcckung. Denn ein System, welches auf unbegrenztes Wachstum setzt, zieht seinen Erfolg aus Ungleichheit und Konkurrenz. Denen, die davon profitieren, ist dies durchaus bewusst \u2013 doch die Logik des Profits kennt keine Moral und macht weder Halt vor Mensch noch Umwelt.<\/p>\n<p>Aber l\u00e4ngst nicht alle Menschen sehen tatenlos zu, nein: \u00dcberall auf der Welt widersetzen sich Leute den Auswirkungen und Zw\u00e4ngen des Kapitalismus. Sie erheben sich und geben sich aktiv als Gegenbewegung zu erkennen.<br \/>\nSo werden multinationale Konzerne in die Knie gezwungen, wie aktuell bei dem Vorhaben \u201eDakota Access Pipeline\u201c in Dakota, wo Indigene und Solidarische sich gegen den Riesenkonzern Energy Transfer Partners stellten und so \u2013 zumindest vorl\u00e4ufig \u2013 den Bau einer Pipeline stoppten. Diese Pipeline bedroht die Lebensgrundlage und Souver\u00e4nit\u00e4t der Indigenen. Oder wie in Rojava, wo sich Menschen mithilfe des organisierten Widerstandes gegen den IS wehren und ein autonomes Gebiet erk\u00e4mpfen konnten. In dieser Region wollen sie autonome solidarische Strukturen fern von staatlicher Kontrolle aufbauen.<\/p>\n<p>Dieses Jahr geh\u00f6rt die NOWEF Demo den Widerst\u00e4ndischen auf der ganzen Welt. Von Mexiko \u00fcber Frankreich bis nach Indien und Australien gibt es organisierte Formen des Widerstands und revolution\u00e4re Perspektiven. Wenn die Herrschenden ihren F\u00fchrungsanspruch erneut geltend machen wollen, zeigen wir ihnen, dass wir bei diesem Spiel nicht mitmachen!<\/p>\n<p>Unser Widerstand gegen das kapitalistische System und alle Formen der Herrschaft!<br \/>\n<strong>Heraus zur NoWEF \u2013 Demo am Samstag 14. Januar 2017!<\/strong><\/p>\n<p>Informiere dich jederzeit \u00fcber die Aktualit\u00e4ten unter https:\/\/nowef.noblogs.org\/ und in den sozialen Medien unter #NoWEF2017.<\/p>\n","protected":false},"excerpt":{"rendered":"<p>Das Weltwirtschaftsforum WEF steht wieder vor der T\u00fcr. Einmal mehr, an der 47. Durchf\u00fchrung, treffen sich f\u00fchrende Vertreter*innen aus Wirtschaft und Politik in Davos zum Gipfeltreffen. Auch wenn das WEF dieses Jahr von den Protesten rund um Donald Trumps Amtseinf\u00fchrung \u00fcberschattet werden wird, bleibt es f\u00fcr die herrschenden Akteur*innen doch ein wichtiges Ereignis. <a href=\"https:\/\/www.lagota.ch\/?p=2690\">Continue reading <span class=\"meta-nav\">&rarr;<\/span><\/a><\/p>\n","protected":false},"author":1,"featured_media":0,"comment_status":"closed","ping_status":"open","sticky":false,"template":"","format":"standard","meta":{"footnotes":""},"categories":[14,406,6,21,16,18,4,19,108],"tags":[102,453,947,1153],"class_list":["post-2690","post","type-post","status-publish","format-standard","hentry","category-arbeitskampf","category-migration","category-news","category-okologie","category-schweiz","category-squat-the-world","category-veranstaltung","category-wef","category-wirtschaftskrise","tag-bern","tag-davos","tag-global-struggle","tag-wef"],"_links":{"self":[{"href":"https:\/\/www.lagota.ch\/index.php?rest_route=\/wp\/v2\/posts\/2690","targetHints":{"allow":["GET"]}}],"collection":[{"href":"https:\/\/www.lagota.ch\/index.php?rest_route=\/wp\/v2\/posts"}],"about":[{"href":"https:\/\/www.lagota.ch\/index.php?rest_route=\/wp\/v2\/types\/post"}],"author":[{"embeddable":true,"href":"https:\/\/www.lagota.ch\/index.php?rest_route=\/wp\/v2\/users\/1"}],"replies":[{"embeddable":true,"href":"https:\/\/www.lagota.ch\/index.php?rest_route=%2Fwp%2Fv2%2Fcomments&post=2690"}],"version-history":[{"count":2,"href":"https:\/\/www.lagota.ch\/index.php?rest_route=\/wp\/v2\/posts\/2690\/revisions"}],"predecessor-version":[{"id":2693,"href":"https:\/\/www.lagota.ch\/index.php?rest_route=\/wp\/v2\/posts\/2690\/revisions\/2693"}],"wp:attachment":[{"href":"https:\/\/www.lagota.ch\/index.php?rest_route=%2Fwp%2Fv2%2Fmedia&parent=2690"}],"wp:term":[{"taxonomy":"category","embeddable":true,"href":"https:\/\/www.lagota.ch\/index.php?rest_route=%2Fwp%2Fv2%2Fcategories&post=2690"},{"taxonomy":"post_tag","embeddable":true,"href":"https:\/\/www.lagota.ch\/index.php?rest_route=%2Fwp%2Fv2%2Ftags&post=2690"}],"curies":[{"name":"wp","href":"https:\/\/api.w.org\/{rel}","templated":true}]}}