{"id":2694,"date":"2016-12-30T10:49:12","date_gmt":"2016-12-30T09:49:12","guid":{"rendered":"http:\/\/www.lagota.ch\/?p=2694"},"modified":"2016-12-30T10:49:12","modified_gmt":"2016-12-30T09:49:12","slug":"das-andere-davos-2017","status":"publish","type":"post","link":"https:\/\/www.lagota.ch\/?p=2694","title":{"rendered":"Das andere Davos 2017"},"content":{"rendered":"<p><a href=\"https:\/\/www.lagota.ch\/wp-content\/uploads\/dasanderedavos.png\"><img loading=\"lazy\" decoding=\"async\" class=\"alignnone size-medium wp-image-2695\" src=\"https:\/\/www.lagota.ch\/wp-content\/uploads\/dasanderedavos-300x161.png\" alt=\"dasanderedavos\" width=\"300\" height=\"161\" srcset=\"https:\/\/www.lagota.ch\/wp-content\/uploads\/dasanderedavos-300x161.png 300w, https:\/\/www.lagota.ch\/wp-content\/uploads\/dasanderedavos.png 1020w\" sizes=\"auto, (max-width: 300px) 100vw, 300px\" \/><\/a><br \/>\nIm Januar 2017 findet in Davos das 47. Jahrestreffen des World Economic Forum (WEF) statt. Dieses Treffen vereint die m\u00e4chtigsten \u201eWirtschaftsf\u00fchrer\u201c, einflussreiche Politiker*innen sowie die Verantwortlichen von internationalen Institutionen wie IWF, WTO, oder EZB.<br \/>\nUnter dem Motto \u201eDen Zustand der Welt verbessern\u201c versuchen die Organisator*innen und Teilnehmer*innen des WEF seit Jahrzehnten der \u00d6ffentlichkeit zu zeigen, dass sie ernsthaft an der L\u00f6sung gesellschaftlicher Probleme interessiert seien. Dabei sind es gerade sie, die als Repr\u00e4sentant*innen der kapitalistischen Wirtschafts- und Gesellschaftsordnung t\u00e4glich Armut und Unterdr\u00fcckung verursachen.<br \/>\nAngesichts des europaweiten Rechtsrutsches, des antifeministischen gesellschaftlichen Rollbacks, der rassistischen Hetze gegen Gefl\u00fcchtete, der brutalen Spar- und Verarmungspolitik und der kriegerischen Auseinandersetzungen vor den Toren Europas finden wir es unbedingt notwendig, \u00fcber gesellschaftliche Alternativen zum Kapitalismus zu diskutieren.<br \/>\nUm eine Gegen\u00f6ffentlichkeit zum WEF zu schaffen, organisiert die Bewegung f\u00fcr den Sozialismus BFS in Z\u00fcrich am\u00a0<strong>Samstag, 14. Januar 2017<\/strong>\u00a0ein alternatives Forum \u2013 das\u00a0<em>Andere<\/em>\u00a0Davos. Am Vorabend findet zudem ein Stadtrundgang durchs revolution\u00e4re Z\u00fcrich vor 100 Jahren statt.<br \/>\nDie Konferenz wird auf\u00a0<strong>Deutsch, Englisch und Franz\u00f6sisch\u00a0<\/strong>\u00fcbersetzt. Zudem wird w\u00e4hrend dem ganzen Programm in der Spielbaracke auf dem Kanzleiareal eine\u00a0<strong>Kinderbetreuung\u00a0<\/strong>organisiert. Anschliessend an das offizielle Programm gibt es am Samstagabend\u00a0<strong>Vok\u00fc und eine Soliparty\u00a0<\/strong>im Provitreff in Z\u00fcrich.<\/p>\n","protected":false},"excerpt":{"rendered":"<p>Im Januar 2017 findet in Davos das 47. Jahrestreffen des World Economic Forum (WEF) statt. Dieses Treffen vereint die m\u00e4chtigsten \u201eWirtschaftsf\u00fchrer\u201c, einflussreiche Politiker*innen sowie die Verantwortlichen von internationalen Institutionen wie IWF, WTO, oder EZB.<br \/>\nUnter dem Motto \u201eDen Zustand der Welt verbessern\u201c versuchen die Organisator*innen und Teilnehmer*innen des WEF seit Jahrzehnten der \u00d6ffentlichkeit zu zeigen, dass sie ernsthaft an der L\u00f6sung gesellschaftlicher Probleme interessiert seien. Dabei sind es gerade sie, die als Repr\u00e4sentant*innen der kapitalistischen Wirtschafts- und Gesellschaftsordnung t\u00e4glich Armut und Unterdr\u00fcckung verursachen. <a href=\"https:\/\/www.lagota.ch\/?p=2694\">Continue reading <span class=\"meta-nav\">&rarr;<\/span><\/a><\/p>\n","protected":false},"author":1,"featured_media":0,"comment_status":"closed","ping_status":"open","sticky":false,"template":"","format":"standard","meta":{"footnotes":""},"categories":[6,16,18,4,19,108],"tags":[949,948,453,245,1153,121],"class_list":["post-2694","post","type-post","status-publish","format-standard","hentry","category-news","category-schweiz","category-squat-the-world","category-veranstaltung","category-wef","category-wirtschaftskrise","tag-bfs","tag-das-andere-davos","tag-davos","tag-iwf","tag-wef","tag-zurich"],"_links":{"self":[{"href":"https:\/\/www.lagota.ch\/index.php?rest_route=\/wp\/v2\/posts\/2694","targetHints":{"allow":["GET"]}}],"collection":[{"href":"https:\/\/www.lagota.ch\/index.php?rest_route=\/wp\/v2\/posts"}],"about":[{"href":"https:\/\/www.lagota.ch\/index.php?rest_route=\/wp\/v2\/types\/post"}],"author":[{"embeddable":true,"href":"https:\/\/www.lagota.ch\/index.php?rest_route=\/wp\/v2\/users\/1"}],"replies":[{"embeddable":true,"href":"https:\/\/www.lagota.ch\/index.php?rest_route=%2Fwp%2Fv2%2Fcomments&post=2694"}],"version-history":[{"count":1,"href":"https:\/\/www.lagota.ch\/index.php?rest_route=\/wp\/v2\/posts\/2694\/revisions"}],"predecessor-version":[{"id":2696,"href":"https:\/\/www.lagota.ch\/index.php?rest_route=\/wp\/v2\/posts\/2694\/revisions\/2696"}],"wp:attachment":[{"href":"https:\/\/www.lagota.ch\/index.php?rest_route=%2Fwp%2Fv2%2Fmedia&parent=2694"}],"wp:term":[{"taxonomy":"category","embeddable":true,"href":"https:\/\/www.lagota.ch\/index.php?rest_route=%2Fwp%2Fv2%2Fcategories&post=2694"},{"taxonomy":"post_tag","embeddable":true,"href":"https:\/\/www.lagota.ch\/index.php?rest_route=%2Fwp%2Fv2%2Ftags&post=2694"}],"curies":[{"name":"wp","href":"https:\/\/api.w.org\/{rel}","templated":true}]}}