{"id":2703,"date":"2017-02-01T09:05:26","date_gmt":"2017-02-01T08:05:26","guid":{"rendered":"http:\/\/www.lagota.ch\/?p=2703"},"modified":"2017-02-01T09:05:26","modified_gmt":"2017-02-01T08:05:26","slug":"die-schweiz-hat-ein-rassismusproblem","status":"publish","type":"post","link":"https:\/\/www.lagota.ch\/?p=2703","title":{"rendered":"Die Schweiz hat ein Rassismusproblem"},"content":{"rendered":"<p><span class=\"_4n-j _3cht fsl\"><strong>Antirassistische Demonstration am 4. Februar 2017 ab 14h, Waisenhausplatz, Bern<\/strong><\/p>\n<p><a href=\"https:\/\/www.lagota.ch\/wp-content\/uploads\/rassismusproblemdemo_placki-1000x1414.jpg\"><img loading=\"lazy\" decoding=\"async\" class=\"alignnone size-medium wp-image-2704\" src=\"https:\/\/www.lagota.ch\/wp-content\/uploads\/rassismusproblemdemo_placki-1000x1414-212x300.jpg\" alt=\"rassismusproblemdemo_placki-1000x1414\" width=\"212\" height=\"300\" srcset=\"https:\/\/www.lagota.ch\/wp-content\/uploads\/rassismusproblemdemo_placki-1000x1414-212x300.jpg 212w, https:\/\/www.lagota.ch\/wp-content\/uploads\/rassismusproblemdemo_placki-1000x1414-724x1024.jpg 724w, https:\/\/www.lagota.ch\/wp-content\/uploads\/rassismusproblemdemo_placki-1000x1414.jpg 1000w\" sizes=\"auto, (max-width: 212px) 100vw, 212px\" \/><\/a><br \/>\nWir leben in einem Land, das Menschen aufgrund ihrer Herkunft mit Zwang in Flugzeuge steckt und ausschafft, dahin zur\u00fcck wo sie gehen mussten oder wollten.<\/span><\/p>\n<div>\n<p><span class=\"_4n-j _3cht fsl\"><b>*Ausschaffungen abschaffen*<\/b><\/span><\/p>\n<p>Statt Inl\u00e4nder_innen zu bevorzugen, muss gegen die Logik des Wettbewerbs und des Gewinns vorgegangen werden und nicht gegen migrierende Menschen.<\/p>\n<\/div>\n<div>\n<p><span class=\"_4n-j _3cht fsl\"><span class=\"text_exposed_show\"><b>*Innl\u00e4nder_innenvorrang abschaffen, Arbeiter_innenrechte st\u00e4rken*<\/b><\/span><\/span><\/p>\n<p>Schwarze Menschen und People of Color sind \u00fcberdurchschnittlich von Repression, Polizeigewalt und Personenkontrollen betroffen. Diese systematischen Diskriminierungen durchdringen staatliche Institutionen und die Politik.<\/p>\n<\/div>\n<div>\n<p><span class=\"_4n-j _3cht fsl\"><span class=\"text_exposed_show\"> <b>*Racial Profiling stoppen*<\/b><\/span><\/span><\/p>\n<p>Die schweiz investiert j\u00e4hrlich Millionen in Frontex und die Militarisierung der EU-Aussengrenze. Aufgrund dieser Grenzen sterben j\u00e4hrlich unz\u00e4hlige Menschen im Mittelmeer, (er-) frieren auf der Balkanroute oder stranden in Como.<\/p>\n<\/div>\n<div>\n<p><span class=\"_4n-j _3cht fsl\"><span class=\"text_exposed_show\"> <b>*Fluchtwege sichern, Grenzen \u00f6ffnen*<\/b><\/span><\/span><\/p>\n<p>Gem\u00e4ss dem Dublinsystem kann die schweiz gefl\u00fcchtete Menschen systematisch in europ\u00e4ische Staaten abschieben. In Staaten wie beispielsweise Italien oder Ungarn ist das Asylrecht jedoch nicht gesichert und viele landen auf der Strasse. Die schweiz ist aufgrund des \u201eSelbsteintrittsrechts\u201c jedoch frei, auf Dublinabschiebungen zu verzichten.<\/p>\n<\/div>\n<div>\n<p><span class=\"_4n-j _3cht fsl\"><span class=\"text_exposed_show\"><b>*Dublinstystem abschaffen, Bewegungsfreiheit und Bleiberecht f\u00fcr alle*<\/b><\/span><\/span><\/p>\n<p>Gefl\u00fcchtete Menschen m\u00fcssen in der schweiz in Lagern leben. Dort bestimmen Entm\u00fcndigung, Disziplinierung und Isolation den Alltag.<\/p>\n<\/div>\n<div>\n<p><span class=\"_4n-j _3cht fsl\"><span class=\"text_exposed_show\"><b>*Lager schliessen*<\/b><\/span><\/span><\/p>\n<p>F\u00fcr die gleiche Arbeit verdienen Menschen ohne schweizer Pass durchschnittlich weniger. Wenn ein Quartier \u201eaufgewertet\u201c wird, sind \u201eMigrant_innen\u201c meist die ersten Verdr\u00e4ngten. Auch im Bildungs-und Gesundheitssystem sind sie schlechter gestellt.<\/p>\n<\/div>\n<div><span class=\"_4n-j _3cht fsl\"><span class=\"text_exposed_show\"><b>*Rassistische Ausbeutung und Ungleichheit \u00fcberwinden*<\/b><\/span><\/span><\/div>\n","protected":false},"excerpt":{"rendered":"<p>Antirassistische Demonstration am 4. Februar 2017 ab 14h, Waisenhausplatz, Bern <a href=\"https:\/\/www.lagota.ch\/?p=2703\">Continue reading <span class=\"meta-nav\">&rarr;<\/span><\/a><\/p>\n","protected":false},"author":1,"featured_media":0,"comment_status":"closed","ping_status":"open","sticky":false,"template":"","format":"standard","meta":{"footnotes":""},"categories":[13,328,16,18,4],"tags":[1159,353,102,952],"class_list":["post-2703","post","type-post","status-publish","format-standard","hentry","category-antifa","category-antira","category-schweiz","category-squat-the-world","category-veranstaltung","tag-antira","tag-ausschaffungen","tag-bern","tag-racial-profiling"],"_links":{"self":[{"href":"https:\/\/www.lagota.ch\/index.php?rest_route=\/wp\/v2\/posts\/2703","targetHints":{"allow":["GET"]}}],"collection":[{"href":"https:\/\/www.lagota.ch\/index.php?rest_route=\/wp\/v2\/posts"}],"about":[{"href":"https:\/\/www.lagota.ch\/index.php?rest_route=\/wp\/v2\/types\/post"}],"author":[{"embeddable":true,"href":"https:\/\/www.lagota.ch\/index.php?rest_route=\/wp\/v2\/users\/1"}],"replies":[{"embeddable":true,"href":"https:\/\/www.lagota.ch\/index.php?rest_route=%2Fwp%2Fv2%2Fcomments&post=2703"}],"version-history":[{"count":1,"href":"https:\/\/www.lagota.ch\/index.php?rest_route=\/wp\/v2\/posts\/2703\/revisions"}],"predecessor-version":[{"id":2705,"href":"https:\/\/www.lagota.ch\/index.php?rest_route=\/wp\/v2\/posts\/2703\/revisions\/2705"}],"wp:attachment":[{"href":"https:\/\/www.lagota.ch\/index.php?rest_route=%2Fwp%2Fv2%2Fmedia&parent=2703"}],"wp:term":[{"taxonomy":"category","embeddable":true,"href":"https:\/\/www.lagota.ch\/index.php?rest_route=%2Fwp%2Fv2%2Fcategories&post=2703"},{"taxonomy":"post_tag","embeddable":true,"href":"https:\/\/www.lagota.ch\/index.php?rest_route=%2Fwp%2Fv2%2Ftags&post=2703"}],"curies":[{"name":"wp","href":"https:\/\/api.w.org\/{rel}","templated":true}]}}