{"id":2707,"date":"2017-02-06T15:46:06","date_gmt":"2017-02-06T14:46:06","guid":{"rendered":"http:\/\/www.lagota.ch\/?p=2707"},"modified":"2017-02-06T15:46:06","modified_gmt":"2017-02-06T14:46:06","slug":"bericht-zur-demo-die-schweiz-hat-ein-rassismusproblem","status":"publish","type":"post","link":"https:\/\/www.lagota.ch\/?p=2707","title":{"rendered":"Bericht zur Demo: Die Schweiz hat ein Rassismusproblem"},"content":{"rendered":"<p><strong>Gut 1.300 bis 1.500 Menschen nahmen heute an der Antirassismus-Demo in Bern teil. Zahlreiche Gruppen und Einzelpersonen beteiligten sich mit Transparenten, Schildern, Flyern oder Klebern und trugen zu einer lautstarken Stimmung bei. Zudem wurden 1.000 Flyer mit rund 10.000 Klebern und einer Postkarte f\u00fcr Nekane als Beilage verteilt. Die Texte in den Flyern thematisierten den Rassismus in der Schweiz, die Inhaftierung von Nekane, die Rolle der Schweiz bei den Fluchtursachen we<\/strong><span class=\"text_exposed_show\"><strong>ltweit und den Aufruf zu den Gegenmobilisierungen am 18. M\u00e4rz.<\/strong><\/p>\n<p><\/span><\/p>\n<div class=\"text_exposed_show\">\n<p>Besonders auffallend waren das enorme Polizeiaufgebot und die Einsch\u00fcchterungsversuche der Staatsgewalt. Nachdem hin und her bez\u00fcglich der Demo-Route, markierten bereits am Mittag diverse Kastenw\u00e4gen der Polizei in der Innenstadt ihre Pr\u00e4senz. Nebst dem Kamerawagen, der von Anfang bis Ende die Demonstration systematisch abfilmte, fotografierten Zivis Teilnehmer*innen der Demo ab. Bern entwickelt sich kontinuierlich in eine repressive Polizeistadt \u00e0 la Kurt Wasserfallen.<\/p>\n<p>Nichtsdestotrotz zeigte die gr\u00f6sse der Demo, dass Rassismus in der Schweiz nicht totgeschwiegen oder ignoriert werden kann. Diesbez\u00fcglich m\u00f6chten wir nochmal auf die Gegenmobilisierung am 18. M\u00e4rz und der Antifa-Kampagne\u00a0<a class=\"_58cn\" href=\"https:\/\/www.facebook.com\/hashtag\/antifarally?source=feed_text&amp;story_id=775511805930511\" data-ft=\"{&quot;tn&quot;:&quot;*N&quot;,&quot;type&quot;:104}\"><span class=\"_5afx\"><span class=\"_58cl _5afz\">#<\/span><span class=\"_58cm\">antifarally<\/span><\/span><\/a>\u00a0aufmerksam machen.<\/p>\n<div id=\"foogallery-gallery-1305\" class=\"foogallery-container foogallery-default foogallery-link-image foogallery-lightbox-foobox-free spacing-width-10 hover-effect-zoom  border-style-inset alignment-center hover-caption-simple fbx-instance\"><a class=\"fbx-link\" href=\"http:\/\/anarchistisch.ch\/wp-content\/uploads\/Bild2-1.jpg\" data-attachment-id=\"1324\"><img loading=\"lazy\" decoding=\"async\" src=\"http:\/\/anarchistisch.ch\/wp-content\/uploads\/cache\/Bild2-1\/2458168267.jpg\" alt=\"\" width=\"150\" height=\"150\" \/><\/a><a class=\"fbx-link\" href=\"http:\/\/anarchistisch.ch\/wp-content\/uploads\/18-1.jpg\" data-attachment-id=\"1322\"><img loading=\"lazy\" decoding=\"async\" src=\"http:\/\/anarchistisch.ch\/wp-content\/uploads\/cache\/18-1\/1857174309.jpg\" alt=\"\" width=\"150\" height=\"150\" \/><\/a><a class=\"fbx-link\" href=\"http:\/\/anarchistisch.ch\/wp-content\/uploads\/11-3.jpg\" data-attachment-id=\"1316\"><img loading=\"lazy\" decoding=\"async\" src=\"http:\/\/anarchistisch.ch\/wp-content\/uploads\/cache\/11-3\/3498186642.jpg\" alt=\"\" width=\"150\" height=\"150\" \/><\/a><a class=\"fbx-link\" href=\"http:\/\/anarchistisch.ch\/wp-content\/uploads\/7-5.jpg\" data-attachment-id=\"1312\"><img loading=\"lazy\" decoding=\"async\" src=\"http:\/\/anarchistisch.ch\/wp-content\/uploads\/cache\/7-5\/1155978834.jpg\" alt=\"\" width=\"150\" height=\"150\" \/><\/a><a class=\"fbx-link\" href=\"http:\/\/anarchistisch.ch\/wp-content\/uploads\/3-10.jpg\" data-attachment-id=\"1308\"><img loading=\"lazy\" decoding=\"async\" src=\"http:\/\/anarchistisch.ch\/wp-content\/uploads\/cache\/3-10\/1896315315.jpg\" alt=\"\" width=\"150\" height=\"150\" \/><\/a><a class=\"fbx-link\" href=\"http:\/\/anarchistisch.ch\/wp-content\/uploads\/Bild1-1.jpg\" data-attachment-id=\"1323\"><img loading=\"lazy\" decoding=\"async\" src=\"http:\/\/anarchistisch.ch\/wp-content\/uploads\/cache\/Bild1-1\/2041778376.jpg\" alt=\"\" width=\"150\" height=\"150\" \/><\/a><a class=\"fbx-link\" href=\"http:\/\/anarchistisch.ch\/wp-content\/uploads\/2-8.jpg\" data-attachment-id=\"1307\"><img loading=\"lazy\" decoding=\"async\" src=\"http:\/\/anarchistisch.ch\/wp-content\/uploads\/cache\/2-8\/969541831.jpg\" alt=\"\" width=\"150\" height=\"150\" \/><\/a><a class=\"fbx-link\" href=\"http:\/\/anarchistisch.ch\/wp-content\/uploads\/4-10.jpg\" data-attachment-id=\"1309\"><img loading=\"lazy\" decoding=\"async\" src=\"http:\/\/anarchistisch.ch\/wp-content\/uploads\/cache\/4-10\/1480354864.jpg\" alt=\"\" width=\"150\" height=\"150\" \/><\/a><a class=\"fbx-link\" href=\"http:\/\/anarchistisch.ch\/wp-content\/uploads\/5-6.jpg\" data-attachment-id=\"1310\"><img loading=\"lazy\" decoding=\"async\" src=\"http:\/\/anarchistisch.ch\/wp-content\/uploads\/cache\/5-6\/3466330508.jpg\" alt=\"\" width=\"150\" height=\"150\" \/><\/a><a class=\"fbx-link\" href=\"http:\/\/anarchistisch.ch\/wp-content\/uploads\/6-6.jpg\" data-attachment-id=\"1311\"><img loading=\"lazy\" decoding=\"async\" src=\"http:\/\/anarchistisch.ch\/wp-content\/uploads\/cache\/6-6\/632011407.jpg\" alt=\"\" width=\"150\" height=\"150\" \/><\/a><a class=\"fbx-link\" href=\"http:\/\/anarchistisch.ch\/wp-content\/uploads\/9-4.jpg\" data-attachment-id=\"1314\"><img loading=\"lazy\" decoding=\"async\" src=\"http:\/\/anarchistisch.ch\/wp-content\/uploads\/cache\/9-4\/2525357695.jpg\" alt=\"\" width=\"150\" height=\"150\" \/><\/a><a class=\"fbx-link\" href=\"http:\/\/anarchistisch.ch\/wp-content\/uploads\/12-4.jpg\" data-attachment-id=\"1317\"><img loading=\"lazy\" decoding=\"async\" src=\"http:\/\/anarchistisch.ch\/wp-content\/uploads\/cache\/12-4\/829465992.jpg\" alt=\"\" width=\"150\" height=\"150\" \/><\/a><a class=\"fbx-link\" href=\"http:\/\/anarchistisch.ch\/wp-content\/uploads\/10-3.jpg\" data-attachment-id=\"1315\"><img loading=\"lazy\" decoding=\"async\" src=\"http:\/\/anarchistisch.ch\/wp-content\/uploads\/cache\/10-3\/1061190828.jpg\" alt=\"\" width=\"150\" height=\"150\" \/><\/a><a class=\"fbx-link\" href=\"http:\/\/anarchistisch.ch\/wp-content\/uploads\/8-5.jpg\" data-attachment-id=\"1313\"><img loading=\"lazy\" decoding=\"async\" src=\"http:\/\/anarchistisch.ch\/wp-content\/uploads\/cache\/8-5\/3052244447.jpg\" alt=\"\" width=\"150\" height=\"150\" \/><\/a><a class=\"fbx-link\" href=\"http:\/\/anarchistisch.ch\/wp-content\/uploads\/1-11.jpg\" data-attachment-id=\"1306\"><img loading=\"lazy\" decoding=\"async\" src=\"http:\/\/anarchistisch.ch\/wp-content\/uploads\/cache\/1-11\/3854680300.jpg\" alt=\"\" width=\"150\" height=\"150\" \/><\/a><a class=\"fbx-link\" href=\"http:\/\/anarchistisch.ch\/wp-content\/uploads\/15-1.jpg\" data-attachment-id=\"1319\"><img loading=\"lazy\" decoding=\"async\" src=\"http:\/\/anarchistisch.ch\/wp-content\/uploads\/cache\/15-1\/2605494421.jpg\" alt=\"\" width=\"150\" height=\"150\" \/><\/a><a class=\"fbx-link\" href=\"http:\/\/anarchistisch.ch\/wp-content\/uploads\/14-3.jpg\" data-attachment-id=\"1318\"><img loading=\"lazy\" decoding=\"async\" src=\"http:\/\/anarchistisch.ch\/wp-content\/uploads\/cache\/14-3\/917232854.jpg\" alt=\"\" width=\"150\" height=\"150\" \/><\/a><a class=\"fbx-link\" href=\"http:\/\/anarchistisch.ch\/wp-content\/uploads\/16-1.jpg\" data-attachment-id=\"1320\"><img loading=\"lazy\" decoding=\"async\" src=\"http:\/\/anarchistisch.ch\/wp-content\/uploads\/cache\/16-1\/1887112086.jpg\" alt=\"\" width=\"150\" height=\"150\" \/><\/a><a class=\"fbx-link\" href=\"http:\/\/anarchistisch.ch\/wp-content\/uploads\/17-1.jpg\" data-attachment-id=\"1321\"><img loading=\"lazy\" decoding=\"async\" src=\"http:\/\/anarchistisch.ch\/wp-content\/uploads\/cache\/17-1\/2679726248.jpg\" alt=\"\" width=\"150\" height=\"150\" \/><\/a><\/div>\n<\/div>\n<p><span class=\"text_exposed_show\">\u00a0<\/span><\/p>\n","protected":false},"excerpt":{"rendered":"<p>Gut 1.300 bis 1.500 Menschen nahmen heute an der Antirassismus-Demo in Bern teil. Zahlreiche Gruppen und Einzelpersonen beteiligten sich mit Transparenten, Schildern, Flyern oder Klebern und trugen zu einer lautstarken Stimmung bei. Zudem wurden 1.000 Flyer mit rund 10.000 Klebern und einer Postkarte f\u00fcr Nekane als Beilage verteilt. Die Texte in den Flyern thematisierten den Rassismus in der Schweiz, die Inhaftierung von Nekane, die Rolle der Schweiz bei den Fluchtursachen weltweit und den Aufruf zu den Gegenmobilisierungen am 18. M\u00e4rz. <a href=\"https:\/\/www.lagota.ch\/?p=2707\">Continue reading <span class=\"meta-nav\">&rarr;<\/span><\/a><\/p>\n","protected":false},"author":1,"featured_media":0,"comment_status":"closed","ping_status":"open","sticky":false,"template":"","format":"standard","meta":{"footnotes":""},"categories":[13,328,6,16],"tags":[1159,911,103,1152],"class_list":["post-2707","post","type-post","status-publish","format-standard","hentry","category-antifa","category-antira","category-news","category-schweiz","tag-antira","tag-nekane","tag-rassismus","tag-schweiz"],"_links":{"self":[{"href":"https:\/\/www.lagota.ch\/index.php?rest_route=\/wp\/v2\/posts\/2707","targetHints":{"allow":["GET"]}}],"collection":[{"href":"https:\/\/www.lagota.ch\/index.php?rest_route=\/wp\/v2\/posts"}],"about":[{"href":"https:\/\/www.lagota.ch\/index.php?rest_route=\/wp\/v2\/types\/post"}],"author":[{"embeddable":true,"href":"https:\/\/www.lagota.ch\/index.php?rest_route=\/wp\/v2\/users\/1"}],"replies":[{"embeddable":true,"href":"https:\/\/www.lagota.ch\/index.php?rest_route=%2Fwp%2Fv2%2Fcomments&post=2707"}],"version-history":[{"count":1,"href":"https:\/\/www.lagota.ch\/index.php?rest_route=\/wp\/v2\/posts\/2707\/revisions"}],"predecessor-version":[{"id":2708,"href":"https:\/\/www.lagota.ch\/index.php?rest_route=\/wp\/v2\/posts\/2707\/revisions\/2708"}],"wp:attachment":[{"href":"https:\/\/www.lagota.ch\/index.php?rest_route=%2Fwp%2Fv2%2Fmedia&parent=2707"}],"wp:term":[{"taxonomy":"category","embeddable":true,"href":"https:\/\/www.lagota.ch\/index.php?rest_route=%2Fwp%2Fv2%2Fcategories&post=2707"},{"taxonomy":"post_tag","embeddable":true,"href":"https:\/\/www.lagota.ch\/index.php?rest_route=%2Fwp%2Fv2%2Ftags&post=2707"}],"curies":[{"name":"wp","href":"https:\/\/api.w.org\/{rel}","templated":true}]}}