{"id":2716,"date":"2017-02-24T12:32:36","date_gmt":"2017-02-24T11:32:36","guid":{"rendered":"http:\/\/www.lagota.ch\/?p=2716"},"modified":"2017-02-24T12:32:36","modified_gmt":"2017-02-24T11:32:36","slug":"zwangsraumungen-rachen-sich","status":"publish","type":"post","link":"https:\/\/www.lagota.ch\/?p=2716","title":{"rendered":"Zwangsr\u00e4umungen r\u00e4chen sich!"},"content":{"rendered":"<div class=\"entry-content\">\n<p>Quelle: <a href=\"http:\/\/revolution\u00e4r.ch\/?p=2950\">http:\/\/revolution\u00e4r.ch\/?p=2950<\/a><\/p>\n<p>Das seit rund drei Monaten besetzte Haus an der Effingerstrasse 29 wurde am fr\u00fchen Mittwoch Morgen von der Polizei ger\u00e4umt. Die Besetzer*innen zeigten grossen Kampfgeist und leisteten bis zum Schluss Widerstand. Durch den Angriff der Polizei auf das neu belebte und bewohnte Haus, \u00a0wurden die Bewohner*innen dazu veranlasst sich zu verteidigen. Sie z\u00fcndeten Feuerwerk und bewarfen die Polizei mit Farbe &amp; Mobiliar. Die Polizei reagierte ihrerseits mit Pfefferspray, Schockgranaten und Gummischrot. Die R\u00e4umung konnte durch den Widerstand massiv erschwert werden, dies zeigte klar auf, dass das Eingehen auf die Angebote der Besetzenden f\u00fcr alle Beteiligten sinnvoller gewesen w\u00e4re. Doch das BBL (Bundesamt f\u00fcr Bauten und Logistik) schaltete auf stur und will nun lieber eine Liegenschaft leer stehen und bewachen lassen, als sie zur zwischenzeitlichen Nutzung freizugeben. Dies zeigt nur einmal mehr, in was f\u00fcr einem kranken System wir leben. In einem System in dem die Aussicht auf m\u00f6gliche Profite den menschlichen Interessen vorgezogen wird.<\/p>\n<div id=\"gallery-1\" class=\"gallery galleryid-2950 gallery-columns-4 gallery-size-thumbnail\">\n<dl class=\"gallery-item\">\n<dt class=\"gallery-icon landscape\"><a href=\"http:\/\/xn--revolutionr-u8a.ch\/?attachment_id=2954\"><img loading=\"lazy\" decoding=\"async\" class=\"attachment-thumbnail size-thumbnail\" src=\"http:\/\/xn--revolutionr-u8a.ch\/wordpress\/wp-content\/uploads\/2017\/02\/headers_Effy-150x150.jpg\" alt=\"\" width=\"150\" height=\"150\" \/><\/a><\/dt>\n<\/dl>\n<dl class=\"gallery-item\">\n<dt class=\"gallery-icon portrait\"><a href=\"http:\/\/xn--revolutionr-u8a.ch\/?attachment_id=2951\"><img loading=\"lazy\" decoding=\"async\" class=\"attachment-thumbnail size-thumbnail\" src=\"http:\/\/xn--revolutionr-u8a.ch\/wordpress\/wp-content\/uploads\/2017\/02\/BMW_Effy-150x150.jpg\" alt=\"\" width=\"150\" height=\"150\" \/><\/a><\/dt>\n<\/dl>\n<dl class=\"gallery-item\">\n<dt class=\"gallery-icon portrait\"><a href=\"http:\/\/xn--revolutionr-u8a.ch\/?attachment_id=2955\"><img loading=\"lazy\" decoding=\"async\" class=\"attachment-thumbnail size-thumbnail\" src=\"http:\/\/xn--revolutionr-u8a.ch\/wordpress\/wp-content\/uploads\/2017\/02\/sanitass_Effy-150x150.jpg\" alt=\"\" width=\"150\" height=\"150\" \/><\/a><\/dt>\n<\/dl>\n<dl class=\"gallery-item\">\n<dt class=\"gallery-icon landscape\"><a href=\"http:\/\/xn--revolutionr-u8a.ch\/?attachment_id=2953\"><img loading=\"lazy\" decoding=\"async\" class=\"attachment-thumbnail size-thumbnail\" src=\"http:\/\/xn--revolutionr-u8a.ch\/wordpress\/wp-content\/uploads\/2017\/02\/UBS_Effy-150x150.jpg\" alt=\"\" width=\"150\" height=\"150\" \/><\/a><\/dt>\n<\/dl>\n<\/div>\n<p>Mit dieser Logik des Kapitalismus gehen jedoch lange nicht alle mit. So formierte sich -nach zahlreichen Protesten w\u00e4hrend der R\u00e4umung- auch am Abend ein wilder Umzug durch das trendige und gentrifizierte Quartier L\u00e4nggasse. Auf dem Weg konnten verantwortliche der Stadtaufwertung (was soviel heisst wie Verdr\u00e4ngung der finanziell schw\u00e4cheren Menschen aus dem Quartier) markiert und angegriffen werden. So bekamen zum Beispiel die UBS, ein 60\u2019000 BMW oder die Versicherungsagenturen Sanitas und Helvetia ihre Portion der angestauten Wut ab.<\/p>\n<p>Die Verhafteten EFFY29 Besetzer*innen wurden am sp\u00e4ten Abend wieder freigelassen. Einer von ihnen wurde durch eine Schockgranate der Polizei schwer an der Hand verletzt.<\/p>\n<p>In den kommenden Tagen wird es weiter Aktionen zum Thema Gentrifizierung &amp; Stadtaufwertung geben. Kommt bereits am Donnerstag um 12Uhr zum besetzten Geb\u00e4ude \u201eFabrikool\u201c an der Fabrikstrasse neben der \u201evonRoll Uni\u201c. Wenn es nach der Stadt ginge, sollte dieses Geb\u00e4ude ab Donnerstag Mittag auch lieber wieder leer stehen, so wurde auch dort bereits eine R\u00e4umung angedoht! Zeigen wir uns Solidarisch und besuchen die Besetzenden!<\/p>\n<p><strong>Ob Fabrikool oder Effy, Osterhasen oder Cafi! Wir bleiben alle\u2026 \u2026oder kommen wieder!<\/strong><\/p>\n<\/div>\n","protected":false},"excerpt":{"rendered":"<p>Das seit rund drei Monaten besetzte Haus an der Effingerstrasse 29 wurde am fr\u00fchen Mittwoch Morgen von der Polizei ger\u00e4umt. Die Besetzer*innen zeigten grossen Kampfgeist und leisteten bis zum Schluss Widerstand. Durch den Angriff der Polizei auf das neu belebte und bewohnte Haus,  wurden die Bewohner*innen dazu veranlasst sich zu verteidigen. Sie z\u00fcndeten Feuerwerk und bewarfen die Polizei mit Farbe &#038; Mobiliar. Die Polizei reagierte ihrerseits mit Pfefferspray, Schockgranaten und Gummischrot. <a href=\"https:\/\/www.lagota.ch\/?p=2716\">Continue reading <span class=\"meta-nav\">&rarr;<\/span><\/a><\/p>\n","protected":false},"author":1,"featured_media":0,"comment_status":"closed","ping_status":"open","sticky":false,"template":"","format":"standard","meta":{"footnotes":""},"categories":[6,16,18],"tags":[102,956,1158,95,92],"class_list":["post-2716","post","type-post","status-publish","format-standard","hentry","category-news","category-schweiz","category-squat-the-world","tag-bern","tag-effy","tag-gentrifizierung","tag-raumung","tag-squat"],"_links":{"self":[{"href":"https:\/\/www.lagota.ch\/index.php?rest_route=\/wp\/v2\/posts\/2716","targetHints":{"allow":["GET"]}}],"collection":[{"href":"https:\/\/www.lagota.ch\/index.php?rest_route=\/wp\/v2\/posts"}],"about":[{"href":"https:\/\/www.lagota.ch\/index.php?rest_route=\/wp\/v2\/types\/post"}],"author":[{"embeddable":true,"href":"https:\/\/www.lagota.ch\/index.php?rest_route=\/wp\/v2\/users\/1"}],"replies":[{"embeddable":true,"href":"https:\/\/www.lagota.ch\/index.php?rest_route=%2Fwp%2Fv2%2Fcomments&post=2716"}],"version-history":[{"count":1,"href":"https:\/\/www.lagota.ch\/index.php?rest_route=\/wp\/v2\/posts\/2716\/revisions"}],"predecessor-version":[{"id":2717,"href":"https:\/\/www.lagota.ch\/index.php?rest_route=\/wp\/v2\/posts\/2716\/revisions\/2717"}],"wp:attachment":[{"href":"https:\/\/www.lagota.ch\/index.php?rest_route=%2Fwp%2Fv2%2Fmedia&parent=2716"}],"wp:term":[{"taxonomy":"category","embeddable":true,"href":"https:\/\/www.lagota.ch\/index.php?rest_route=%2Fwp%2Fv2%2Fcategories&post=2716"},{"taxonomy":"post_tag","embeddable":true,"href":"https:\/\/www.lagota.ch\/index.php?rest_route=%2Fwp%2Fv2%2Ftags&post=2716"}],"curies":[{"name":"wp","href":"https:\/\/api.w.org\/{rel}","templated":true}]}}