{"id":2740,"date":"2017-04-05T08:56:37","date_gmt":"2017-04-05T07:56:37","guid":{"rendered":"http:\/\/www.lagota.ch\/?p=2740"},"modified":"2017-04-05T08:56:37","modified_gmt":"2017-04-05T07:56:37","slug":"luzerner-polizei-raumt-zweite-gundula-besetzung","status":"publish","type":"post","link":"https:\/\/www.lagota.ch\/?p=2740","title":{"rendered":"Luzerner Polizei r\u00e4umt zweite \u00abGundula\u00bb-Besetzung"},"content":{"rendered":"<p><strong>Die Luzerner Polizei greift gegen Hausbesetzer durch: Das seit Freitag besetzte Haus an der Obergrundstrasse 101 wurde am Dienstagnachmittag ger\u00e4umt. Die Ordnungsh\u00fcter haben bisher vier Personen festnommen. Gespr\u00e4che gab es vorg\u00e4ngig keine.<\/strong><\/p>\n<p>Am Dienstagnachmittag r\u00e4umte die Luzerner Polizei die Villa an der Obergrundstrasse 101. Dabei wurden laut der Polizei vier Personen festgenommen. Die Besetzer der Gruppe \u00abGundula\u00bb waren seit Freitag im Geb\u00e4ude. Mit Transparenten, Flugbl\u00e4ttern, Homepage und Facebookauftritt machte die Gruppe auf den Verfall der Villen mit der Hausnummer 99 und 101 aufmerksam, welche der Bodum Invest AG geh\u00f6ren.<\/p>\n<p>Seit Montagmorgen liegt die Anzeige bei der Staatsanwaltschaft auf. Am Dienstag ging also der R\u00e4umungsbefehl bei der Polizei ein. Die Polizei f\u00fchrte \u2013 anders als bei der Besetzung 2016 \u2013 keine Gespr\u00e4che mit den Besetzern. Die Villa wurde baulich abgeriegelt, wie die Polizei vermeldet.<\/p>\n<h4>Zwei Leute im Haus \u2013 Verhaftungen bei Demonstration<\/h4>\n<p>Bei den Festgenommenen handelt es sich um zwei Personen, die sich im Haus aufgehalten haben und um zwei demonstrierende Personen vor dem Geb\u00e4ude. Laut Polizeisprecher Simon Kopp m\u00fcssen sich diejenigen, die sich im Haus aufgehalten haben, wegen der illegalen Hausbesetzung verantworten m\u00fcssen.<\/p>\n<figure class=\"cs_img cs_fl_\"><img decoding=\"async\" src=\"https:\/\/www.zentralplus.ch\/get_img?ImageWidth=1200&amp;ImageHeight=900&amp;ImageId=7559743\" alt=\"Die Gundula-Besetzung in Luzern.\" \/><figcaption class=\"cs_img_caption\"> Die Gundula-Besetzung in Luzern. (Bild: pze) <\/figcaption><\/figure>\n<p>Zur Festnahme der Personen vor der Liegenschaft sei es gekommen, weil sich die Demonstranten einer Ausweiskontrolle entzogen h\u00e4tten. Sie m\u00fcssten sich nun wegen der Verweigerung einer Amtshandlung verantworten. Weiter pr\u00fcfe man, ob die Festgenommenen in Verbindung mit den Hausbesetzern stehen.<\/p>\n<p>Die Ermittlungen gehen aber noch weiter, da die Anzeige gegen Unbekannt einging, suche man nun alle Personen, welche sich ohne Bewilligung auf dem Grundst\u00fcck aufhielten. Dazu k\u00f6nnten theoretisch auch in diesem Jahr Journalisten geh\u00f6ren. Im letzten Jahr gab es mehrere Anzeigen gegen Medienvertreter, die Verfahren sind h\u00e4ngig (<a href=\"https:\/\/www.zentralplus.ch\/de\/news\/gesellschaft\/5512631\/Wie-sich-die-Luzerner-Polizei-von-Bodum-einspannen-l%C3%A4sst.htm\" target=\"_blank\">zentralplus berichtete<\/a>).<\/p>\n<p>Als die R\u00e4umung vonstatten ging, rief die \u00abGundula\u00bb-Gruppierung per Facebook ihre Mitglieder dazu auf, zur Obergrundstrasse zu kommen.<\/p>\n<p>Quelle: <a href=\"https:\/\/www.zentralplus.ch\/de\/news\/aktuell\/5530622\/Luzerner-Polizei-r%C3%A4umt-zweite-%C2%ABGundula%C2%BB-Besetzung.htm\">https:\/\/www.zentralplus.ch\/de\/news\/aktuell\/5530622\/Luzerner-Polizei-r%C3%A4umt-zweite-%C2%ABGundula%C2%BB-Besetzung.htm<\/a><\/p>\n","protected":false},"excerpt":{"rendered":"<p>Die Luzerner Polizei greift gegen Hausbesetzer durch: Das seit Freitag besetzte Haus an der Obergrundstrasse 101 wurde am Dienstagnachmittag ger\u00e4umt. Die Ordnungsh\u00fcter haben bisher vier Personen festnommen. Gespr\u00e4che gab es vorg\u00e4ngig keine. <a href=\"https:\/\/www.lagota.ch\/?p=2740\">Continue reading <span class=\"meta-nav\">&rarr;<\/span><\/a><\/p>\n","protected":false},"author":1,"featured_media":0,"comment_status":"closed","ping_status":"open","sticky":false,"template":"","format":"standard","meta":{"footnotes":""},"categories":[49,11,16,18],"tags":[883,966,881,965,95],"class_list":["post-2740","post","type-post","status-publish","format-standard","hentry","category-antirep","category-luzern","category-schweiz","category-squat-the-world","tag-bodum","tag-ftp","tag-gundula","tag-manuela-jost","tag-raumung"],"_links":{"self":[{"href":"https:\/\/www.lagota.ch\/index.php?rest_route=\/wp\/v2\/posts\/2740","targetHints":{"allow":["GET"]}}],"collection":[{"href":"https:\/\/www.lagota.ch\/index.php?rest_route=\/wp\/v2\/posts"}],"about":[{"href":"https:\/\/www.lagota.ch\/index.php?rest_route=\/wp\/v2\/types\/post"}],"author":[{"embeddable":true,"href":"https:\/\/www.lagota.ch\/index.php?rest_route=\/wp\/v2\/users\/1"}],"replies":[{"embeddable":true,"href":"https:\/\/www.lagota.ch\/index.php?rest_route=%2Fwp%2Fv2%2Fcomments&post=2740"}],"version-history":[{"count":1,"href":"https:\/\/www.lagota.ch\/index.php?rest_route=\/wp\/v2\/posts\/2740\/revisions"}],"predecessor-version":[{"id":2741,"href":"https:\/\/www.lagota.ch\/index.php?rest_route=\/wp\/v2\/posts\/2740\/revisions\/2741"}],"wp:attachment":[{"href":"https:\/\/www.lagota.ch\/index.php?rest_route=%2Fwp%2Fv2%2Fmedia&parent=2740"}],"wp:term":[{"taxonomy":"category","embeddable":true,"href":"https:\/\/www.lagota.ch\/index.php?rest_route=%2Fwp%2Fv2%2Fcategories&post=2740"},{"taxonomy":"post_tag","embeddable":true,"href":"https:\/\/www.lagota.ch\/index.php?rest_route=%2Fwp%2Fv2%2Ftags&post=2740"}],"curies":[{"name":"wp","href":"https:\/\/api.w.org\/{rel}","templated":true}]}}