{"id":2750,"date":"2017-04-21T12:04:37","date_gmt":"2017-04-21T11:04:37","guid":{"rendered":"http:\/\/www.lagota.ch\/?p=2750"},"modified":"2017-04-21T12:04:49","modified_gmt":"2017-04-21T11:04:49","slug":"politwochenende-22-23-april-2017","status":"publish","type":"post","link":"https:\/\/www.lagota.ch\/?p=2750","title":{"rendered":"Politwochenende 22.-23. April 2017 in Z\u00fcrich"},"content":{"rendered":"<p>Das revolution\u00e4re Politwochenende zum 1. Mai 2017 &#8211; mit G\u00e4sten aus der T\u00fcrkei, Spanien, Deutschland oder den USA, mit Themen wie Rojava, linke Kultur, faschistische Netzwerke oder Internationalismus.<\/p>\n<p>Samstag, 22 April mit John L\u00fctten (<strong>Rebellion als Massenbetrug<\/strong>) und zwei Veranstaltungen zu der Situation in Rojava (<strong>T\u00fcrkei und Rojava: Aus dem Inneren des Krieges<\/strong>). Sonntag, 23. April mit\u00a0Markus Bernhardt (Internationale Netzwerke der militanten Fascho-Szene am Beispiel Unterwasser), Fragen zur <strong>linken Strategie gegen rechte Hetze<\/strong> und\u00a0Jeremy Glick (<strong>Widerstand in den USA \u2013 Aktuelle Herausforderungen der revolution\u00e4ren Bewegung in den USA<\/strong>). Jeweils ab 14:00 auf dem Kanzleiareal Z\u00fcrich<\/p>\n<h2>Samstag, 22. April:<\/h2>\n<p><strong>14:30: Rebellion als Massenbetrug<\/strong><\/p>\n<p>Der Mainstream der linken Pop- und Subkultur gibt sich radikal, ist aber v\u00f6llig konformistisch.<\/p>\n<p>Der gegenw\u00e4rtige Kapitalismus setzt nicht nur auf Repression und Unterdr\u00fcckung, sondern verkleidet Herrschaft mit repressiver Toleranz: Er greift W\u00fcnsche nach Emanzipation, Autonomie und Pluralit\u00e4t auf, um sie zu vereinnahmen und sich so zu modernisieren. Nicht alles, was \u00bbsubversiv\u00ab und \u00bbkritisch\u00ab daherkommt, ist es also auch. So auch der aktuelle Mainstream linker Pop- und Subkultur-Bands: Diverse \u00bbZeckenrapper\u00ab, Punkrock- und Electro-Bands, die von Labels wie Springstoff oder Audiolith vertrieben werden, geben sich nonkonform und rebellisch, sind aber eigentlich v\u00f6llig angepasst und kreuzbrav. Ihre Forderungen nach Diversit\u00e4t sind linksliberaler Common Sense, ihr Antifaschismus ist staatstragend, und ihr vermeintlicher Hedonismus nur neoliberaler Eskapismus. Das sagt einiges \u00fcber den Zustand der Linken aus \u2013 und macht es modernen Rechten umso leichter, sich als Opposition zu verkaufen. Referent: John L\u00fctten (Autor, Melodie &amp; Rhythmus), Organisiert von der Tierrechtsgruppe Z\u00fcrich<\/p>\n<p><strong>16:30: Soli-Versteigerung \u201c<a href=\"https:\/\/secoursrouge.org\/Solidaritatskampagne-mit-dem-Internationalen-Freiheitsbataillion-in-Rojava\">Celox f\u00fcr Rojava<\/a>\u201d<\/strong><\/p>\n<p>Win-Win f\u00fcr Z\u00fcrich und Rojava: Tolle Versteigerungsst\u00fccke und aktive Unterst\u00fctzung der K\u00e4mpfenden in Rojava.<\/p>\n<p><strong>17:00 &amp; 18:30: T\u00fcrkei und Rojava: Aus dem Inneren des Krieges<\/strong><\/p>\n<p>\u00dcber die Wichtigkeit der Herstellung revolution\u00e4rer Kampfeinheiten.<\/p>\n<p>In einem ersten Block spricht ein Repr\u00e4sentant der HDBH [Vereinigte Revolution\u00e4re Volksbewegung] \u00fcber die \u00dcberlegungen, die zu diesem B\u00fcndnis der verschiedenen bewaffnet k\u00e4mpfenden linken kurdischen wie t\u00fcrkischen Organisationen und Parteien der T\u00fcrkei gef\u00fchrt haben: \u201cEs gibt eine Kraft, eine Bewegung, die ausserhalb des staatlichen Zugriffs agiert: das ist die Guerilla. So lange die Guerillabewegng da ist, wird Erdogan Schwierigkeiten haben seine Regierung fortzuf\u00fchren\u201d (Riza Altun).<\/p>\n<p>Im zweiten Block berichteten spanische Gr\u00fcndungs-MitgliederInnen des Internationalen Freiheitsbataillons [IFB] in Rojava \u00fcber ihre Erfahrungen und die Rolle schlagkr\u00e4ftiger internationalistischer Verbindungen.<\/p>\n<h2>Sonntag, 23. April:<\/h2>\n<p><strong>14:00: Den Feind kennen. Internationale Netzwerke der militanten Fascho-Szene am Beispiel Unterwasser<\/strong><\/p>\n<p>Markus Bernhardt, Autor und Journalist, geht Verbindungen und Geldfl\u00fcssen zwischen dem Th\u00fcringer Faschisten-Sumpf und hiesigen Strukturen nach.<\/p>\n<p>Nicht erst seit dem \u201cRocktoberfest\u201d 2016 in Unterwasser (SG) ist bekannt, dass Neonazis gut vernetzt sind. Ein Teil der Organisator*innen des gr\u00f6ssten Neonazikonzerts der Nachkriegsgeschichte stammen aus Deutschland bzw. aus Th\u00fcringen und ferner aus Sachsen, wohin auch ein Grossteil der betr\u00e4chtlichen Einnahmen flossen. Weitere Einnahmen gingen an das Umfeld von Ralf Wohlleben, welcher immer wieder mit dem Nationalsozialistischen Untergrund (NSU) in Verbindung gebracht wird. Der NSU war kein isoliertes Trio, welches einfach vom Versagen der Geheimdienste profitiert hat. Hinter Bank\u00fcberf\u00e4llen, Bombenanschl\u00e4gen und Morden steht vielmehr ein weitverzweigtes Neonazi-Netzwerk, das Infrastruktur, finanzielle Unterst\u00fctzung, ideologischen R\u00fcckhalt und Kommunikationskan\u00e4le bereitstellt.<\/p>\n<p lang=\"de-CH\">\u00dcber die Hintergr\u00fcnde solcher \u201cstaatsnaher\u201d Nazi-Strukturen, die aktuelle Entwicklung neofaschistischer Strukturen\/Parteien in der Bundesrepublik \u2013 insbesondere in Th\u00fcringen und Sachen \u2013 und deren internationale Vernetzung wird uns Markus Bernhardt informieren.<\/p>\n<p lang=\"de-CH\"><strong>15:30: Linke Strategien gegen rechte Hetze<\/strong><\/p>\n<p lang=\"de-CH\">Was tun gegen die Politik der Spaltung? Beitr\u00e4ge zur Analyse der aktuellen Rechtsentwicklung und zu revolution\u00e4ren Gegenstrategien.<\/p>\n<p lang=\"de-CH\">In der kapitalistischen Krise versch\u00e4rfen die Rechten ihre spalterische Politik. Vielerorts gewinnen rechte Parteien an Boden: sie bek\u00e4mpfen jede proletarische Solidarit\u00e4t und greifen soziale Errungenschaften an. Was hat die revolution\u00e4re Linke in so reaktion\u00e4ren Zeiten zu tun? Die Veranstaltung leistet Beitr\u00e4ge zur Analyse der Rechtsentwicklung und bietet den Rahmen f\u00fcr eine strategische Diskussion.<\/p>\n<p><strong>17:00: Widerstand in den USA \u2013 Aktuelle Herausforderungen der revolution\u00e4ren Bewegung in den USA<\/strong><\/p>\n<p>Jeremy Glick (Schriftsteller und Aktivist aus New York) berichtet \u00fcber die aktuelle Situation und die Geschichte der verschiedenen revolution\u00e4ren Bewegungen in den USA.<\/p>\n<p>Mit der politischen Krise in den USA ist der Widerstand auf der Strasse wieder zum Mittelpunkt linker Politik geworden. Massenhaft demonstrieren, blockieren und k\u00e4mpfen Ausgebeutete und Unterdr\u00fcckte t\u00e4glich gegen den Rechtsrutsch und f\u00fcr eine emanzipatorische Perspektive. F\u00fcr die verschiedenen revolution\u00e4ren Kr\u00e4fte in den USA sind dies neue Perspektiven und Herausforderungen. Wir sprechen mit dem Aktivisten Jeremy Matthew Glick aus New York \u00fcber die Situation und die verschiedenen Ans\u00e4tze revolution\u00e4rer Bewegungen in den USA.<\/p>\n<p lang=\"de-CH\"><strong>Neben den Veranstaltungen gibt es Infozelte zu verschiedensten politischen Themen, Essen, Siebdruck, Barbetrieb und Infos rund um den 1. Mai!<\/strong><\/p>\n<p>Quelle: <a href=\"http:\/\/www.aufbau.org\/index.php\/arbeitskampf-5\/2354-politwochenende-22-23-april\">http:\/\/www.aufbau.org\/index.php\/arbeitskampf-5\/2354-politwochenende-22-23-april<strong><br \/>\n<\/strong><\/a><\/p>\n","protected":false},"excerpt":{"rendered":"<p>Das revolution\u00e4re Politwochenende zum 1. Mai 2017 &#8211; mit G\u00e4sten aus der T\u00fcrkei, Spanien, Deutschland oder den USA, mit Themen wie Rojava, linke Kultur, faschistische Netzwerke oder Internationalismus. <a href=\"https:\/\/www.lagota.ch\/?p=2750\">Continue reading <span class=\"meta-nav\">&rarr;<\/span><\/a><\/p>\n","protected":false},"author":1,"featured_media":0,"comment_status":"closed","ping_status":"open","sticky":false,"template":"","format":"standard","meta":{"footnotes":""},"categories":[13,49,14,10,16,4,108],"tags":[264,1150,32,121],"class_list":["post-2750","post","type-post","status-publish","format-standard","hentry","category-antifa","category-antirep","category-arbeitskampf","category-aus-aller-welt","category-schweiz","category-veranstaltung","category-wirtschaftskrise","tag-1-mai","tag-arbeitskampf","tag-revolution","tag-zurich"],"_links":{"self":[{"href":"https:\/\/www.lagota.ch\/index.php?rest_route=\/wp\/v2\/posts\/2750","targetHints":{"allow":["GET"]}}],"collection":[{"href":"https:\/\/www.lagota.ch\/index.php?rest_route=\/wp\/v2\/posts"}],"about":[{"href":"https:\/\/www.lagota.ch\/index.php?rest_route=\/wp\/v2\/types\/post"}],"author":[{"embeddable":true,"href":"https:\/\/www.lagota.ch\/index.php?rest_route=\/wp\/v2\/users\/1"}],"replies":[{"embeddable":true,"href":"https:\/\/www.lagota.ch\/index.php?rest_route=%2Fwp%2Fv2%2Fcomments&post=2750"}],"version-history":[{"count":2,"href":"https:\/\/www.lagota.ch\/index.php?rest_route=\/wp\/v2\/posts\/2750\/revisions"}],"predecessor-version":[{"id":2752,"href":"https:\/\/www.lagota.ch\/index.php?rest_route=\/wp\/v2\/posts\/2750\/revisions\/2752"}],"wp:attachment":[{"href":"https:\/\/www.lagota.ch\/index.php?rest_route=%2Fwp%2Fv2%2Fmedia&parent=2750"}],"wp:term":[{"taxonomy":"category","embeddable":true,"href":"https:\/\/www.lagota.ch\/index.php?rest_route=%2Fwp%2Fv2%2Fcategories&post=2750"},{"taxonomy":"post_tag","embeddable":true,"href":"https:\/\/www.lagota.ch\/index.php?rest_route=%2Fwp%2Fv2%2Ftags&post=2750"}],"curies":[{"name":"wp","href":"https:\/\/api.w.org\/{rel}","templated":true}]}}