{"id":2756,"date":"2017-05-01T12:02:14","date_gmt":"2017-05-01T11:02:14","guid":{"rendered":"http:\/\/www.lagota.ch\/?p=2756"},"modified":"2017-05-01T12:02:14","modified_gmt":"2017-05-01T11:02:14","slug":"krieg-und-krise-haben-system-g20-entern-kapitalismus-versenken","status":"publish","type":"post","link":"https:\/\/www.lagota.ch\/?p=2756","title":{"rendered":"Krieg und Krise haben System \u2013 G20 entern Kapitalismus versenken!"},"content":{"rendered":"<p><strong><em>Anker lichten, Segel setzen und G20 entern!<br \/>\n<\/em><\/strong>Am 7. und 8. Juli treffen sich die Herrschenden zum G20-Gipfel in Hamburg. Eine kleine Gruppe von Menschen will Hamburg eine Woche lang in einen Belagerungszustand versetzen, in Hinterzimmern Waffendeals abschlie\u00dfen, um die Neuaufteilung der Welt pokern und somit das Leben und den Alltag mehrerer Milliarden Menschen bestimmen.<br \/>\n<a href=\"https:\/\/www.lagota.ch\/wp-content\/uploads\/g20entern.png\"><img loading=\"lazy\" decoding=\"async\" class=\"alignnone size-medium wp-image-2757\" src=\"https:\/\/www.lagota.ch\/wp-content\/uploads\/g20entern-212x300.png\" alt=\"g20entern\" width=\"212\" height=\"300\" srcset=\"https:\/\/www.lagota.ch\/wp-content\/uploads\/g20entern-212x300.png 212w, https:\/\/www.lagota.ch\/wp-content\/uploads\/g20entern.png 591w\" sizes=\"auto, (max-width: 212px) 100vw, 212px\" \/><\/a>Die untereinander konkurrierenden Regierungen und Konzerne streiten dabei jeweils um ihre eigene Vorherrschaft. Um ihre Interessen besser durchsetzen zu k\u00f6nnen bek\u00e4mpfen sie sich oder treffen Absprachen. Sie spielen sich als die Herren der Welt auf und sind das Symbol f\u00fcr globales Wirken kapitalistischer Konzerne, Banken und Nationen. Dabei st\u00fcrzen sie die Welt in Kriege, verschmutzen die Umwelt und schaffen tagt\u00e4glich mehr Elend.<br \/>\nSie sind Partner*in und Konkurrent*in zugleich. Es z\u00e4hlen nur Macht und Profite. Interessenssph\u00e4ren, Rohstoffreserven und Absatzm\u00e4rkte werden von den Staaten abgesteckt und mit milit\u00e4rischer Macht gesichert. Wettr\u00fcsten und Truppen\u00fcbungen der Superm\u00e4chte und ihrer Partner sollen Entschlossenheit signalisieren: Territorialkampf im Pazifik, die andauernde NATO-Osterweiterung, sowie die offen ausgetragenen Stellvertreterkriege in der Ukraine und in Syrien zeugen von der politischen Brisanz des G20-B\u00fcndnisses.<br \/>\nF\u00fcr uns steht es sinnbildlich f\u00fcr ein System, was Profit f\u00fcr Wenige und Ausbeutung und Krise f\u00fcr den Rest bedeutet. Dagegen gilt es entschlossen vorzugehen.<br \/>\nKommt gemeinsam mit uns auf die Stra\u00dfe, um ihnen bereits jetzt zu zeigen, dass wir nichts vom G20-Gipfel in Hamburg halten!<\/p>\n<p><strong>Die soziale Frage konkret stellen!<br \/>\n<\/strong>In Deutschland leben rund 16 Mio. Menschen in Angst vor Armut und sozialer Ausgrenzung, in der EU trifft das sogar auf ca. ein Viertel der Menschen zu. Die Lage der lohnabh\u00e4ngig Besch\u00e4ftigten in der Bundesrepublik Deutschland verschlechtert sich zunehmend. Wer noch eine Erwerbsarbeit hat, muss bef\u00fcrchten, mit deutlichen Lohneinbu\u00dfen zurechtkommen oder sie zu verlieren. Viele gehen aus Furcht vor der K\u00fcndigung sogar trotz Erkrankung in ihren Betrieb. Zahlreiche Belegschaften sind durch ungerechte Lohnpolitik und Arbeitsbedingungen gespalten. Viele leben und arbeiten vereinzelt und ohne soziale Beziehung zu ihren Mitmenschen. In den Chefetagen der Unternehmen wird nach dem Prinzip \u201eteile und herrsche\u201c versucht, entlang der innerbetrieblichen Arbeitsteilung die ArbeiterInnen in \u201eStammbelegschaft\u201c, LeiharbeiterInnen und Aushilfen oder nach Herkunft und Geschlecht auseinander zu spalten. Auf die Verschlechterungen der Arbeitsverh\u00e4ltnisse der einen folgt, fr\u00fcher oder sp\u00e4ter, die Verschlechterung der Arbeitsverh\u00e4ltnisse der anderen.<br \/>\nW\u00e4hrend die L\u00f6hne nie niedrig genug sein k\u00f6nnen, k\u00f6nnen die Mieten gar nicht hoch genug sein. Durch sogenannte Aufwertung der Stadtteile und Mietpreisexplosionen werden immer mehr von uns aus ihren Wohnvierteln verdr\u00e4ngt, um Platz f\u00fcr die Besserverdienenden zu schaffen. Prestigeprojekte und Wellness-Oasen f\u00fcr die Reichen und Sch\u00f6nen, wie die Elbphilharmonie und die Hafencity, sind im Kapitalismus wichtiger als die Bed\u00fcrfnisse und Interessen der Mehrheit der Bev\u00f6lkerung. Die Stadtentwicklung richtete sich nach der Profitlogik. Statt sozialem Wohnungsbau gibt es immer mehr B\u00fcrokomplexe.<br \/>\nDer Mechanismus aus Verdr\u00e4ngung, Niedriglohn und Arbeitslosengeld sorgt daf\u00fcr, dass diejenigen, die unten sind, dort auch gef\u00e4lligst bleiben sollen. Diesen Mechanismus gilt es zu durchbrechen! Gegen ihre Ausbeutung m\u00fcssen wir mit entschlossener Solidarit\u00e4t antworten.<\/p>\n<p><strong>Fluchtursachen bek\u00e4mpfen \u2013 Militarisierung entgegentreten!<br \/>\n<\/strong>Weil zahlreiche Staaten der Peripherie \u00fcber Jahrzehnte durch die imperialistische Politik des Westens \u00f6konomisch, politisch und milit\u00e4risch zerst\u00f6rt worden sind, m\u00fcssen Millionen Menschen fliehen. Die fr\u00fchere Willkommens-Rhetorik der Bundeskanzlerin darf weder \u00fcber diese Fluchtursachen noch dar\u00fcber hinwegt\u00e4uschen, dass die deutsche Wirtschaft die Fl\u00fcchtlinge als billige Arbeitskr\u00e4fte \u201eintegrieren\u201c will, w\u00e4hrend gleichzeitig die EU-Grenzen weiter aufger\u00fcstet werden. W\u00e4hrend Europa mit der T\u00fcrkei Deals aushandelt, m\u00fcssen wir mit der Forderung nach offene Grenzen, Wohnungen und Bewegungsfreiheit f\u00fcr alle antworten und die Hauptfluchtursache \u2013 den Imperialismus \u2013 bek\u00e4mpfen.<br \/>\nDer Hamburger Hafen fungiert dabei als Dreh- und Angelpunkt f\u00fcr Waffendeals. \u00dcber ihn werden pro Jahr Waffen im Wert von mindestens 360Mill. \u20ac umgeschlagen, Tendenz steigend. Der Umschlag ist aber bei weitem nicht der einzige Bereich, bei dem Hamburg an dem internationalen Waffenhandel teilnimmt: In Hamburg und dem nahen Umland sind 93 Unternehmen an der R\u00fcstungsproduktion beteiligt. In Saudi-Arabien werden deutsche Blendgranaten eingesetzt, in Mexiko mit deutschen Waffen auf Studenten geschossen und in der T\u00fcrkei mit deutschen Waffen B\u00fcrgerkriege gef\u00fchrt. Wir fordern ein Verbot von Waffenexporten, sowie eine Verurteilung der Verantwortlichen, die aus Krieg und Tod Profit schlagen!<\/p>\n<p><strong>Die Rechte zu Boden!<\/strong><br \/>\nDer nicht zu leugnende Rechtsruck in Europa ist ein Krisensymptom des Kapitalismus. Der Faschismus erw\u00e4chst aus den am meisten reaktion\u00e4ren und imperialistischsten Kr\u00e4ften innerhalb des Kapitalismus und wird dann zur Option, wenn kapitalistische Staaten ihre Krisen nicht mehr \u00f6konomisch l\u00f6sen k\u00f6nnen. Die Menschen werden gegeneinander ausgespielt, w\u00e4hrend rechte Rattenf\u00e4nger mit sozialer Manipulation versuchen sich als Fuchs im Schafspelz aufzuspielen. Die Rechten standen dabei aber niemals an der Seite der kleinen Leute, dies zeigt sich auch im neoliberalen und arbeiterfeindlichen Programm der AfD. Wir m\u00fcssen den neurechten Rassisten und Faschisten geschlossen entgegentreten und die Alternative zum Kapitalismus aufzeigen!<\/p>\n<p><strong>Unten gegen Oben!<br \/>\n<\/strong>W\u00e4hrend der G20-Gipfel f\u00fcr eine Welt voll Hunger und Tod steht, treten wir ein f\u00fcr ein System, das allen Menschen gleichen Zugang zu Essen, Unterkunft, Bildung, Medizin, Arbeit, Kultur und Technik erm\u00f6glicht. Die nachhaltige Nutzung von Ressourcen und der Aufbau einer Wirtschaftsform zum Wohle der Menschen und nicht f\u00fcr den Reichtum einiger weniger KapitalistInnen muss das Ziel der Menschheit sein.<br \/>\nWer will, dass sich an Ausbeutung und Unterdr\u00fcckung etwas \u00e4ndert, darf sich nicht nur mit Reformen zufriedengeben oder sich in der linken Szene und Subkultur verkriechen. Nur ein revolution\u00e4rer Bruch mit dem Kapitalismus bietet die M\u00f6glichkeit, eine andere Gesellschaft aufzubauen. Der 1. Mai ist auf der ganzen Welt der Kampftag der Werkt\u00e4tigen. \u00dcberall gehen die Menschen gemeinsam auf die Stra\u00dfe, um sich f\u00fcr ihre Rechte und eine bessere Gesellschaft stark zu machen. Lasst es uns ihnen gleichtun und Seite an Seite f\u00fcr die \u00dcberwindung dieses Systems k\u00e4mpfen!<br \/>\n<em>Stehen wir auf und wehren uns!<br \/>\n<\/em><em>Heraus zum revolution\u00e4ren 1. Mai!<\/p>\n<p>Quelle: http:\/\/g20-entern.org\/<br \/>\n<\/em><\/p>\n","protected":false},"excerpt":{"rendered":"<p>Am 7. und 8. Juli treffen sich die Herrschenden zum G20-Gipfel in Hamburg. Eine kleine Gruppe von Menschen will Hamburg eine Woche lang in einen Belagerungszustand versetzen, in Hinterzimmern Waffendeals abschlie\u00dfen, um die Neuaufteilung der Welt pokern und somit das Leben und den Alltag mehrerer Milliarden Menschen bestimmen. <a href=\"https:\/\/www.lagota.ch\/?p=2756\">Continue reading <span class=\"meta-nav\">&rarr;<\/span><\/a><\/p>\n","protected":false},"author":1,"featured_media":0,"comment_status":"closed","ping_status":"open","sticky":false,"template":"","format":"standard","meta":{"footnotes":""},"categories":[13,328,49,14,10,242,6,18,4,108],"tags":[972,610,76,37],"class_list":["post-2756","post","type-post","status-publish","format-standard","hentry","category-antifa","category-antira","category-antirep","category-arbeitskampf","category-aus-aller-welt","category-emanzipation","category-news","category-squat-the-world","category-veranstaltung","category-wirtschaftskrise","tag-g20","tag-hamburg","tag-kapitalismus","tag-krise"],"_links":{"self":[{"href":"https:\/\/www.lagota.ch\/index.php?rest_route=\/wp\/v2\/posts\/2756","targetHints":{"allow":["GET"]}}],"collection":[{"href":"https:\/\/www.lagota.ch\/index.php?rest_route=\/wp\/v2\/posts"}],"about":[{"href":"https:\/\/www.lagota.ch\/index.php?rest_route=\/wp\/v2\/types\/post"}],"author":[{"embeddable":true,"href":"https:\/\/www.lagota.ch\/index.php?rest_route=\/wp\/v2\/users\/1"}],"replies":[{"embeddable":true,"href":"https:\/\/www.lagota.ch\/index.php?rest_route=%2Fwp%2Fv2%2Fcomments&post=2756"}],"version-history":[{"count":1,"href":"https:\/\/www.lagota.ch\/index.php?rest_route=\/wp\/v2\/posts\/2756\/revisions"}],"predecessor-version":[{"id":2758,"href":"https:\/\/www.lagota.ch\/index.php?rest_route=\/wp\/v2\/posts\/2756\/revisions\/2758"}],"wp:attachment":[{"href":"https:\/\/www.lagota.ch\/index.php?rest_route=%2Fwp%2Fv2%2Fmedia&parent=2756"}],"wp:term":[{"taxonomy":"category","embeddable":true,"href":"https:\/\/www.lagota.ch\/index.php?rest_route=%2Fwp%2Fv2%2Fcategories&post=2756"},{"taxonomy":"post_tag","embeddable":true,"href":"https:\/\/www.lagota.ch\/index.php?rest_route=%2Fwp%2Fv2%2Ftags&post=2756"}],"curies":[{"name":"wp","href":"https:\/\/api.w.org\/{rel}","templated":true}]}}