{"id":2767,"date":"2017-06-01T17:14:38","date_gmt":"2017-06-01T16:14:38","guid":{"rendered":"http:\/\/www.lagota.ch\/?p=2767"},"modified":"2017-06-01T17:14:38","modified_gmt":"2017-06-01T16:14:38","slug":"300-schulerinnen-blockieren-abschiebung","status":"publish","type":"post","link":"https:\/\/www.lagota.ch\/?p=2767","title":{"rendered":"300 Sch\u00fclerInnen blockieren Abschiebung"},"content":{"rendered":"<p><strong><a href=\"https:\/\/www.lagota.ch\/wp-content\/uploads\/arton214-c523b-2d508.png\"><img loading=\"lazy\" decoding=\"async\" class=\"alignnone size-medium wp-image-2768\" src=\"https:\/\/www.lagota.ch\/wp-content\/uploads\/arton214-c523b-2d508-300x168.png\" alt=\"arton214-c523b-2d508\" width=\"300\" height=\"168\" srcset=\"https:\/\/www.lagota.ch\/wp-content\/uploads\/arton214-c523b-2d508-300x168.png 300w, https:\/\/www.lagota.ch\/wp-content\/uploads\/arton214-c523b-2d508.png 710w\" sizes=\"auto, (max-width: 300px) 100vw, 300px\" \/><\/a><\/p>\n<p>Am Mittwoch Morgen hat die Polizei Mittelfranken, einen 21 j\u00e4hrigen Afghanen aus seiner Klasse im Berufsschulzentrum Schoppershof verhaftet, um ihn mit der heutigen Sammelabschiebung nach Afghanistan zu deportieren. Die Polizei untersch\u00e4tzte dabei jedoch die Spontanit\u00e4t der Sch\u00fclerInnen, welche bereits letzen Mittwoch mit 200 Leuten gegen Abschiebungen von Mitsch\u00fclerInnen demonstrierten. Den 50 Sch\u00fclerInnen schlossen sich im Laufe der Zeit noch viele Sch\u00fclerInnen aus verschiedenen Schulen und AktivistInnen an, bis letzendlich die Menge auf 300 Leute anstieg, die auch den Versuch den Afghanen in einem anderen Streifenwagen wegzubringen blockierten.<\/p>\n<p><\/strong><\/p>\n<div class=\"crayon article-chapo-214 chapo\">\n<p>.<\/p>\n<\/div>\n<div class=\"surlignable\">\n<div class=\"crayon article-texte-214 texte-principal text\">\n<p><span class=\"spip_document_353 spip_documents spip_documents_right\"> <a href=\"https:\/\/barrikade.info\/home\/chroot_ml\/ml-barrikade\/ml-barrikade\/public_html\/local\/cache-vignettes\/L614xH462\/nuernberg31m51-da463.jpg?1496301166\" data-toggle=\"lightbox\" data-gallery=\"gallery\"><img loading=\"lazy\" decoding=\"async\" class=\"img-fluid col-12 col-sm-12 col-md-12 col-lg-12\" src=\"https:\/\/barrikade.info\/home\/chroot_ml\/ml-barrikade\/ml-barrikade\/public_html\/local\/cache-vignettes\/L614xH462\/nuernberg31m51-da463.jpg?1496301166\" alt=\"\" width=\"614\" height=\"462\" \/><\/a><\/span><\/p>\n<p>Letzendlich musste die Polizei Mittelfranken, das USK holen, welches gleich nach der Ankunft mit massiver Gewalt und dem Einsatz von Polizeihunden die Blockade aufl\u00f6ste. Unter dem Einsatz von massiver Gewalt, zog die Polizei den Afghanen aus dem Auto, um ihn in einen anderen Streifenwagen zu verfrachten, welcher mit einem gewalt\u00e4tigen Polizeispalier zur Schnellstra\u00dfe raste.<\/p>\n<p><span class=\"spip_document_345 spip_documents spip_documents_left\"> <a href=\"https:\/\/barrikade.info\/home\/chroot_ml\/ml-barrikade\/ml-barrikade\/public_html\/local\/cache-vignettes\/L614xH462\/nuernberg1-ba505.png?1496301166\" data-toggle=\"lightbox\" data-gallery=\"gallery\"><img loading=\"lazy\" decoding=\"async\" class=\"img-fluid col-12 col-sm-12 col-md-12 col-lg-12\" src=\"https:\/\/barrikade.info\/home\/chroot_ml\/ml-barrikade\/ml-barrikade\/public_html\/local\/cache-vignettes\/L614xH462\/nuernberg1-ba505.png?1496301166\" alt=\"\" width=\"614\" height=\"462\" \/><\/a><\/span><span class=\"spip_document_351 spip_documents spip_documents_right\"> <a href=\"https:\/\/barrikade.info\/home\/chroot_ml\/ml-barrikade\/ml-barrikade\/public_html\/local\/cache-vignettes\/L614xH462\/nuernberg31m9-f74b6.jpg?1496301167\" data-toggle=\"lightbox\" data-gallery=\"gallery\"><img loading=\"lazy\" decoding=\"async\" class=\"img-fluid col-12 col-sm-12 col-md-12 col-lg-12\" src=\"https:\/\/barrikade.info\/home\/chroot_ml\/ml-barrikade\/ml-barrikade\/public_html\/local\/cache-vignettes\/L614xH462\/nuernberg31m9-f74b6.jpg?1496301167\" alt=\"\" width=\"614\" height=\"462\" \/><\/a><\/span><\/p>\n<blockquote class=\"spip\"><p><strong>Die Menschen vor Ort haben mit aller physicher Kraft die Abschiebung stundenlang blockiert<\/strong>.<\/p><\/blockquote>\n<p>Anschlie\u00dfend demonstrierten die 300 Menschen vom Berufsschulzentrum zur Ausl\u00e4nderbeh\u00f6rde und forderten den Leiter und Schreibtischt\u00e4ter Olaf Kuch zu einem Gespr\u00e4ch auf, auf welches er sich nach kurzer Verhandlung einlie\u00df. Einen Delegation aus Sch\u00fclervertretung, Lehrerschaft und dem Fl\u00fcchtlings- und Migrationsrat der Stadt N\u00fcrnberg durfte daraufhin ein erfolgloses Gespr\u00e4ch mit Kuch f\u00fchren.<\/p>\n<p><span class=\"spip_document_349 spip_documents spip_documents_center\"> <a href=\"https:\/\/barrikade.info\/home\/chroot_ml\/ml-barrikade\/ml-barrikade\/public_html\/local\/cache-vignettes\/L614xH462\/nuernberg31m6-3f7b7.jpg?1496301167\" data-toggle=\"lightbox\" data-gallery=\"gallery\"><img loading=\"lazy\" decoding=\"async\" class=\"img-fluid col-12 col-sm-12 col-md-12 col-lg-12\" src=\"https:\/\/barrikade.info\/home\/chroot_ml\/ml-barrikade\/ml-barrikade\/public_html\/local\/cache-vignettes\/L614xH462\/nuernberg31m6-3f7b7.jpg?1496301167\" alt=\"\" width=\"614\" height=\"462\" \/><\/a><\/span><\/p>\n<p>W\u00e4hrend drau\u00dfen die Menschen Druck machten, erhielten wir auch die Nachricht, des Bombenaschlags in Kabul, welcher Innenminister DeMaiziere dazu veranlasste, zynischerwei\u00dfe, aus R\u00fccktsicht vor den Botschaftsmitarbeitern, die Abschiebung zu vertagen.<\/p>\n<p>Zu erw\u00e4hnen w\u00e4re noch, dass Angela Merkel zum gleichen Zeitpunkt eine Wahlkampfrede in der N\u00fcrnberger Messe hielt.<\/p>\n<p>Am vergangenen Mittwoch auf der Kundgebung der Berufssch\u00fclerInnen und am Samstag auf der Demonstration des B\u00fcndnis <i>Fluchtursachen bek\u00e4mpfen<\/i>, haben alle mehrfach klar gemacht, dass wir keine Abschiebungen dulden und alles versuchen werden, um diese zu verhindern.<\/p>\n<\/div>\n<\/div>\n<p><strong>Quelle: <a href=\"https:\/\/barrikade.info\/300-SchulerInnen-blockieren-Abschiebung-214\">https:\/\/barrikade.info\/300-SchulerInnen-blockieren-Abschiebung-214<\/a><br \/>\n<\/strong><\/p>\n","protected":false},"excerpt":{"rendered":"<p>Am Mittwoch Morgen hat die Polizei Mittelfranken, einen 21 j\u00e4hrigen Afghanen aus seiner Klasse im Berufsschulzentrum Schoppershof verhaftet, um ihn mit der heutigen Sammelabschiebung nach Afghanistan zu deportieren. Die Polizei untersch\u00e4tzte dabei jedoch die Spontanit\u00e4t der Sch\u00fclerInnen, welche bereits letzen Mittwoch mit 200 Leuten gegen Abschiebungen von Mitsch\u00fclerInnen demonstrierten. Den 50 Sch\u00fclerInnen schlossen sich im Laufe der Zeit noch viele Sch\u00fclerInnen aus verschiedenen Schulen und AktivistInnen an, bis letzendlich die Menge auf 300 Leute anstieg, die auch den Versuch den Afghanen in einem anderen Streifenwagen wegzubringen blockierten. <a href=\"https:\/\/www.lagota.ch\/?p=2767\">Continue reading <span class=\"meta-nav\">&rarr;<\/span><\/a><\/p>\n","protected":false},"author":1,"featured_media":0,"comment_status":"closed","ping_status":"open","sticky":false,"template":"","format":"standard","meta":{"footnotes":""},"categories":[328,10,406,6],"tags":[388,325,976,975,68],"class_list":["post-2767","post","type-post","status-publish","format-standard","hentry","category-antira","category-aus-aller-welt","category-migration","category-news","tag-afghanistan","tag-ausschaffung","tag-kabul","tag-schulerinnen","tag-widerstand"],"_links":{"self":[{"href":"https:\/\/www.lagota.ch\/index.php?rest_route=\/wp\/v2\/posts\/2767","targetHints":{"allow":["GET"]}}],"collection":[{"href":"https:\/\/www.lagota.ch\/index.php?rest_route=\/wp\/v2\/posts"}],"about":[{"href":"https:\/\/www.lagota.ch\/index.php?rest_route=\/wp\/v2\/types\/post"}],"author":[{"embeddable":true,"href":"https:\/\/www.lagota.ch\/index.php?rest_route=\/wp\/v2\/users\/1"}],"replies":[{"embeddable":true,"href":"https:\/\/www.lagota.ch\/index.php?rest_route=%2Fwp%2Fv2%2Fcomments&post=2767"}],"version-history":[{"count":1,"href":"https:\/\/www.lagota.ch\/index.php?rest_route=\/wp\/v2\/posts\/2767\/revisions"}],"predecessor-version":[{"id":2769,"href":"https:\/\/www.lagota.ch\/index.php?rest_route=\/wp\/v2\/posts\/2767\/revisions\/2769"}],"wp:attachment":[{"href":"https:\/\/www.lagota.ch\/index.php?rest_route=%2Fwp%2Fv2%2Fmedia&parent=2767"}],"wp:term":[{"taxonomy":"category","embeddable":true,"href":"https:\/\/www.lagota.ch\/index.php?rest_route=%2Fwp%2Fv2%2Fcategories&post=2767"},{"taxonomy":"post_tag","embeddable":true,"href":"https:\/\/www.lagota.ch\/index.php?rest_route=%2Fwp%2Fv2%2Ftags&post=2767"}],"curies":[{"name":"wp","href":"https:\/\/api.w.org\/{rel}","templated":true}]}}