{"id":2795,"date":"2017-07-26T10:58:11","date_gmt":"2017-07-26T09:58:11","guid":{"rendered":"http:\/\/www.lagota.ch\/?p=2795"},"modified":"2017-07-26T10:58:11","modified_gmt":"2017-07-26T09:58:11","slug":"rekurs-von-nekane-wurde-abgelehnt","status":"publish","type":"post","link":"https:\/\/www.lagota.ch\/?p=2795","title":{"rendered":"Rekurs von Nekane wurde abgelehnt"},"content":{"rendered":"<p><strong>Nachdem das Bundesamt f\u00fcr Justiz entschieden hatte, dass Nekane Txapartegi an Spanien ausgeliefert werden soll, legte Nekane Rekurs ein.<\/strong><br class=\"autobr\" \/><strong> Vor etwa zwei Wochen hat nun das Bundesstrafgericht den Entscheind des Bundesamt f\u00fcr Justiz best\u00e4tig. Das Gericht geht davon aus, dass sie die Foltervorw\u00fcrfe gar nicht erst pr\u00fcfen m\u00fcssen, da Spanien ein &#8220;Staat mit demokratischer Tradition&#8221; sei.<\/p>\n<p><\/strong><\/p>\n<p><a href=\"https:\/\/www.lagota.ch\/wp-content\/uploads\/freenekane2.png\"><img loading=\"lazy\" decoding=\"async\" class=\"alignnone size-medium wp-image-2796\" src=\"https:\/\/www.lagota.ch\/wp-content\/uploads\/freenekane2-300x168.png\" alt=\"freenekane2\" width=\"300\" height=\"168\" srcset=\"https:\/\/www.lagota.ch\/wp-content\/uploads\/freenekane2-300x168.png 300w, https:\/\/www.lagota.ch\/wp-content\/uploads\/freenekane2.png 710w\" sizes=\"auto, (max-width: 300px) 100vw, 300px\" \/><\/a>Dies, obwohl Spanien in den letzten Jahren mehrmals vom europ\u00e4ischen Gerichtshof f\u00fcr Menschenrechte wegen Verstoss gegen das Verbot von Folter und wegen Misshandlung verurteilt wurde.<br class=\"autobr\" \/> Dies zeigt ein weiteres Mal, dass der schweizer Regierung (und allen anderen auch) Diplomatie und Geld wichtiger ist als das Wohlergehen der Menschen.<\/p>\n<p>Nekane und ihre Anw\u00e4lt*innen werden den Fall nun vor das Bundesgericht weiterziehen.<br class=\"autobr\" \/> Wir solidarisieren uns mit Nekane und k\u00e4mpfen mit ihr zusammen f\u00fcr ihre Freiheit und gegen die Welt der Staaten und Kn\u00e4ste.<\/p>\n<p>Nach diesem Bescheid ging es Nekane noch schlechter, im Moment sind Briefe und jegliche Solidarit\u00e4tsbekundungen f\u00fcr Nekane und ihren Kampf sehr wichtig. Nekane freut sich \u00fcber alle m\u00f6glichen Briefe, egal ob Berichte aus den Ferien, aufmunternde Worte oder politische Gedanken, etc.<\/p>\n<h4 class=\"spip\">Ihre Adresse:<\/h4>\n<blockquote class=\"spip\"><p>Nekane Txapartegi<br class=\"autobr\" \/> Gef\u00e4ngnis Z\u00fcrich<br class=\"autobr\" \/> Rotwandstr. 21<br class=\"autobr\" \/> Postfach<br class=\"autobr\" \/> 8036 Z\u00fcrich<\/p><\/blockquote>\n<p><strong>Wichtig: Vergiss den Absender nicht, ansonsten kommt der Brief nicht an. Ausserdem: Alle ihre Briefe werden von den Beh\u00f6rden kontrolliert, gib acht was du schreibst.<\/strong><\/p>\n<p><strong><br \/>\nQuelle: <\/strong><a href=\"https:\/\/barrikade.info\/Rekurs-von-Nekane-wurde-abgelehnt-305\">https:\/\/barrikade.info\/Rekurs-von-Nekane-wurde-abgelehnt-305<strong><br \/>\n<\/strong><\/a><\/p>\n","protected":false},"excerpt":{"rendered":"<p>Nachdem das Bundesamt f\u00fcr Justiz entschieden hatte, dass Nekane Txapartegi an Spanien ausgeliefert werden soll, legte Nekane Rekurs ein.<br \/>\nVor etwa zwei Wochen hat nun das Bundesstrafgericht den Entscheind des Bundesamt f\u00fcr Justiz best\u00e4tig. Das Gericht geht davon aus, dass sie die Foltervorw\u00fcrfe gar nicht erst pr\u00fcfen m\u00fcssen, da Spanien ein &#8220;Staat mit demokratischer Tradition&#8221; sei. <a href=\"https:\/\/www.lagota.ch\/?p=2795\">Continue reading <span class=\"meta-nav\">&rarr;<\/span><\/a><\/p>\n","protected":false},"author":1,"featured_media":0,"comment_status":"closed","ping_status":"open","sticky":false,"template":"","format":"standard","meta":{"footnotes":""},"categories":[49,172,16],"tags":[986,537,911,987,277],"class_list":["post-2795","post","type-post","status-publish","format-standard","hentry","category-antirep","category-gefangeneninfos","category-schweiz","tag-bundesgericht","tag-folter","tag-nekane","tag-rekurs","tag-spanien"],"_links":{"self":[{"href":"https:\/\/www.lagota.ch\/index.php?rest_route=\/wp\/v2\/posts\/2795","targetHints":{"allow":["GET"]}}],"collection":[{"href":"https:\/\/www.lagota.ch\/index.php?rest_route=\/wp\/v2\/posts"}],"about":[{"href":"https:\/\/www.lagota.ch\/index.php?rest_route=\/wp\/v2\/types\/post"}],"author":[{"embeddable":true,"href":"https:\/\/www.lagota.ch\/index.php?rest_route=\/wp\/v2\/users\/1"}],"replies":[{"embeddable":true,"href":"https:\/\/www.lagota.ch\/index.php?rest_route=%2Fwp%2Fv2%2Fcomments&post=2795"}],"version-history":[{"count":1,"href":"https:\/\/www.lagota.ch\/index.php?rest_route=\/wp\/v2\/posts\/2795\/revisions"}],"predecessor-version":[{"id":2797,"href":"https:\/\/www.lagota.ch\/index.php?rest_route=\/wp\/v2\/posts\/2795\/revisions\/2797"}],"wp:attachment":[{"href":"https:\/\/www.lagota.ch\/index.php?rest_route=%2Fwp%2Fv2%2Fmedia&parent=2795"}],"wp:term":[{"taxonomy":"category","embeddable":true,"href":"https:\/\/www.lagota.ch\/index.php?rest_route=%2Fwp%2Fv2%2Fcategories&post=2795"},{"taxonomy":"post_tag","embeddable":true,"href":"https:\/\/www.lagota.ch\/index.php?rest_route=%2Fwp%2Fv2%2Ftags&post=2795"}],"curies":[{"name":"wp","href":"https:\/\/api.w.org\/{rel}","templated":true}]}}