{"id":2804,"date":"2017-08-14T19:18:39","date_gmt":"2017-08-14T18:18:39","guid":{"rendered":"http:\/\/www.lagota.ch\/?p=2804"},"modified":"2017-08-14T19:18:39","modified_gmt":"2017-08-14T18:18:39","slug":"rechter-terror-in-virginia","status":"publish","type":"post","link":"https:\/\/www.lagota.ch\/?p=2804","title":{"rendered":"Rechter Terror in Virginia"},"content":{"rendered":"<p><strong>Tote und Verletzte nach Gewalteskalation bei Rassistenaufmarsch in US-Universit\u00e4tsstadt Charlottesville. Trump verweigert Distanzierung von Neonazis<\/p>\n<p><\/strong><\/p>\n<p>In der Universit\u00e4tsstadt Charlottesville im US-Bundesstaat Virginia sind am Sonnabend mehrere tausend Teilnehmer zu dem gr\u00f6\u00dften Aufmarsch von Neonazis, Mitgliedern des Ku-Klux-Klan und anderen wei\u00dfen Rassisten in den USA seit einem Jahrzehnt zusammengekommen. Dabei kam es zu brutalen \u00dcbergriffen auf Gegendemonstranten. Eine 32j\u00e4hrige Frau wurde get\u00f6tet, als ein Mann mit seinem Auto offenbar vors\u00e4tzlich in eine Gruppe antifaschistischer Gegendemonstranten raste, 19 weitere wurden zum Teil lebensgef\u00e4hrlich verletzt. Gegen den 20j\u00e4hrigen aus Ohio, der laut Augenzeugen zuvor an dem Naziaufmarsch teilgenommen hatte, soll Anklage wegen Mordes, K\u00f6rperverletzung und Fahrerflucht erhoben werden. Bei \u00dcbergriffen von Neonazis wurden weitere 16 Personen verletzt. Zwei Polizisten starben, als ihr Hubschrauber, der die Lage in der Stadt aus der Luft \u00fcberwachte, abst\u00fcrzte.<\/p>\n<div class=\"ImageBox Large\">\n<table summary=\"Designtabelle\" width=\"700\">\n<tbody>\n<tr>\n<td><img decoding=\"async\" id=\"img98375\" class=\"Title\" src=\"https:\/\/www.jungewelt.de\/img\/700\/98375.jpg\" alt=\"RTS1BICG.jpg\" \/><\/td>\n<\/tr>\n<\/tbody>\n<\/table>\n<\/div>\n<p>W\u00e4hrend sich Politiker beider gro\u00dfer US-Parteien erst \u00fcberrascht und dann geschockt gaben, hatten Menschenrechtsorganisationen fr\u00fchzeitig vor der Zusammenrottung der Rassisten gewarnt. Die B\u00fcrgerrechtsorganisation \u00bbSouthern Poverty Law Center\u00ab hatte Pr\u00e4sident Donald Trump bereits im Wahlkampf vorgeworfen, sich nicht klar vom rechten Rand abzugrenzen. Auch am Sonnabend distanzierte sich Trump nicht eindeutig von den Neonazis, sondern verurteilte von seinem Golfclub in New Jersey aus lediglich allgemein \u00bbdiesen unerh\u00f6rten Ausbruch von Hass, Fanatismus und Gewalt auf vielen Seiten\u00ab. Dem widersprach der republikanische Senator Cory Gardner. \u00bbDas waren wei\u00dfe Rassisten, und das war inl\u00e4ndischer Terrorismus\u00ab, schrieb er auf Twitter. Die Neonazi-Website \u00bbDaily Stormer\u00ab, die f\u00fcr den Aufmarsch geworben hatte, feierte dagegen den Staatschef: \u00bbEr hat uns nicht attackiert. Gott segne ihn\u00ab, hie\u00df es dort.<\/p>\n<div class=\"ImageBox Large\">\n<table summary=\"Designtabelle\" width=\"700\">\n<tbody>\n<tr>\n<td><img decoding=\"async\" id=\"img98376\" class=\"Title\" src=\"https:\/\/www.jungewelt.de\/img\/700\/98376.jpg\" alt=\"RTS1BKR9.jpg\" \/><\/td>\n<\/tr>\n<\/tbody>\n<\/table>\n<\/div>\n<p>Bereits am Freitag abend (Ortszeit) waren Hunderte Neofaschisten mit Fackeln auf den Universit\u00e4tscampus von Charlottesville gezogen und hatten Naziparolen wie \u00bbBlut und Boden\u00ab skandiert. Am Sonnabend marschierten Tausende von ihnen teilweise uniformiert und mit Hakenkreuzfahnen im Gleichschritt durch die Innenstadt, hoben die H\u00e4nde zum Hitlergru\u00df und riefen \u00bbHeil Trump\u00ab.<\/p>\n<div class=\"ImageBox Large\">\n<table summary=\"Designtabelle\" width=\"700\">\n<tbody>\n<tr>\n<td><img decoding=\"async\" id=\"img98377\" class=\"Title\" src=\"https:\/\/www.jungewelt.de\/img\/700\/98377.jpg\" alt=\"RTS1BJPN.jpg\" \/><\/td>\n<\/tr>\n<\/tbody>\n<\/table>\n<\/div>\n<p>Als Anlass f\u00fcr die Zusammenrottung wurde ein Beschluss des Stadtrates von Charlottesville benutzt. Dieser hatte im April beschlossen, eine Statue des S\u00fcdstaatengenerals Robert E. Lee, der im US-B\u00fcrgerkrieg f\u00fcr den Erhalt der Sklaverei gek\u00e4mpft hatte, aus dem Stadtbild zu entfernen. Tats\u00e4chlich geht es um mehr. \u00bbWir erf\u00fcllen die Versprechen von Donald Trump\u00ab, erkl\u00e4rte der fr\u00fchere Ku-Klux-Klan-Chef David Duke, einer der ber\u00fcchtigsten Rassisten der USA. \u00bbWir haben ihn gew\u00e4hlt, weil er uns unser Land zur\u00fcckgeben will. Das m\u00fcssen wir jetzt tun.\u00ab Fernsehreportern zufolge waren mehrere Teilnehmer mit Baseballschl\u00e4gern bewaffnet zur Kundgebung gekommen und hatten sich heftige Pr\u00fcgeleien mit Gegendemonstranten geliefert.<\/p>\n<p>Charlottesvilles B\u00fcrgermeister Michael Signer reagierte entsetzt. \u00bbIch gebe die Schuld an vielem, was wir heute in Amerika sehen, dem Wei\u00dfen Haus und den Leuten um den Pr\u00e4sidenten\u00ab, sagte der Politiker der Demokratischen Partei. \u00bbIch hoffe, dass er einen Blick in den Spiegel wirft und scharf dar\u00fcber nachdenkt, mit wem er im Wahlkampf verkehrte.\u00ab Das durch die Suche nach untergetauchten Naziverbrechern weltweit bekannte Wiesenthal-Zentrum bewertete die Gewalt ebenfalls als Terror und rief Trump, dazu auf, \u00bbdie wei\u00dfen Nationalisten, die Hass, Misstrauen und Gewalt s\u00e4en, eindeutig zu verurteilen\u00ab.<\/p>\n<p>Quelle: <strong>https:\/\/www.jungewelt.de\/artikel\/316252.rechter-terror-in-virginia.html<\/strong><\/p>\n<p><strong>\u00a0<\/strong><\/p>\n","protected":false},"excerpt":{"rendered":"<p>Tote und Verletzte nach Gewalteskalation bei Rassistenaufmarsch in US-Universit\u00e4tsstadt Charlottesville. Trump verweigert Distanzierung von Neonazis <a href=\"https:\/\/www.lagota.ch\/?p=2804\">Continue reading <span class=\"meta-nav\">&rarr;<\/span><\/a><\/p>\n","protected":false},"author":1,"featured_media":0,"comment_status":"closed","ping_status":"open","sticky":false,"template":"","format":"standard","meta":{"footnotes":""},"categories":[13,328,10],"tags":[990,989,991,173,60],"class_list":["post-2804","post","type-post","status-publish","format-standard","hentry","category-antifa","category-antira","category-aus-aller-welt","tag-alt-right","tag-kkk","tag-milizen","tag-neonazis","tag-terror"],"_links":{"self":[{"href":"https:\/\/www.lagota.ch\/index.php?rest_route=\/wp\/v2\/posts\/2804","targetHints":{"allow":["GET"]}}],"collection":[{"href":"https:\/\/www.lagota.ch\/index.php?rest_route=\/wp\/v2\/posts"}],"about":[{"href":"https:\/\/www.lagota.ch\/index.php?rest_route=\/wp\/v2\/types\/post"}],"author":[{"embeddable":true,"href":"https:\/\/www.lagota.ch\/index.php?rest_route=\/wp\/v2\/users\/1"}],"replies":[{"embeddable":true,"href":"https:\/\/www.lagota.ch\/index.php?rest_route=%2Fwp%2Fv2%2Fcomments&post=2804"}],"version-history":[{"count":1,"href":"https:\/\/www.lagota.ch\/index.php?rest_route=\/wp\/v2\/posts\/2804\/revisions"}],"predecessor-version":[{"id":2805,"href":"https:\/\/www.lagota.ch\/index.php?rest_route=\/wp\/v2\/posts\/2804\/revisions\/2805"}],"wp:attachment":[{"href":"https:\/\/www.lagota.ch\/index.php?rest_route=%2Fwp%2Fv2%2Fmedia&parent=2804"}],"wp:term":[{"taxonomy":"category","embeddable":true,"href":"https:\/\/www.lagota.ch\/index.php?rest_route=%2Fwp%2Fv2%2Fcategories&post=2804"},{"taxonomy":"post_tag","embeddable":true,"href":"https:\/\/www.lagota.ch\/index.php?rest_route=%2Fwp%2Fv2%2Ftags&post=2804"}],"curies":[{"name":"wp","href":"https:\/\/api.w.org\/{rel}","templated":true}]}}