{"id":2807,"date":"2017-08-18T08:32:00","date_gmt":"2017-08-18T07:32:00","guid":{"rendered":"http:\/\/www.lagota.ch\/?p=2807"},"modified":"2017-08-18T08:32:17","modified_gmt":"2017-08-18T07:32:17","slug":"marsch-furs-labe-blockieren","status":"publish","type":"post","link":"https:\/\/www.lagota.ch\/?p=2807","title":{"rendered":"Marsch f\u00fcrs L\u00e4be blockieren!"},"content":{"rendered":"<div class=\"crayon article-chapo-330 chapo\">\n<p><strong>Marsch f\u00fcrs L\u00e4be: 17. September in Fl\u00fceli, Sankt Niklaus<\/strong><\/p>\n<p><strong>J\u00e4hrlich treffen sich christliche Fundamentalist*innen um gegen Abtreibung zu demonstrieren.<\/strong><br class=\"autobr\" \/><strong> Mit dem Slogan \u201cf\u00fcrs L\u00e4be\u201d fordern sie ein gesetzliches Abtreibungsverbot. Damit nehmen sie Frauen* das Recht und die Selbstbestimmung, frei \u00fcber ihren K\u00f6rper zu entscheiden. <\/strong><br class=\"autobr\" \/><strong> Sie geben sich als lebensbejahend gegen\u00fcber allem Leben, verurteilen gleichzeitig aber ganze Lebensformen und Identit\u00e4ten. Beispielsweise stellen sie Homo \u2013 sowie Transsexualit\u00e4t als \u201cKrankheit\u201d dar. So werden Menschen, die nicht ihren konservativen Idealvorstellungen entsprechen, kategorisch diskriminiert und ausgeschlossen.<\/strong><\/p>\n<\/div>\n<div class=\"surlignable\">\n<div class=\"crayon article-texte-330 texte-principal text\">\n<p><a href=\"https:\/\/www.lagota.ch\/wp-content\/uploads\/arton330-8b0d8-5d960.jpg\"><img loading=\"lazy\" decoding=\"async\" class=\"alignnone size-medium wp-image-2808\" src=\"https:\/\/www.lagota.ch\/wp-content\/uploads\/arton330-8b0d8-5d960-300x168.jpg\" alt=\"arton330-8b0d8-5d960\" width=\"300\" height=\"168\" srcset=\"https:\/\/www.lagota.ch\/wp-content\/uploads\/arton330-8b0d8-5d960-300x168.jpg 300w, https:\/\/www.lagota.ch\/wp-content\/uploads\/arton330-8b0d8-5d960.jpg 710w\" sizes=\"auto, (max-width: 300px) 100vw, 300px\" \/><\/a>Nachdem die vergangenen Jahre der Marsch f\u00fcrs L\u00e4be von zahlreichen Protestaktionen immer wieder gest\u00f6rt und blockiert wurde, mussten die Organisator*innen bereits im letzten Jahr von Z\u00fcrich nach Bern ausweichen, mit der Hoffnung, dort auf weniger Widerstand zu stossen. Doch auch in Bern wurde der zuvor bewillligte Demonstrationszug durch die Stadt von der Polizei aufgrund der Proteste als zu riskant eingestuft. Schliesslich wurde lediglich eine Platzkundgebung bewilligt, die durch L\u00e4rm und weitere Aktionen so gest\u00f6rt werden konnte, dass die Organisator*innen dieses Jahr den ganzen Anlass in ein kleines Dorf verlegen werden. Doch wie vor Kurzem bekannt wurde, ist auch dieses Jahr die Durchf\u00fchrung des Anlasses ungewiss: Die Gemeinden Sachseln und Kerns verweigern bis dato die Bewilligung f\u00fcr die Nutzung des \u00f6ffentlichen Grunds. Grund daf\u00fcr sind Bef\u00fcrchtungen \u00fcber allf\u00e4llige St\u00f6raktionen.<\/p>\n<p>Dies zurecht: <strong>Wir rufen dazu auf, egal ob in Z\u00fcrich, Bern oder im Obwaldner Hinterland; Sexismus, Homophobie, Transphobie und jegliche Diskriminierung keinen Raum zu lassen. F\u00fcr Toleranz gegen\u00fcber allen Lebensformen einzustehen bedeutet f\u00fcr uns auch, nicht tolerante Haltungen sowie Anl\u00e4sse mit diskriminierendem Inhalt aktiv zu bek\u00e4mpfen. Lasst uns auch dieses Jahr zeigen, dass wir mit den beim Marsch f\u00fcrs L\u00e4be vermittelten Weltbildern nicht einverstanden sind!<\/strong><\/p>\n<p>Es gibt viele M\u00f6glichkeiten, diese Veranstaltung zu sabotieren und zu blockieren. Sei es im Vorfeld die Verantwortlichen zu st\u00f6ren, den Aufbau zu erschweren, die Anreise zu verunm\u00f6glichen oder den Anlass am <strong>17. September in Fl\u00fceli, Sankt Niklaus<\/strong>, zu \u00fcbert\u00f6nen.<br class=\"autobr\" \/> Wir hoffen auf viele kreative, dezentrale Aktionen, um ein Zeichen gegen fundamentalistische Kackscheisse zu setzen.<\/p>\n<\/div>\n<\/div>\n<div class=\"ps\">\n<h4>P.S.<\/h4>\n<div class=\"crayon article-ps-330 surlignable\">\n<p>Infos der Organisator*innen finden sich hier: <a class=\"spip_out\" href=\"http:\/\/marschfuerslaebe.ch\/home\/\" rel=\"external\">http:\/\/marschfuerslaebe.ch\/home\/<\/a><br class=\"autobr\" \/> <strong>F\u00fcr Selbstbestimmung und Vielfalt!<\/strong><\/p>\n<p>Homepage der letztj\u00e4hrigen Proteste:<br class=\"autobr\" \/> <a class=\"spip_out\" href=\"https:\/\/bernstelltsichqueer.noblogs.org\" rel=\"external\">https:\/\/bernstelltsichqueer.noblogs.org<\/a><\/p>\n<p><a href=\"https:\/\/barrikade.info\/Marsch-furs-Labe-blockieren-330\">Quelle: https:\/\/barrikade.info\/Marsch-furs-Labe-blockieren-330<\/a><\/p>\n<\/div>\n<\/div>\n","protected":false},"excerpt":{"rendered":"<p>J\u00e4hrlich treffen sich christliche Fundamentalist*innen um gegen Abtreibung zu demonstrieren.<br \/>\nMit dem Slogan \u201cf\u00fcrs L\u00e4be\u201d fordern sie ein gesetzliches Abtreibungsverbot. Damit nehmen sie Frauen* das Recht und die Selbstbestimmung, frei \u00fcber ihren K\u00f6rper zu entscheiden.<br \/>\nSie geben sich als lebensbejahend gegen\u00fcber allem Leben, verurteilen gleichzeitig aber ganze Lebensformen und Identit\u00e4ten. Beispielsweise stellen sie Homo \u2013 sowie Transsexualit\u00e4t als \u201cKrankheit\u201d dar. So werden Menschen, die nicht ihren konservativen Idealvorstellungen entsprechen, kategorisch diskriminiert und ausgeschlossen. <a href=\"https:\/\/www.lagota.ch\/?p=2807\">Continue reading <span class=\"meta-nav\">&rarr;<\/span><\/a><\/p>\n","protected":false},"author":1,"featured_media":0,"comment_status":"closed","ping_status":"open","sticky":false,"template":"","format":"standard","meta":{"footnotes":""},"categories":[13,242,4],"tags":[106,992,993],"class_list":["post-2807","post","type-post","status-publish","format-standard","hentry","category-antifa","category-emanzipation","category-veranstaltung","tag-abtreibung","tag-christiliche-fundamentalisten","tag-flueli"],"_links":{"self":[{"href":"https:\/\/www.lagota.ch\/index.php?rest_route=\/wp\/v2\/posts\/2807","targetHints":{"allow":["GET"]}}],"collection":[{"href":"https:\/\/www.lagota.ch\/index.php?rest_route=\/wp\/v2\/posts"}],"about":[{"href":"https:\/\/www.lagota.ch\/index.php?rest_route=\/wp\/v2\/types\/post"}],"author":[{"embeddable":true,"href":"https:\/\/www.lagota.ch\/index.php?rest_route=\/wp\/v2\/users\/1"}],"replies":[{"embeddable":true,"href":"https:\/\/www.lagota.ch\/index.php?rest_route=%2Fwp%2Fv2%2Fcomments&post=2807"}],"version-history":[{"count":2,"href":"https:\/\/www.lagota.ch\/index.php?rest_route=\/wp\/v2\/posts\/2807\/revisions"}],"predecessor-version":[{"id":2810,"href":"https:\/\/www.lagota.ch\/index.php?rest_route=\/wp\/v2\/posts\/2807\/revisions\/2810"}],"wp:attachment":[{"href":"https:\/\/www.lagota.ch\/index.php?rest_route=%2Fwp%2Fv2%2Fmedia&parent=2807"}],"wp:term":[{"taxonomy":"category","embeddable":true,"href":"https:\/\/www.lagota.ch\/index.php?rest_route=%2Fwp%2Fv2%2Fcategories&post=2807"},{"taxonomy":"post_tag","embeddable":true,"href":"https:\/\/www.lagota.ch\/index.php?rest_route=%2Fwp%2Fv2%2Ftags&post=2807"}],"curies":[{"name":"wp","href":"https:\/\/api.w.org\/{rel}","templated":true}]}}