{"id":2811,"date":"2017-08-21T07:54:53","date_gmt":"2017-08-21T06:54:53","guid":{"rendered":"http:\/\/www.lagota.ch\/?p=2811"},"modified":"2017-08-21T07:54:53","modified_gmt":"2017-08-21T06:54:53","slug":"aufruf-schweigen-ist-zustimmen-positioniert-euch","status":"publish","type":"post","link":"https:\/\/www.lagota.ch\/?p=2811","title":{"rendered":"Aufruf: Schweigen ist zustimmen \u2013 positioniert euch!"},"content":{"rendered":"<div class=\"crayon article-chapo-336 chapo\">\n<p><strong>Seitdem der Kanton Bern bekannt gab, in Wileroltigen einen Transitplatz f\u00fcr Fahrende zu bauen, entl\u00e4dt sich im kleinen Dorf im Seeland der weitverbreitete Hass gegen\u00fcber Fahrenden. Koordiniert wird die antiziganistische Hetze nicht von Faschist_innen oder ihren Kompliz_innen seitens der SVP. Die Federf\u00fchrung liegt in den H\u00e4nden des Gemeinderats und eines BDP-nahen B\u00fcrger_innenkomitees. Der Widerstand gegen die Hetze ist bisher schwach. Lasst uns das \u00e4ndern.<\/strong><\/p>\n<\/div>\n<div class=\"surlignable\">\n<div class=\"crayon article-texte-336 texte-principal text\">\n<h4 class=\"spip\">Der Gemeinderat will Demo verbieten<\/h4>\n<p><a href=\"https:\/\/www.lagota.ch\/wp-content\/uploads\/arton336-45c44-3068d.png\"><img loading=\"lazy\" decoding=\"async\" class=\"alignnone size-medium wp-image-2812\" src=\"https:\/\/www.lagota.ch\/wp-content\/uploads\/arton336-45c44-3068d-300x168.png\" alt=\"arton336-45c44-3068d\" width=\"300\" height=\"168\" srcset=\"https:\/\/www.lagota.ch\/wp-content\/uploads\/arton336-45c44-3068d-300x168.png 300w, https:\/\/www.lagota.ch\/wp-content\/uploads\/arton336-45c44-3068d.png 710w\" sizes=\"auto, (max-width: 300px) 100vw, 300px\" \/><\/a>Wenn Antiziganismus in der Schweiz benannt, kritisiert und bek\u00e4mpft werden soll, bedeutet dies, dass wir dort wo er aktuell stattfindet, Raum und Aufmerksamkeit schaffen, um auf die Hetze zu reagieren. Deshalb wollen wir am Sonntag ,24. September in Wileroltigen, im aktuellen Herzen des Antiziganismus, demonstrieren. Der antiziganistische Gemeinderat will nun seine Macht daf\u00fcr missbrauchen, um die Meinungs\u00e4usserungs- und Versammlungsfreiheit der Gegner_innen von Antiziganismus zu beschneiden. Unser Bewilligungsgesuch f\u00fcr eine Demonstration will er ablehnen (vgl. Mail unten).<\/p>\n<h4 class=\"spip\">Antiziganismus ist kein Randph\u00e4nomen<\/h4>\n<p>Die Hetze in Wileroltigen ist m\u00f6glich, weil Antiziganismus in der Schweiz bis heute fest in der Mitte der Gesellschaft und ihren Institutionen verankert ist. Leider kam es in \u00f6ffentlichen Debatten bisher kaum zu Kritik an folgenden konkreten Vorf\u00e4llen:<\/p>\n<ul class=\"spip\">\n<li>An offiziellen Versammlungen in Wileroltigen wurden antiziganistische Haltungen, Argumente und Handlungen toleriert und als legitim betrachtet.<\/li>\n<li>Auf der Facebookseite, \u00fcber welche die Gemeinde und das B\u00fcrger_innenkomitee zum menschenverachtenden \u201eVolksfest gegen Fahrende\u201c aufriefen, wurden rassistische \u00c4usserungen lange toleriert und geliked.<\/li>\n<li>In Wileroltigen h\u00e4ngen bis heute antiziganistische Transparente.<\/li>\n<li>Am Ort des geplanten Transitplatzes kam es wiederholt zu antiziganistischen Handlungen (Fotografieren zwecks Verleumdung, Beschimpfungen, Drohungen von und gegen Fahrende und sogar Zerst\u00f6ren des Zugangs zum Areal durch Pfl\u00fcgen).<\/li>\n<li>Die Medien berichteten meist unkritisch, einseitig und gar parteiergreifend.<\/li>\n<li>Parteien, NGOs oder staatliche Beh\u00f6rden, insbesondere die Eidgen\u00f6ssische Kommission gegen Rassismus \u00e4usserten bisher keine oder kaum Kritik.<\/li>\n<\/ul>\n<p><strong>Antiziganismus, wie er in Wileroltigen zum Ausdruck kommt, l\u00e4sst sich nicht durch schweigende Zur\u00fcckhaltung \u00fcberwinden<\/strong><br class=\"autobr\" \/> Antiziganistische Hetze muss \u2013 wie jede Form der Menschenverachtung \u2013 auf Widerstand treffen. Wir rufen alle auf, sich \u00f6ffentlich gegen jegliche Herabsetzung, Verleumdung und Verdr\u00e4ngung von Roma, Sinti, Jenischen und diskriminierten Gruppen zu positionieren.<br class=\"autobr\" \/> Die Demonstration ist nur ein Mittel unter vielen. Solidarisiert euch: Kein Fussbreit dem Antiziganismus!<\/p>\n<p>***<\/p>\n<p>Zitat von Gemeindeverwaltung Wileroltigen gemeindeverwaltung@wileroltigen.ch, 17. August 2017:<\/p>\n<blockquote class=\"spip\"><p>Sehr geehrte Damen und Herren<\/p>\n<p>Der Gemeinderat Wileroltigen hat in seiner gestrigen Sitzung \u00fcber Ihr Gesuch beraten und erw\u00e4gt, dieses aus Sicherheitsgr\u00fcnden abzulehnen. Zur Wahrung des rechtlichen Geh\u00f6rs erhalten Sie die Gelegenheit, dazu Stellung zu nehmen. Ihre Stellungnahme erwarten wir gerne bis Montag, 21. August 2017.<\/p>\n<p>Wir danken Ihnen f\u00fcr die Kenntnisnahme.<\/p>\n<p>Freundliche Gr\u00fcsse<\/p>\n<p>Gemeindeverwaltung Wileroltigen<\/p>\n<p>Quelle: <a href=\"https:\/\/barrikade.info\/Aufruf-Schweigen-ist-zustimmen-positioniert-euch-336\">https:\/\/barrikade.info\/Aufruf-Schweigen-ist-zustimmen-positioniert-euch-336<\/a><\/p><\/blockquote>\n<\/div>\n<\/div>\n","protected":false},"excerpt":{"rendered":"<p>Seitdem der Kanton Bern bekannt gab, in Wileroltigen einen Transitplatz f\u00fcr Fahrende zu bauen, entl\u00e4dt sich im kleinen Dorf im Seeland der weitverbreitete Hass gegen\u00fcber Fahrenden. Koordiniert wird die antiziganistische Hetze nicht von Faschist_innen oder ihren Kompliz_innen seitens der SVP. Die Federf\u00fchrung liegt in den H\u00e4nden des Gemeinderats und eines BDP-nahen B\u00fcrger_innenkomitees. Der Widerstand gegen die Hetze ist bisher schwach. Lasst uns das \u00e4ndern. <a href=\"https:\/\/www.lagota.ch\/?p=2811\">Continue reading <span class=\"meta-nav\">&rarr;<\/span><\/a><\/p>\n","protected":false},"author":1,"featured_media":0,"comment_status":"closed","ping_status":"open","sticky":false,"template":"","format":"standard","meta":{"footnotes":""},"categories":[13,16,18],"tags":[995,994],"class_list":["post-2811","post","type-post","status-publish","format-standard","hentry","category-antifa","category-schweiz","category-squat-the-world","tag-antiziganismus","tag-wileroltingen"],"_links":{"self":[{"href":"https:\/\/www.lagota.ch\/index.php?rest_route=\/wp\/v2\/posts\/2811","targetHints":{"allow":["GET"]}}],"collection":[{"href":"https:\/\/www.lagota.ch\/index.php?rest_route=\/wp\/v2\/posts"}],"about":[{"href":"https:\/\/www.lagota.ch\/index.php?rest_route=\/wp\/v2\/types\/post"}],"author":[{"embeddable":true,"href":"https:\/\/www.lagota.ch\/index.php?rest_route=\/wp\/v2\/users\/1"}],"replies":[{"embeddable":true,"href":"https:\/\/www.lagota.ch\/index.php?rest_route=%2Fwp%2Fv2%2Fcomments&post=2811"}],"version-history":[{"count":1,"href":"https:\/\/www.lagota.ch\/index.php?rest_route=\/wp\/v2\/posts\/2811\/revisions"}],"predecessor-version":[{"id":2813,"href":"https:\/\/www.lagota.ch\/index.php?rest_route=\/wp\/v2\/posts\/2811\/revisions\/2813"}],"wp:attachment":[{"href":"https:\/\/www.lagota.ch\/index.php?rest_route=%2Fwp%2Fv2%2Fmedia&parent=2811"}],"wp:term":[{"taxonomy":"category","embeddable":true,"href":"https:\/\/www.lagota.ch\/index.php?rest_route=%2Fwp%2Fv2%2Fcategories&post=2811"},{"taxonomy":"post_tag","embeddable":true,"href":"https:\/\/www.lagota.ch\/index.php?rest_route=%2Fwp%2Fv2%2Ftags&post=2811"}],"curies":[{"name":"wp","href":"https:\/\/api.w.org\/{rel}","templated":true}]}}