{"id":2814,"date":"2017-08-23T08:14:43","date_gmt":"2017-08-23T07:14:43","guid":{"rendered":"http:\/\/www.lagota.ch\/?p=2814"},"modified":"2017-08-23T08:14:43","modified_gmt":"2017-08-23T07:14:43","slug":"free-nekane-aktionswochen-15-30-september-2017","status":"publish","type":"post","link":"https:\/\/www.lagota.ch\/?p=2814","title":{"rendered":"Free Nekane Aktionswochen 15.-30. September 2017"},"content":{"rendered":"<p><span class=\"_4n-j _fbReactionComponent__eventDetailsContentTags fsl\" data-testid=\"event-permalink-details\"><strong>W\u00e4hrend der zweiten Monatsh\u00e4lfte des Septembers finden in verschiedenen St\u00e4dten Aktionen und Veranstaltungen f\u00fcr die sofortige Freilassung von Nekane Txapartegi statt. <\/strong><br \/>\n<strong> Beteiligt euch!<\/strong><\/p>\n<p><a href=\"https:\/\/www.lagota.ch\/wp-content\/uploads\/21055134_1974840616135378_7291124412526927436_o.jpg\"><img loading=\"lazy\" decoding=\"async\" class=\"alignnone size-medium wp-image-2815\" src=\"https:\/\/www.lagota.ch\/wp-content\/uploads\/21055134_1974840616135378_7291124412526927436_o-300x212.jpg\" alt=\"21055134_1974840616135378_7291124412526927436_o\" width=\"300\" height=\"212\" srcset=\"https:\/\/www.lagota.ch\/wp-content\/uploads\/21055134_1974840616135378_7291124412526927436_o-300x212.jpg 300w, https:\/\/www.lagota.ch\/wp-content\/uploads\/21055134_1974840616135378_7291124412526927436_o-1024x724.jpg 1024w, https:\/\/www.lagota.ch\/wp-content\/uploads\/21055134_1974840616135378_7291124412526927436_o.jpg 2048w\" sizes=\"auto, (max-width: 300px) 100vw, 300px\" \/><\/a><br \/>\nZ \u00dc R I C H<\/p>\n<p>Sa. 16.9.<br \/>\n18 Uhr<br \/>\nVortrag und Diskussion mit Miriam Campos, die wie Nekane im Massenprozess 18\/98 zu einer Haftstrafe verurteilt worden ist.<br \/>\nZentrum Karl der Grosse, Kirchgasse 14, Z\u00fcrich<br \/>\n<span class=\"text_exposed_show\"><br \/>\nMo. 18.9.<br \/>\n18 Uhr<br \/>\n\u00f6ffentliches Transpimalen<br \/>\nHelvetiaplatz, Z\u00fcrich<\/p>\n<p>18 Uhr<br \/>\nDas Fraueninfo des Radio Lora (jeweils am Montag von 18 bis 19 Uhr) nimmt Liedergr\u00fcsse entgegen. Nur Musik von Frauen*. Gr\u00fcsse und Musikw\u00fcnsche an: frauen@lora.ch<\/p>\n<p>Di. 19.9.<br \/>\n12.45-13.00 Uhr<br \/>\nGr\u00fcsse Nekane live auf Radio LoRa! Ruf zwischen 12.45-13.00 Uhr im Lora-Studio-Telefon 044 567 24 00 an oder sende im Vornherein ein Audiofile an irener221@gmail.com<\/p>\n<p>19 Uhr<br \/>\nDas FrauenLesben Kasama zeigt \u00abDouble Peine\u00bb von L\u00e9a Pool. Dokumentarfilm \u00fcber das Schicksal von Kindern, deren M\u00fctter inhaftiert sind. 19 Uhr Znacht, 20 Uhr Film. Offen f\u00fcr Frauen*<br \/>\nInfoladen Kasama, Milit\u00e4rstrasse 87a, Z\u00fcrich<\/p>\n<p>Mi. 20.9.<br \/>\nGanzer Tag<br \/>\nFree Nekane-Standaktion am Stauffacher, Z\u00fcrich<\/p>\n<p>19 Uhr<br \/>\nLautstarke Gr\u00fcsse an Nekane! Wir gehen gemeinsam zum Knast.<br \/>\nTreffpunkt Kanzleiareal, Z\u00fcrich<\/p>\n<p>Fr. 22.9.<br \/>\n19 Uhr<br \/>\nDas Radio LoRa zeigt \u00abLa Ni\u00f1a de la Mochila\u00bb. Kurzfilm \u00fcber baskische Kinder, die ihre inhaftierten Eltern in weit entfernten Gef\u00e4ngnissen besuchen.<br \/>\nMilit\u00e4rstrasse 85a, Z\u00fcrich<\/p>\n<p>Sa. 23.9.<br \/>\n21 Uhr<br \/>\nParty des Frauen*B\u00fcndnisses, mit Nekane-Solistand. Offen f\u00fcr alle Geschlechter.<br \/>\nProvitreff, Sihlquai 240, Z\u00fcrich<\/p>\n<p>So. 24.9.<br \/>\n15.30<br \/>\nInfo-Veranstaltung zur aktuellen Situation von Nekane mit Stephanie Motz, Nekanes Asylanw\u00e4ltin und Aktivist*innen des Free Nekane-Solidarit\u00e4tskomitee<wbr \/>s<br \/>\nGr\u00fcner Saal, Volkshaus, Z\u00fcrich<\/p>\n<p>Mo. 25.9.<br \/>\n18 Uhr<br \/>\nDas Frauen*info des Radio Lora (jeweils am Montag von 18 bis 19 Uhr) nimmt Liedergr\u00fcsse entgegen. Nur Musik von Frauen*. Gr\u00fcsse und Musikw\u00fcnsche an: frauen@lora.ch<\/p>\n<p>Di. 26.9.<br \/>\n12.45-13.00 Uhr<br \/>\nGr\u00fcsse Nekane live auf Radio LoRa! Ruf zwischen 12.45-13.00 Uhr im Lora-Studio-Telefon 044 567 24 00 an oder sende im Vornherein ein Audiofile an irener221@gmail.com<\/p>\n<p>14-17 Uhr<br \/>\nNekane Spezialsendung auf Radio Lora 97,5 MHz<\/p>\n<p>Mi. 27.9.<br \/>\n12 Uhr<br \/>\nZmittag f\u00fcr Frauen* und Kinder, danach Briefe schreiben und Zeichnungen malen f\u00fcr Nekane.<br \/>\nFrauen*Kafi im RAF an der Fl\u00fcelastrasse 54, Z\u00fcrich<\/p>\n<p>19 Uhr<br \/>\nLautstarke Gr\u00fcsse an Nekane! Wir gehen gemeinsam zum Knast.<br \/>\nTreffpunkt Kanzleiareal, Z\u00fcrich<\/p>\n<p>Do. 28.9.<br \/>\n19.30 Uhr<br \/>\nVeganes Solibuffet der Tierrechtsgruppe Z\u00fcrich f\u00fcr Nekane<br \/>\nKasama, Milit\u00e4rstrasse 87a, Z\u00fcrich<\/p>\n<p>Fr. 29.9.<br \/>\n20 Uhr<br \/>\nVor 20 Jahren erk\u00e4mpfte eine Solidarit\u00e4tsbewegung in der Schweiz die Freiheit von Patricio Orti, der an Chile ausgeliefert werden sollte. Wir zeigen dazu den Aktivist*innen-Film \u00abUno Entre Muchos A\u00f1os de Lucha&#8221; 1997\/98<br \/>\nFreiestrasse 138, Z\u00fcrich<\/p>\n<p>Sa. 30.9.<br \/>\n15 Uhr<br \/>\n\u00dcberregionale Demonstration \u00abFreiheit f\u00fcr Nekane \u2013 keine Auslieferung an Folterstaaten!\u00bb<br \/>\nHechtplatz, Z\u00fcrich<\/p>\n<p>B A S E L<\/p>\n<p>W\u00e4hrend den Aktionswochen:<\/p>\n<p>Restaurant Hirscheneck: Solibier \u201eFree Nekane\u201c<\/p>\n<p>Eiscaf\u00e9 Acero und Druckkollektiv Ph\u00f6nix: Informationen zum Fall Nekane<\/p>\n<p>Fr. 15.9.<br \/>\n19.30 Uhr<br \/>\nVortrag und Diskussion mit Miriam Campos, die wie Nekane im Massenprozess 18\/98 zu einer Haftstrafe verurteilt worden ist.<br \/>\nWasserstrasse 39, Basel<\/p>\n<p>Sa. 16.9.<br \/>\n\u00f6ffentliches Transpimalen, weitere Infos unter <a href=\"https:\/\/l.facebook.com\/l.php?u=http%3A%2F%2Fwww.aufbau.org%2F&amp;h=ATOjyz1Rb1nav_vvnNOSrUKh0cpZ4BqI7z_R8cqrpPPTel2m4MyegVVquo9eSue1217mk884cdUmqNhz8NK8BJsKqWYQXNBZI_cBi6a7NkZm-AdwNKhE7rcVt6bF39QEjyRYHG4S&amp;enc=AZOa82FJ9nYXxCvVO3RsCjP-DiYxRiDkrJ1NSdDGFSDsOM5zMzC3rj8PD-ydpaPq6F0&amp;s=1\" target=\"_blank\" rel=\"nofollow nofollow\">www.aufbau.org<\/a><\/p>\n<p>Di. 19.9.17<br \/>\n20 Uhr<br \/>\nSoli-Zyschtigs-Off f\u00fcr Nekane: Infos, Briefeschreiben und Bier<br \/>\nOff Bar, Offenburgerstrasse 59, Basel<\/p>\n<p>So. 1.10.17<br \/>\n10-16 Uhr<br \/>\nSoli-Brunch f\u00fcr Nekane<br \/>\nCapri-Bar, Inselstrasse 79, Basel<\/span><\/span><\/p>\n","protected":false},"excerpt":{"rendered":"<p>W\u00e4hrend der zweiten Monatsh\u00e4lfte des Septembers finden in verschiedenen St\u00e4dten Aktionen und Veranstaltungen f\u00fcr die sofortige Freilassung von Nekane Txapartegi statt.<br \/>\nBeteiligt euch! <a href=\"https:\/\/www.lagota.ch\/?p=2814\">Continue reading <span class=\"meta-nav\">&rarr;<\/span><\/a><\/p>\n","protected":false},"author":1,"featured_media":0,"comment_status":"closed","ping_status":"open","sticky":false,"template":"","format":"standard","meta":{"footnotes":""},"categories":[172,16],"tags":[996],"class_list":["post-2814","post","type-post","status-publish","format-standard","hentry","category-gefangeneninfos","category-schweiz","tag-free-nekane"],"_links":{"self":[{"href":"https:\/\/www.lagota.ch\/index.php?rest_route=\/wp\/v2\/posts\/2814","targetHints":{"allow":["GET"]}}],"collection":[{"href":"https:\/\/www.lagota.ch\/index.php?rest_route=\/wp\/v2\/posts"}],"about":[{"href":"https:\/\/www.lagota.ch\/index.php?rest_route=\/wp\/v2\/types\/post"}],"author":[{"embeddable":true,"href":"https:\/\/www.lagota.ch\/index.php?rest_route=\/wp\/v2\/users\/1"}],"replies":[{"embeddable":true,"href":"https:\/\/www.lagota.ch\/index.php?rest_route=%2Fwp%2Fv2%2Fcomments&post=2814"}],"version-history":[{"count":1,"href":"https:\/\/www.lagota.ch\/index.php?rest_route=\/wp\/v2\/posts\/2814\/revisions"}],"predecessor-version":[{"id":2816,"href":"https:\/\/www.lagota.ch\/index.php?rest_route=\/wp\/v2\/posts\/2814\/revisions\/2816"}],"wp:attachment":[{"href":"https:\/\/www.lagota.ch\/index.php?rest_route=%2Fwp%2Fv2%2Fmedia&parent=2814"}],"wp:term":[{"taxonomy":"category","embeddable":true,"href":"https:\/\/www.lagota.ch\/index.php?rest_route=%2Fwp%2Fv2%2Fcategories&post=2814"},{"taxonomy":"post_tag","embeddable":true,"href":"https:\/\/www.lagota.ch\/index.php?rest_route=%2Fwp%2Fv2%2Ftags&post=2814"}],"curies":[{"name":"wp","href":"https:\/\/api.w.org\/{rel}","templated":true}]}}