{"id":2822,"date":"2017-08-26T12:46:47","date_gmt":"2017-08-26T11:46:47","guid":{"rendered":"http:\/\/www.lagota.ch\/?p=2822"},"modified":"2017-08-26T12:46:47","modified_gmt":"2017-08-26T11:46:47","slug":"statement-zur-raumung-der-schwarzen-erle-in-basel","status":"publish","type":"post","link":"https:\/\/www.lagota.ch\/?p=2822","title":{"rendered":"Statement zur R\u00e4umung der Schwarzen Erle in Basel"},"content":{"rendered":"<p><strong>Das Wohn- und Kulturzentrum Schwarze Erle wurde am Mittwoch 23.08.17 hinterh\u00e4ltig ger\u00e4umt.<\/strong><br class=\"autobr\" \/><strong> Eine Zusammenarbeit von Polizei und dubiosen Personen aus dem SicherheitsMilieu, wobei keiner irgendwie verantwortlich sein will.<\/p>\n<p><a href=\"https:\/\/www.lagota.ch\/wp-content\/uploads\/schwarzeerle.png\"><img loading=\"lazy\" decoding=\"async\" class=\"alignnone size-medium wp-image-2823\" src=\"https:\/\/www.lagota.ch\/wp-content\/uploads\/schwarzeerle-300x168.png\" alt=\"schwarzeerle\" width=\"300\" height=\"168\" srcset=\"https:\/\/www.lagota.ch\/wp-content\/uploads\/schwarzeerle-300x168.png 300w, https:\/\/www.lagota.ch\/wp-content\/uploads\/schwarzeerle.png 710w\" sizes=\"auto, (max-width: 300px) 100vw, 300px\" \/><\/a><br \/>\n<\/strong><\/p>\n<div class=\"surlignable\">\n<div class=\"crayon article-texte-350 texte-principal text\">\n<p>Obwohl das Haus schon seit zweieinhalb Jahren von uns besetzt und belebt wurde und somit vom Besitzer Herr R\u00f6sler geduldet worden ist, wurden wir ohne Vorwarnung gewaltsam mit Hilfe der Polizei vertrieben.<\/p>\n<p>Wir haben nicht nur unser Zuhause verloren, sondern Basel hat einen wichtigen Ort verloren. Einen Ort der Vielfalt und Solidarit\u00e4t; einen Ort f\u00fcr nicht-kommerziell orientierte Kultur, an dem sich \u00fcber die 2 1\/2 Jahre hunderte von Menschen beteiligt haben. W\u00f6chentlich schliefen Menschen bei uns im G\u00e4stestockwerk, die sonst zeitweise obdachlos gewesen w\u00e4ren und auf der Strasse h\u00e4tten schlafen m\u00fcssen. Die Polizei hat nun dabei geholfen den finanziellen Interessen einer Person, dem &#8220;legalen&#8221; Besitzer, mit Gewalt Geltung zu verschaffen und einer der letzten wirklich freien Kulturr\u00e4ume in Basel zu vernichten.<\/p>\n<p>Aber wir wollen an dieser Stelle keinen Monolog dar\u00fcber halten, warum es besetzte H\u00e4user braucht, und dass Menschen ohne einen dicken Geldbeutel es besonders schwer haben, sich eine Mietwohnung zu leisten. Das w\u00fcrde jetzt zulange gehen.<\/p>\n<p>Nur soviel: Es ist lachhaft von einer Stadt wie Basel, dass sie sich nicht einmal so einen Ort respektieren kann, sondern gezielt gegen uns und alle Projekte, die frei sein wollen, mit Gewalt vorgeht.<\/p>\n<p>An dieser Stelle wollen wir klarstellen, was am 23.08. in der Schwarzen Erle passiert ist:<\/p>\n<p>WIR HABEN DAS HAUS KEINESFALLS FREIWILLIG VERLASSEN, SONDERN WURDEN OHNE JEGLICHE VORANK\u00dcNDIGUNG AUF AGGRESSIVE ART VOM EIGENT\u00dcMER UND ANWALT HERRN PETER R\u00d6SLER UND SEINEN DUBIOSEN 5 BEGLEITERN AUS DEM UMFELD DER SWISSALLSECURITY (SAS) MIT HILFE VON POLIZEIGEWALT AUS DEM HAUS VERTRIEBEN. DAS GANZE WAR KEIN SICHERUNGSAUFTRAG, WIE VON DER POLIZEI VOR ORT BEHAUPTET, SONDERN EINE R\u00c4UMUNG. DAF\u00dcR EMPFINDEN WIR WUT UND TRAUER.<\/p>\n<p>Mittwoch:<br class=\"autobr\" \/> Herr R\u00f6sler brach mit Hilfe eines Schl\u00fcsselservices unsere Eingangs- sowie Zwischent\u00fcren auf, als sich 4 Leute im Haus aufhielten, welche vom Einbruch nichts mitbekamen. Zwei Hausbewohner wurden von R\u00f6sler und seinem Kommando beim Essen \u00fcberrascht. Herr R\u00f6sler brach auf aggressive Art ein und gab uns ein Ultimatum von 10min um das Haus zu verlassen. Dabei machte er ohne Einverst\u00e4ndnis Fotos und Videoaufnahmen der Leute.<\/p>\n<p>Es ist absolut unmenschlich jemanden auf diese Art und Weise nach zweieinhalb Jahren Duldung zu vertreiben. Herr R\u00f6sler hat nicht einen Tag in diesem Haus gelebt.<br class=\"autobr\" \/> Wir waren schockiert von der Dreistigkeit, bei uns auf diese Weise einzubrechen, und machten ihm klar, dass wir nicht einverstanden sind, dass er gehen sollte und das so nicht ginge. Daraufhin wurde er im Treppenhaus handgreiflich und drohte mit der Polizei.<\/p>\n<p>Eine Person, welche gerade Zuhause wieder ankam, wollten er auch nicht mehr reinlassen, Herr R\u00f6sler stellte sich der Person vehement in den Weg. Er dr\u00fcckte die Frau weg mit Hilfe seiner h\u00f6rigen Helfer, welche bereit waren Gewalt anzuwenden. Es kam fast zu einer Schl\u00e4gerei, weil Herr R\u00f6sler die Arme der Frau nicht mehr losliess und anfing rumzubr\u00fcllen.<\/p>\n<p>Wenige Minuten sp\u00e4ter kam die in die Pl\u00e4ne von Herr R\u00f6sler wohleingeweihte Polizei zu Dreissigst und half ihm, uns rauszuschmeissen. Eine Person wurde von der Polizei in Handschellen aus dem Haus gezerrt und ohne Anklagepunkte oder Kommunikation f\u00fcr 2 Stunden auf die Wache entf\u00fchrt, wo sie sich komplett Nackt ausziehen musste, um nur 2 Stunden sp\u00e4ter ohne Begr\u00fcndung wieder freigelassen zu werden.<\/p>\n<p>Mit der Polizei tauchten auch peu a peu Menschen auf, die sich mit der Schwarzen Erle solidarisieren. Der Platz um das Haus wurde von der Polizei so abgesperrt, dass niemand direkt an oder in das Haus heran- bzw. hereinkam. Der Besitzer des Hauses erlaubte nur Zugang in das Haus unter der Bedingung sich vor der Polizei auszuweisen. Die Daten wurden aufgenommene um damit eine strafrechtliche Untersuchung einzuleiten. Die Zimmer konnten dann nur noch einzeln unter Aufsicht von 2 Polizisten betreten werden, in denen wir uns 10 Minuten davor noch als freie Menschen bewegt haben.<br class=\"autobr\" \/> Gleichzeitig konfiszierte die Polizei eigenm\u00e4chtig Gegenst\u00e4nde aus dem Haus, ohne daf\u00fcr eine Quittung auszustellen. Das Ganze hatte Razzia-\u00e4hnlichen Charakter.<\/p>\n<p>Donnerstag:<br class=\"autobr\" \/> Nur mit Nachdruck auf Herrn R\u00f6sler und der Bewusstmachung der H\u00f6he der Kosten f\u00fcr die Entsorgung, f\u00fcr alles was noch drin bliebe, liess er uns am Donnerstag nochmals einzeln in die Liegenschaft, allerdings wieder unter der Bedingung der Abgabe der Personalien. Das Ganze wurde von Anfang an von einer Patrouille der Basler Polizei abgesichert.<br class=\"autobr\" \/> Herr R\u00f6sler hat versucht, alle Gegenst\u00e4nde von Wert zu beschlagnahmen und hinderte uns dabei, sie aus dem Haus zu tragen.<\/p>\n<p>Unsere geretteten Sachen konnten wir unterstellen und ja &#8211; wir leben noch &#8211; aber gerade mehr oder weniger auf der Strasse. Wir wollen in keine Mietwohnung ziehen, wo uns alles aufgezwungen wird, wo wir keine Freir\u00e4ume haben und daf\u00fcr auch noch horrende Mieten bezahlen m\u00fcssen. Nein, wir wollen etwas vom Leben haben! Deshalb besetzen wir! Wir schaffen Wohn- und Kulturraum in H\u00e4usern, den es ohne Leute wie uns gar nicht g\u00e4be.<br class=\"autobr\" \/> Wir, das sind K\u00fcnstlerInnen, MusikerInnen, AnarchistInnen, MigrantInnen, engagierte Menschen, die ohne Entl\u00f6hnung sich f\u00fcr ein faireres und lebenswerteres Basel einsetzen.<br class=\"autobr\" \/> Die Stadt dr\u00e4ngt diese Menschen an den Rand. Wir sind nicht die Ersten, denen das widerf\u00e4hrt.<\/p>\n<p>An alle, die probieren frei zu leben, f\u00fcr ihre Ziele und Tr\u00e4ume k\u00e4mpfen, alle die Empathie empfinden, die sich aktiv solidarisieren (und nicht nur labern), alle die wissen wie wichtig f\u00fcr unsere gemeinsame Zukunft solche Projekte sind, alle die uns tatkr\u00e4ftig beiseite stehen: Danke! Wir wissen das zu sch\u00e4tzen! Danke an alle, die f\u00fcr eine lebenswertere, vielf\u00e4ltigere und offene Welt k\u00e4mpfen, f\u00fcr eine Welt in der man noch tr\u00e4umen kann ohne reich sein zu m\u00fcssen.<br class=\"autobr\" \/> Nicht jeder Mensch ist reich geboren, aber jeder Mensch will gut leben!<\/p>\n<p>Es bleiben viele offene Fragen.<br class=\"autobr\" \/> Die Rechtlichkeit des Einsatzes ist zweifelhaft. Es wurde uns kein R\u00e4umungsbefehl vorgezeigt. Wie kann es sein, dass der Eigent\u00fcmer, nachdem er \u00fcber 2 Jahre lang kein Interesse am Haus gezeigt hat, bei uns einbricht? Wie kann es sein, dass die Polizei bewusst so ein Vorhaben unterst\u00fctzt? Die Polizei sagt, sie handelte im Auftrag von Herrn R\u00f6sler, Herr R\u00f6sler wiederum schiebt die Verantwortung auf die Stadt, von der er unter Druck gesetzt worden sei. Offensichtlich will niemand f\u00fcr die skandal\u00f6se Aktion die Verantwortung \u00fcbernehmen.<br class=\"autobr\" \/> Nach alldem was wir erlitten und verloren haben, sind wir nun die Angeklagten wegen Hausfriedensbruch. Im Moment gibt es kein Bauvorhaben.<br class=\"autobr\" \/> Fakt ist, dass das Haus wieder leer steht und mehr als zehn Menschen obdachlos sind, ohne dass ein Bau- oder Nutzungsvorhaben vorliegt.<\/p>\n<\/div>\n<\/div>\n<p><strong>\u00a0<\/strong><\/p>\n","protected":false},"excerpt":{"rendered":"<p>Das Wohn- und Kulturzentrum Schwarze Erle wurde am Mittwoch 23.08.17 hinterh\u00e4ltig ger\u00e4umt.<br \/>\nEine Zusammenarbeit von Polizei und dubiosen Personen aus dem SicherheitsMilieu, wobei keiner irgendwie verantwortlich sein will. <a href=\"https:\/\/www.lagota.ch\/?p=2822\">Continue reading <span class=\"meta-nav\">&rarr;<\/span><\/a><\/p>\n","protected":false},"author":1,"featured_media":0,"comment_status":"closed","ping_status":"open","sticky":false,"template":"","format":"standard","meta":{"footnotes":""},"categories":[49,16,18],"tags":[67,95,997],"class_list":["post-2822","post","type-post","status-publish","format-standard","hentry","category-antirep","category-schweiz","category-squat-the-world","tag-basel","tag-raumung","tag-schwarze-erle"],"_links":{"self":[{"href":"https:\/\/www.lagota.ch\/index.php?rest_route=\/wp\/v2\/posts\/2822","targetHints":{"allow":["GET"]}}],"collection":[{"href":"https:\/\/www.lagota.ch\/index.php?rest_route=\/wp\/v2\/posts"}],"about":[{"href":"https:\/\/www.lagota.ch\/index.php?rest_route=\/wp\/v2\/types\/post"}],"author":[{"embeddable":true,"href":"https:\/\/www.lagota.ch\/index.php?rest_route=\/wp\/v2\/users\/1"}],"replies":[{"embeddable":true,"href":"https:\/\/www.lagota.ch\/index.php?rest_route=%2Fwp%2Fv2%2Fcomments&post=2822"}],"version-history":[{"count":1,"href":"https:\/\/www.lagota.ch\/index.php?rest_route=\/wp\/v2\/posts\/2822\/revisions"}],"predecessor-version":[{"id":2824,"href":"https:\/\/www.lagota.ch\/index.php?rest_route=\/wp\/v2\/posts\/2822\/revisions\/2824"}],"wp:attachment":[{"href":"https:\/\/www.lagota.ch\/index.php?rest_route=%2Fwp%2Fv2%2Fmedia&parent=2822"}],"wp:term":[{"taxonomy":"category","embeddable":true,"href":"https:\/\/www.lagota.ch\/index.php?rest_route=%2Fwp%2Fv2%2Fcategories&post=2822"},{"taxonomy":"post_tag","embeddable":true,"href":"https:\/\/www.lagota.ch\/index.php?rest_route=%2Fwp%2Fv2%2Ftags&post=2822"}],"curies":[{"name":"wp","href":"https:\/\/api.w.org\/{rel}","templated":true}]}}