{"id":2850,"date":"2017-10-03T19:33:13","date_gmt":"2017-10-03T18:33:13","guid":{"rendered":"http:\/\/www.lagota.ch\/?p=2850"},"modified":"2017-10-03T19:43:00","modified_gmt":"2017-10-03T18:43:00","slug":"antifaschistische-demonstration-6-oktober-bern","status":"publish","type":"post","link":"https:\/\/www.lagota.ch\/?p=2850","title":{"rendered":"Antifaschistische Demonstration 6. Oktober Bern"},"content":{"rendered":"<div class=\"crayon article-chapo-403 chapo\">\n<p><strong>In j\u00fcngster Zeit haben sich in Bern und Umgebung faschistische, rassistische und sexistische Vorf\u00e4lle geh\u00e4uft. Als Antifaschist*innen finden wir es wichtig, nicht einfach wegzusehen, sondern diese Entwicklungen zu thematisieren und konsequent zu handeln. Deswegen rufen wir am 06. Oktober zu einer lauten und bunten antifaschistischen Demonstration auf.<\/strong><\/p>\n<\/div>\n<div class=\"surlignable\">\n<div class=\"crayon article-texte-403 texte-principal text\">\n<h4 class=\"spip\">Deutsch<\/h4>\n<p><a href=\"https:\/\/www.lagota.ch\/wp-content\/uploads\/antifabern.png\"><img loading=\"lazy\" decoding=\"async\" class=\"alignnone size-medium wp-image-2852\" src=\"https:\/\/www.lagota.ch\/wp-content\/uploads\/antifabern-300x168.png\" alt=\"antifabern\" width=\"300\" height=\"168\" srcset=\"https:\/\/www.lagota.ch\/wp-content\/uploads\/antifabern-300x168.png 300w, https:\/\/www.lagota.ch\/wp-content\/uploads\/antifabern.png 710w\" sizes=\"auto, (max-width: 300px) 100vw, 300px\" \/><\/a>In j\u00fcngster Zeit haben sich in Bern und Umgebung faschistische, rassistische und sexistische Vorf\u00e4lle geh\u00e4uft. Als Antifaschist*innen finden wir es wichtig, nicht einfach wegzusehen, sondern diese Entwicklungen zu thematisieren und konsequent zu handeln. Deswegen rufen wir am 06. Oktober zu einer lauten und bunten antifaschistischen Demonstration auf.<\/p>\n<p>Neofaschistische und rassistische Gesinnungen traten in den vergangenen Wochen und Monaten h\u00e4ufig in l\u00e4ndlichen Gegenden in Erscheinung. So formierte sich im Juli in Wileroltigen (BE) ein sogenanntes \u00abB\u00fcrgerkomitee\u00bb, welches gegen einen Transitplatz f\u00fcr Fahrende vorgehen wollte. Eine angek\u00fcndigte Grossdemonstration gegen den Transitplatz wurde aus Furcht vor dem zu erwartenden unkontrollierbaren rechten Mob abgesagt. Rechtsextreme Gruppierungen wie beispielsweise Blood and Honour [1], die Hammerskins [2] oder die Identit\u00e4re Bewegung [3] sehen im idyllischen Hinterland einen sicheren R\u00fcckzugsort, wo sie sich ungest\u00f6rt treffen oder \u00fcberregional beworbene und bekannte Konzerte organisieren k\u00f6nnen.<\/p>\n<p>Doch auch im Umland und in den St\u00e4dten versuchen rechte Jugendliche und Neonazis vermehrt in Erscheinung zu treten. In Bern kippte die Partei National Orientierter Schweizer (PNOS) [4] in den Morgenstunden vom 02. September \u00fcber 10`000 Flyer auf die Strassen der Berner Altstadt. Die Flyer, welche optisch Flugzeugtickets glichen, forderten mit dem Aufdruck \u00abAb: Schweiz, Ziel: Eritrea, one-way\u00bb die R\u00fcckf\u00fchrung gefl\u00fcchteter Menschen. Diese Aktion richtete sich gegen den j\u00e4hrlich stattfindenden Solidarit\u00e4tslauf f\u00fcr Sans-Papiers. Des Weiteren versucht die PNOS in verschiedenen Kantonen Fuss zu fassen, wie die j\u00fcngste Sektionsgr\u00fcndung in Solothurn gezeigt hat.<\/p>\n<p>Bei Stadtfesten, wie in Bern (B\u00fcmplizer Chilbi), Thun (Thunfest) oder Solothurn (Biertage) fielen zuletzt Rechtsextreme und Mitl\u00e4ufer*innen durch das Tragen von faschistischen Symbolen, das Gr\u00f6len von rechten Parolen und das Zeigen von Hitlergr\u00fcssen auf. In Thun und Solothurn riefen Ende Juni 2017 rechte Esotheriker*innen der Gruppe Wedia Helvetia zu Diskussionsveranstaltungen auf, um v\u00f6lkische, nationalistische und neonazistische Ideen auszutauschen.<\/p>\n<p>Die genannten Vorf\u00e4lle gehen einher mit dem gesellschaftlichen Rechtsrutsch der letzten Jahre. Wie sehr Diskriminierungsmechanismen wie Rassismus und Sexismus in die Normalit\u00e4t des Alltags eingeflossen sind, zeigte ein Vorfall Ende Juni 2017 im st\u00e4dtischen Parlament in Bern. Der SVP-Stadtrat Erich Hess konnte rassistische und sexistische Bemerkungen \u00e4ussern, ohne auf Widerstand der Anwesenden zu stossen. Auch bei den linken Parteien scheint rechtes Gedankengut salonf\u00e4hig geworden zu sein: Parteien wie die SP tragen die repressive Asylpolitik mit, statt sich dagegen zu positionieren.<\/p>\n<p>Der parlamentarische und gesellschaftliche Rechtsrutsch, sowie der neue Aktivismus von faschistischen Gruppierungen \u00e4hneln den Entwicklungen von 2007. H\u00f6hepunkt der damaligen Ereignisse bildete der Versuch der SVP, am 06. Oktober 2007 zu einem der faschistischen Rhetorik angelehnten \u00abMarsch auf Bern\u00bb zu mobilisieren. Neonazis, Wutb\u00fcrger*innen und Parteimitglieder versuchten jedoch vergeblich, ihre rassistische Gesinnung auf die Strassen Berns zu tragen.Retour ligne automatique<br class=\"autobr\" \/> 10 Jahre sp\u00e4ter ist unsere Kritik nicht schw\u00e4cher geworden. Retour ligne automatique<br class=\"autobr\" \/> Antifaschismus ist nach wie vor notwendig!<\/p>\n<h4 class=\"spip\">T\u00fcrk\u00e7e<\/h4>\n<p><strong>Antifasist Eylem<\/strong><\/p>\n<p>Yak\u0131n zaman i\u00e7erisinde Bern ve \u00e7evresinde fa\u015fizan, \u0131rk\u00e7\u0131 ve cinsiyet\u00e7i olaylar art\u0131\u015f g\u00f6sterdi. Antifa\u015fistler olarak bu olaylar\u0131 g\u00f6rmezden gelmek yerine, bu geli\u015fmelerin g\u00fcndemle\u015ftirilmesini ve bunlara kar\u015f\u0131 tav\u0131r al\u0131nmas\u0131n\u0131 \u00f6nemsiyoruz. Bu y\u00fczden sizleri 6 Ekim 2017 tarihinde \u00e7ok sesli ve \u00e7ok renkli antifa\u015fist eyleme davet ediyoruz.<\/p>\n<p>Neofa\u015fist, \u0131rk\u00e7\u0131 anlay\u0131\u015flar ve edimler, ge\u00e7ti\u011fimiz haftalarda ve aylarda s\u0131kl\u0131kla k\u0131rsal alanlarda g\u00f6r\u00fcl\u00fcr oldu. \u00d6rne\u011fin temmuz ay\u0131nda Willeroltigen\u2019de (Bern) kendilerini \u201cB\u00fcrgerkomitee\u201d olarak adland\u0131ran bir grup olu\u015ftu. Bu olu\u015fum, g\u00f6\u00e7ebelerin ge\u00e7ici konaklamas\u0131na tepki g\u00f6steriyordu. G\u00f6\u00e7ebelerin konaklamas\u0131na kar\u015f\u0131 kendi planlad\u0131klar\u0131 eylemi beklenilen ancak kontrol alt\u0131na alamayacaklar\u0131n\u0131 d\u00fc\u015f\u00fcnd\u00fckleri sa\u011f \u015fiddet y\u00fcz\u00fcnden iptal ettiler. Yine \u201cBlood and Honour\u201d, \u201cdie Hammerskins\u201d ve \u201cdie identit\u00e4re Bewegung\u201d gibi sa\u011f radikal gruplar k\u0131rsal alanlarda hi\u00e7bir sorunla kar\u015f\u0131 kar\u015f\u0131ya kalmaks\u0131z\u0131n bulu\u015fmalar ve merkezi konserler d\u00fczenledikleri g\u00fcvenilir bir geri \u00e7ekilme alan\u0131 buldular.<\/p>\n<p>\u015eehir merkezleri ve \u00e7evresinde de sa\u011f g\u00f6r\u00fc\u015fl\u00fc gen\u00e7ler ve Neonaziler giderek g\u00f6r\u00fcn\u00fcr olmaya ba\u015flad\u0131lar. Bern\u2019de PNOS (Ulusal y\u00f6nelimli \u0130svi\u00e7relilerin Partisi) 2 Eyl\u00fcl sabah\u0131 erken saatlerde on bin bildiri ku\u015flama y\u00f6ntemi ile sokaklara da\u011f\u0131tt\u0131. Bu bildiriler bir u\u00e7ak bileti \u015feklinde tasarlanm\u0131\u015f ve \u00fczerinde \u201cKalk\u0131\u015f: \u0130svi\u00e7re, Var\u0131\u015f: Eritre. Tek Y\u00f6nl\u00fc U\u00e7u\u015f\u201d yaz\u0131s\u0131 ile Eritreli g\u00f6\u00e7menlerin geri g\u00f6nderilmesi talebini i\u00e7eriyordu. Bu bildiri ku\u015flamas\u0131 her y\u0131l d\u00fczenlenen \u201cK\u00e2\u011f\u0131ts\u0131zlar i\u00e7in Dayan\u0131\u015fma Ko\u015fusu\u201d eylemine bir tepki olarak d\u00fczenlenmi\u015fti. Bunu takiben PNOS farkl\u0131 kantonlarda \u00f6rg\u00fctlenmeye \u00e7al\u0131\u015ft\u0131. En son \u00f6rne\u011fi ise Solothurn\u2019da bir sektion kurmas\u0131d\u0131r.<\/p>\n<p>Yine Bern\u2019de \u201cB\u00fcmplizer Chilbi\u201d, Thun\u2019da \u201cThunfest\u201d ve Solothurn\u2019da \u201cBiertage\u201d adlar\u0131 ile d\u00fczenlenen \u015fehir \u015f\u00f6lenlerinde sa\u011f radikaller ve destek\u00e7ileri fa\u015fizan sembolleri, sa\u011f g\u00f6r\u00fc\u015fl\u00fc naralar\u0131 ve Hitler selam\u0131 ile dikkat \u00e7ektiler. Thun ve Solothun\u2019da 2017 Haziran sonlar\u0131na do\u011fru sa\u011f g\u00f6r\u00fc\u015fl\u00fc Grup Wedia Helvetia halk\u00e7\u0131, ulusalc\u0131 ve neonazist fikirlerini geli\u015ftirmek amac\u0131yla dar ve i\u00e7e y\u00f6nelik tart\u0131\u015fma etkinliklerine \u00e7a\u011fr\u0131da bulundu.<\/p>\n<p>Bu yukar\u0131da bahsi ge\u00e7en olaylar son y\u0131llarda toplumun sa\u011fa kaymas\u0131 ile paralel geli\u015fmektedir. 2017 Haziran sonunda Bern \u015fehir parlamentosunda geli\u015fen bir olay, ayr\u0131mc\u0131l\u0131k mekanizmalar\u0131n\u0131n, \u0131rk\u00e7\u0131l\u0131k ve cinsiyet\u00e7ili\u011fin g\u00fcnl\u00fck yasam i\u00e7erisinde ne kadar da \u00e7ok normalle\u015ftirildi\u011fini kan\u0131tlamaktad\u0131r: SVP \u015fehir meclis \u00fcyesi Erich Hess \u0131rk\u00e7\u0131 ve cinsiyet\u00e7i s\u00f6ylemlerde bulunurken, kimse buna kar\u015f\u0131 duru\u015f sergilemedi. Bu anlamda sol partiler sa\u011f\u0131n d\u00fc\u015f\u00fcnceleri ile uzla\u015fm\u0131\u015f g\u00f6r\u00fcnmekte, SP gibi partiler sert m\u00fclteci politikaya kar\u015f\u0131 durmak yerine, buna katk\u0131 sunmaktad\u0131r.<\/p>\n<p>Parlamento ve toplumdaki sa\u011fa y\u00f6nelim yine fa\u015fist gruplar\u0131n yeni aktivizmi 2007\u2019deki geli\u015fmeleri and\u0131rmaktad\u0131r. O d\u00f6nem olaylar\u0131n\u0131n y\u00fckseli\u015f noktas\u0131 6 Ekim 2007\u2019deki SVP\u2019nin \u201cBern\u2019e y\u00fcr\u00fcy\u00fc\u015f\u201d d\u00fczenlemeye \u00e7al\u0131\u015fmas\u0131yd\u0131. O d\u00f6nem neonazilerin, k\u00fc\u00e7\u00fck k\u0131zg\u0131n adamlar\u0131n ve parti \u00fcyelerinin \u0131rk\u00e7\u0131 g\u00f6r\u00fc\u015flerini soka\u011fa ta\u015f\u0131ma \u00e7abalar\u0131 bo\u015fa \u00e7\u0131kt\u0131. O g\u00fcnden bug\u00fcne 10 y\u0131l zaman s\u00fcreci ge\u00e7mesine ra\u011fmen antifa\u015fist bir politika ve toplum i\u00e7in ele\u015ftirilerimiz azalmad\u0131. Aksine antifa\u015fist duru\u015f d\u00fcn oldu\u011fu gibi bug\u00fcnde ihtiya\u00e7t\u0131r.<\/p>\n<p>Cinsiyetli\u011fe kar\u015f\u0131 sava\u015f<br class=\"autobr\" \/> Antifa\u015fist Davran<br class=\"autobr\" \/> <strong><br class=\"autobr\" \/> Antifasist Eylem<br class=\"autobr\" \/> 6 Ekim 2017<br class=\"autobr\" \/> Cuma G\u00fcn\u00fc<br class=\"autobr\" \/> Saat 19:30<br class=\"autobr\" \/> Zytglogge Bern<\/strong><\/p>\n<h4 class=\"spip\">fran\u00e7ais<\/h4>\n<p><strong>Manifestation antifasciste le 6 octobre 2017, 19:30 au Zytglogge \u00e0 Berne.<\/strong><\/p>\n<p>R\u00e9cemment, des incidents fascistes, racistes et sexistes se sont accumul\u00e9s \u00e0 Berne et dans les environs. Comme antifascistes nous trouvons important de ne pas simplement d\u00e9tourner les yeux, mais de faire de ce d\u00e9veloppement un th\u00e8me de discussion et d\u2019agir de mani\u00e8re coh\u00e9rente. Pour cela, nous appelons \u00e0 une manifestation antifasciste bruyante et color\u00e9e le 6 octobre.<\/p>\n<p>Des attitudes n\u00e9o-fascistes et racistes apparaissaient souvent dans les zones rurales au cours des derni\u00e8res semaines et mois. Ainsi, \u00e0 Wileroltigen (BE), un soi-disant \u00abB\u00fcrgerkomitee\u00bb, qui voulait aller contre un lieu de transit pour \u00abFahrende\u00bb, a \u00e9t\u00e9 form\u00e9 en juillet. Une grande manifestation annonc\u00e9e contre la zone de transit a \u00e9t\u00e9 annul\u00e9e par crainte de la foule droite incontournable qui \u00e9tait attendue. Les groupes extr\u00e9mistes de droite tels que Blood and Honour (1), les Hammerskins (2) ou le mouvement d\u2019identit\u00e9 (3) voient une retraite s\u00fbre dans l\u2019arri\u00e8re-pays idyllique, o\u00f9 ils peuvent se rencontrer sans \u00eatre perturb\u00e9s ou organiser des concerts notoirement connus.<\/p>\n<p>Cependant, les jeunes de droite et les n\u00e9o-nazis essaient de plus en plus d\u2019appara\u00eetre dans les p\u00e9riph\u00e9ries et les villes. \u00c0 Berne dans les heures du matin du 2 septembre, le parti PNOS a distribu\u00e9 plus de 10 000 d\u00e9pliants dans les rues de la vieille ville de Berne. Les d\u00e9pliants, qui ressemblaient visuellement aux billets d\u2019avion, demandaient le retour des fugitifs avec l\u2019inscription: \u201ed\u00e9part: Suisse, destination: Erythr\u00e9e, one-way\u201c. Cette action \u00e9tait dirig\u00e9e contre la course solidaire annuelle de Sans-Papiers. Le parti PNOS essaie de s\u2019imposer dans divers cantons, comme la fondation de la section r\u00e9cente trouv\u00e9e \u00e0 Soleure.<\/p>\n<p>Dans les f\u00eates de ville tels que Berne (B\u00fcmplizer Chilbi), Thun (Thunfest) ou Soleure (Biertage), les extr\u00e9mistes droite et des suiveur*euse sont venus en avant en utilisant des symboles fascistes, le braillement des slogans de droite et la d\u00e9monstration des salutations d\u2019Hitler. \u00c0 Thun et \u00e0 Soleure, les \u00e9sot\u00e9riques droites du groupe \u00abWedia Helvetia\u00bb ont appel\u00e9 \u00e0 des discussions pour \u00e9changer des id\u00e9es nationalistes et n\u00e9o-nazies.<\/p>\n<p>Ces incidents s\u2019accompagnent du glissement droit social des derni\u00e8res ann\u00e9es. Combien des m\u00e9canismes de discrimination, comme le racisme et le sexisme, sont entr\u00e9s dans la normalit\u00e9 de la vie quotidienne, a montr\u00e9 un incident \u00e0 la fin du mois de juin 2017 dans le parlement municipal de Berne. Le conseiller municipal de l\u2019UDC, Erich Hess, a pu exprimer des remarques racistes et sexistes sans rencontrer de r\u00e9sistance du public. M\u00eame dans les partis de gauche, la pens\u00e9e droite semble d\u2019\u00eatre devenu convenable: Des partis comme la parti socialiste suisse sont impliqu\u00e9s dans la politique d\u2019asile r\u00e9pressive, au lieu de se positionner contre elle.<\/p>\n<p>Le glissement droite parlementaire et social, ainsi que le nouvel activisme des groupes fascistes, ressemblent aux d\u00e9veloppements de 2007. Le moment fort des \u00e9v\u00e9nements \u00e0 cette \u00e9poque \u00e9tait la tentative de l\u2019UDC de mobiliser le 6 octobre 2007 une \u00abmarche sur Berne\u00bb, bas\u00e9e sur la rh\u00e9torique fasciste. Cependant, les n\u00e9o-nazis, les indign\u00e9s et les membres du parti ont essay\u00e9 en vain de porter leurs opinions racistes dans les rues de Berne. 10 ans plus tard, notre critique n\u2019a pas diminu\u00e9. L\u2019antifascisme est toujours n\u00e9cessaire!<\/p>\n<\/div>\n<\/div>\n<div class=\"ps\">\n<h4>P.S.<\/h4>\n<div class=\"crayon article-ps-403 surlignable\">\n<p>Mehr Infos: <a class=\"spip_url spip_out auto\" href=\"https:\/\/antifaschistischedemo.noblogs.org\/\" rel=\"nofollow external\">https:\/\/antifaschistischedemo.noblogs.org\/<\/a><\/p>\n<\/div>\n<\/div>\n","protected":false},"excerpt":{"rendered":"<p>In j\u00fcngster Zeit haben sich in Bern und Umgebung faschistische, rassistische und sexistische Vorf\u00e4lle geh\u00e4uft. Als Antifaschist*innen finden wir es wichtig, nicht einfach wegzusehen, sondern diese Entwicklungen zu thematisieren und konsequent zu handeln. Deswegen rufen wir am 06. Oktober zu einer lauten und bunten antifaschistischen Demonstration auf. <a href=\"https:\/\/www.lagota.ch\/?p=2850\">Continue reading <span class=\"meta-nav\">&rarr;<\/span><\/a><\/p>\n","protected":false},"author":1,"featured_media":0,"comment_status":"closed","ping_status":"open","sticky":false,"template":"","format":"standard","meta":{"footnotes":""},"categories":[13,328,16,18],"tags":[1149,102,173],"class_list":["post-2850","post","type-post","status-publish","format-standard","hentry","category-antifa","category-antira","category-schweiz","category-squat-the-world","tag-antifa","tag-bern","tag-neonazis"],"_links":{"self":[{"href":"https:\/\/www.lagota.ch\/index.php?rest_route=\/wp\/v2\/posts\/2850","targetHints":{"allow":["GET"]}}],"collection":[{"href":"https:\/\/www.lagota.ch\/index.php?rest_route=\/wp\/v2\/posts"}],"about":[{"href":"https:\/\/www.lagota.ch\/index.php?rest_route=\/wp\/v2\/types\/post"}],"author":[{"embeddable":true,"href":"https:\/\/www.lagota.ch\/index.php?rest_route=\/wp\/v2\/users\/1"}],"replies":[{"embeddable":true,"href":"https:\/\/www.lagota.ch\/index.php?rest_route=%2Fwp%2Fv2%2Fcomments&post=2850"}],"version-history":[{"count":2,"href":"https:\/\/www.lagota.ch\/index.php?rest_route=\/wp\/v2\/posts\/2850\/revisions"}],"predecessor-version":[{"id":2853,"href":"https:\/\/www.lagota.ch\/index.php?rest_route=\/wp\/v2\/posts\/2850\/revisions\/2853"}],"wp:attachment":[{"href":"https:\/\/www.lagota.ch\/index.php?rest_route=%2Fwp%2Fv2%2Fmedia&parent=2850"}],"wp:term":[{"taxonomy":"category","embeddable":true,"href":"https:\/\/www.lagota.ch\/index.php?rest_route=%2Fwp%2Fv2%2Fcategories&post=2850"},{"taxonomy":"post_tag","embeddable":true,"href":"https:\/\/www.lagota.ch\/index.php?rest_route=%2Fwp%2Fv2%2Ftags&post=2850"}],"curies":[{"name":"wp","href":"https:\/\/api.w.org\/{rel}","templated":true}]}}