{"id":2855,"date":"2017-10-09T13:40:21","date_gmt":"2017-10-09T12:40:21","guid":{"rendered":"http:\/\/www.lagota.ch\/?p=2855"},"modified":"2017-10-09T13:40:21","modified_gmt":"2017-10-09T12:40:21","slug":"zur-antifaschistischen-demo","status":"publish","type":"post","link":"https:\/\/www.lagota.ch\/?p=2855","title":{"rendered":"Zur antifaschistischen Demo&#8230;"},"content":{"rendered":"<div class=\"crayon article-chapo-452 chapo\">\n<p><strong>Rund 500 Menschen sind heute unserem Aufruf gefolgt und in die Berner Innenstadt gekommen, um ein Zeichen gegen Faschismus, Rassismus und Sexismus zu setzen. Trotz unserer aktiven Kommunikation im Vorfeld, setzte die Polizei heute alles daran, Demonstrationsumz\u00fcge zu verhindern.<\/strong><\/p>\n<\/div>\n<div class=\"surlignable\">\n<div class=\"crayon article-texte-452 texte-principal text\">\n<p>Willk\u00fcrlich wurden vor allem Jugendliche kontrolliert, schikaniert und verhaftet. Aufgrund des massiven Aufgebotes und der faktischen Platzbesetzung durch die Polizei, riefen wir zu dezentralen Aktionen in der Innenstadt auf. <br class=\"autobr\" \/> Kurz vor 21 Uhr formierte sich ein Umzug mit 120 Teilnehmer*innen und lief vom Bahnhofplatz Richtung Bubenbergplatz \u2013 Bahnhofplatz \u2013 Bollwerk \u2013 Amtshaus zur Sch\u00fctzenmatte. <br class=\"autobr\" \/> <span class=\"spip_document_595 spip_documents spip_documents_center\"> <a href=\"https:\/\/barrikade.info\/home\/chroot_ml\/ml-barrikade\/ml-barrikade\/public_html\/local\/cache-vignettes\/L614xH410\/22196444_526550051028815_8915602475442771127_n-2bf9c.jpg?1507333137\" data-toggle=\"lightbox\" data-gallery=\"gallery\"><img loading=\"lazy\" decoding=\"async\" class=\"img-fluid col-12 col-sm-12 col-md-12 col-lg-12\" src=\"https:\/\/barrikade.info\/home\/chroot_ml\/ml-barrikade\/ml-barrikade\/public_html\/local\/cache-vignettes\/L614xH410\/22196444_526550051028815_8915602475442771127_n-2bf9c.jpg?1507333137\" alt=\"\" width=\"614\" height=\"410\" \/><\/a><\/span><\/p>\n<p>Die repressive Strategie in Bern gegen antifaschistische Demonstrationen massiv vorzugehen sendete ein gef\u00e4hrliches Zeichen. Es f\u00fchrt dazu, dass sich faschistische, rassistische und sexistische Kreise weiter best\u00e4rkt f\u00fchlen. Das Ziel, eine grosse und vielf\u00e4ltige Demonstration durchzuf\u00fchren haben wir heute somit nicht erreicht. Wir werden uns die kommenden Tage beraten und euch n\u00e4chste Woche \u00fcber das weitere Vorgehen informieren. <br class=\"autobr\" \/> <span class=\"spip_document_596 spip_documents spip_documents_center\"> <a href=\"https:\/\/barrikade.info\/home\/chroot_ml\/ml-barrikade\/ml-barrikade\/public_html\/local\/cache-vignettes\/L614xH409\/22221555_526550097695477_1641251148606297347_n-f414f.jpg?1507333137\" data-toggle=\"lightbox\" data-gallery=\"gallery\"><img loading=\"lazy\" decoding=\"async\" class=\"img-fluid col-12 col-sm-12 col-md-12 col-lg-12\" src=\"https:\/\/barrikade.info\/home\/chroot_ml\/ml-barrikade\/ml-barrikade\/public_html\/local\/cache-vignettes\/L614xH409\/22221555_526550097695477_1641251148606297347_n-f414f.jpg?1507333137\" alt=\"\" width=\"614\" height=\"409\" \/><\/a><\/span><\/p>\n<p>Wir m\u00f6chten uns bei all den Gruppen und Menschen bedanken, die sich die letzten Tage solidarisch gezeigt haben und nat\u00fcrlich bei all jenen, die heute nach Bern gekommen sind. Der heutige Tag hat gezeigt, dass die Stadt und die Polizei keine Verb\u00fcndeten im Kampf gegen Faschismus, Rassismus, sowie Sexismus darstellen und hunderte PolizistInnen uns nicht einsch\u00fcchtern k\u00f6nnen, auf die Strasse zu gehen.<\/p>\n<p><i>Wer heute von repressiven Massnahmen betroffen war, kann sich beim AntiRep unter folgender Email melden: info@antirep-bern.ch<\/p>\n<p>Quelle: <a href=\"https:\/\/barrikade.info\/Rund-500-Menschen-sind-heute-unserem-Aufruf-452\">https:\/\/barrikade.info\/Rund-500-Menschen-sind-heute-unserem-Aufruf-452<\/a><br \/>\n<\/i><\/p>\n<\/div>\n<\/div>\n","protected":false},"excerpt":{"rendered":"<p>Rund 500 Menschen sind heute unserem Aufruf gefolgt und in die Berner Innenstadt gekommen, um ein Zeichen gegen Faschismus, Rassismus und Sexismus zu setzen. Trotz unserer aktiven Kommunikation im Vorfeld, setzte die Polizei heute alles daran, Demonstrationsumz\u00fcge zu verhindern. <a href=\"https:\/\/www.lagota.ch\/?p=2855\">Continue reading <span class=\"meta-nav\">&rarr;<\/span><\/a><\/p>\n","protected":false},"author":1,"featured_media":0,"comment_status":"closed","ping_status":"open","sticky":false,"template":"","format":"standard","meta":{"footnotes":""},"categories":[13,328,49,16,18],"tags":[1149,102,66,27],"class_list":["post-2855","post","type-post","status-publish","format-standard","hentry","category-antifa","category-antira","category-antirep","category-schweiz","category-squat-the-world","tag-antifa","tag-bern","tag-demo","tag-repression"],"_links":{"self":[{"href":"https:\/\/www.lagota.ch\/index.php?rest_route=\/wp\/v2\/posts\/2855","targetHints":{"allow":["GET"]}}],"collection":[{"href":"https:\/\/www.lagota.ch\/index.php?rest_route=\/wp\/v2\/posts"}],"about":[{"href":"https:\/\/www.lagota.ch\/index.php?rest_route=\/wp\/v2\/types\/post"}],"author":[{"embeddable":true,"href":"https:\/\/www.lagota.ch\/index.php?rest_route=\/wp\/v2\/users\/1"}],"replies":[{"embeddable":true,"href":"https:\/\/www.lagota.ch\/index.php?rest_route=%2Fwp%2Fv2%2Fcomments&post=2855"}],"version-history":[{"count":1,"href":"https:\/\/www.lagota.ch\/index.php?rest_route=\/wp\/v2\/posts\/2855\/revisions"}],"predecessor-version":[{"id":2856,"href":"https:\/\/www.lagota.ch\/index.php?rest_route=\/wp\/v2\/posts\/2855\/revisions\/2856"}],"wp:attachment":[{"href":"https:\/\/www.lagota.ch\/index.php?rest_route=%2Fwp%2Fv2%2Fmedia&parent=2855"}],"wp:term":[{"taxonomy":"category","embeddable":true,"href":"https:\/\/www.lagota.ch\/index.php?rest_route=%2Fwp%2Fv2%2Fcategories&post=2855"},{"taxonomy":"post_tag","embeddable":true,"href":"https:\/\/www.lagota.ch\/index.php?rest_route=%2Fwp%2Fv2%2Ftags&post=2855"}],"curies":[{"name":"wp","href":"https:\/\/api.w.org\/{rel}","templated":true}]}}