{"id":2857,"date":"2017-10-17T13:32:31","date_gmt":"2017-10-17T12:32:31","guid":{"rendered":"http:\/\/www.lagota.ch\/?p=2857"},"modified":"2017-10-17T13:32:31","modified_gmt":"2017-10-17T12:32:31","slug":"madrid-eskaliert","status":"publish","type":"post","link":"https:\/\/www.lagota.ch\/?p=2857","title":{"rendered":"Madrid eskaliert"},"content":{"rendered":"<p><strong>Sondergericht l\u00e4sst f\u00fchrende Vertreter der katalanischen Unabh\u00e4ngigkeitsbewegung ins Gef\u00e4ngnis stecken<\/strong><\/p>\n<p>Nur Stunden, nachdem der katalanische Ministerpr\u00e4sident Carles Puigdemont der spanischen Zentralregierung erneut Gespr\u00e4che angeboten hat, sind zwei f\u00fchrende Aktivisten der Unabh\u00e4ngigkeitsbewegung inhaftiert worden. Carmen Lamela, Richterin am Sondergerichtshof Audiencia Nacional in Madrid, ordnete die Inhaftierung des Pr\u00e4sidenten der Katalanischen Nationalversammlung (ANC), Jordi S\u00e1nchez, sowie seines Kollegen von der Kulturvereinigung \u00d3mnium Cultural, Jordi Cuixart, an. Sie sollen f\u00fcr die Dauer der Ermittlungen wegen \u00bbaufr\u00fchrerischen Verhaltens\u00ab in Gewahrsam bleiben. Auch die Zahlung einer Kaution lehnte die Richterin ab.<\/p>\n<p>Die beiden Organisationen haben in den vergangenen Jahren wiederholt Gro\u00dfdemonstrationen f\u00fcr die Unabh\u00e4ngigkeit Kataloniens organisiert. Zuletzt waren am 11. September eine Million Menschen in Barcelona f\u00fcr das Recht auf die Stra\u00dfe gegangen, selbst in einem Referendum \u00fcber die Zukunft ihres Landes entscheiden zu d\u00fcrfen. Barcelonas B\u00fcrgermeisterin Ada Colau nannte es \u00fcber Twitter \u00bbbarbarisch\u00ab, dass jemand wegen des Organisierens einer friedlichen Demonstration inhaftiert werde. ANC und \u00d3mnium riefen f\u00fcr Dienstag um 12 Uhr zu Arbeitsniederlegungen auf. Au\u00dferdem sollen sich die Menschen um 19 Uhr schweigend vor den Vertretungen der spanischen Regierung in den St\u00e4dten Kataloniens versammeln. (Reuters\/jW)<\/p>\n","protected":false},"excerpt":{"rendered":"<p>Sondergericht l\u00e4sst f\u00fchrende Vertreter der katalanischen Unabh\u00e4ngigkeitsbewegung ins Gef\u00e4ngnis stecken <a href=\"https:\/\/www.lagota.ch\/?p=2857\">Continue reading <span class=\"meta-nav\">&rarr;<\/span><\/a><\/p>\n","protected":false},"author":1,"featured_media":0,"comment_status":"closed","ping_status":"open","sticky":false,"template":"","format":"standard","meta":{"footnotes":""},"categories":[10],"tags":[1005,27,277],"class_list":["post-2857","post","type-post","status-publish","format-standard","hentry","category-aus-aller-welt","tag-katalonien","tag-repression","tag-spanien"],"_links":{"self":[{"href":"https:\/\/www.lagota.ch\/index.php?rest_route=\/wp\/v2\/posts\/2857","targetHints":{"allow":["GET"]}}],"collection":[{"href":"https:\/\/www.lagota.ch\/index.php?rest_route=\/wp\/v2\/posts"}],"about":[{"href":"https:\/\/www.lagota.ch\/index.php?rest_route=\/wp\/v2\/types\/post"}],"author":[{"embeddable":true,"href":"https:\/\/www.lagota.ch\/index.php?rest_route=\/wp\/v2\/users\/1"}],"replies":[{"embeddable":true,"href":"https:\/\/www.lagota.ch\/index.php?rest_route=%2Fwp%2Fv2%2Fcomments&post=2857"}],"version-history":[{"count":1,"href":"https:\/\/www.lagota.ch\/index.php?rest_route=\/wp\/v2\/posts\/2857\/revisions"}],"predecessor-version":[{"id":2858,"href":"https:\/\/www.lagota.ch\/index.php?rest_route=\/wp\/v2\/posts\/2857\/revisions\/2858"}],"wp:attachment":[{"href":"https:\/\/www.lagota.ch\/index.php?rest_route=%2Fwp%2Fv2%2Fmedia&parent=2857"}],"wp:term":[{"taxonomy":"category","embeddable":true,"href":"https:\/\/www.lagota.ch\/index.php?rest_route=%2Fwp%2Fv2%2Fcategories&post=2857"},{"taxonomy":"post_tag","embeddable":true,"href":"https:\/\/www.lagota.ch\/index.php?rest_route=%2Fwp%2Fv2%2Ftags&post=2857"}],"curies":[{"name":"wp","href":"https:\/\/api.w.org\/{rel}","templated":true}]}}