{"id":2860,"date":"2017-10-20T12:19:16","date_gmt":"2017-10-20T11:19:16","guid":{"rendered":"http:\/\/www.lagota.ch\/?p=2860"},"modified":"2017-10-20T12:21:01","modified_gmt":"2017-10-20T11:21:01","slug":"30-jahre-reitschule-30-jahre-widerstand","status":"publish","type":"post","link":"https:\/\/www.lagota.ch\/?p=2860","title":{"rendered":"30 Jahre Reitschule &#8211; 30 Jahre Widerstand"},"content":{"rendered":"<div class=\"crayon article-chapo-475 chapo\">\n<p><strong>Vor 30 Jahren brannte es in Bern und anderen St\u00e4dten: Die Forderung nach mehr Freiraum erschallte im ganzen Land. Die Menschen stellten sich gegen die herrschende Ordnung und forderten Selbstbestimmung und Freiheit. Mehrere Besetzungen wie etwa das Zaffaraya entstanden, wurden aber durch Staat und Polizei brutal angegriffen. Die Reitschule wurde in diesen Protesten erk\u00e4mpft.<\/strong><\/p>\n<\/div>\n<div class=\"surlignable\">\n<div class=\"crayon article-texte-475 texte-principal text\">\n<p><a href=\"https:\/\/www.lagota.ch\/wp-content\/uploads\/reithalle.png\"><img loading=\"lazy\" decoding=\"async\" class=\"alignnone size-medium wp-image-2861\" src=\"https:\/\/www.lagota.ch\/wp-content\/uploads\/reithalle-212x300.png\" alt=\"reithalle\" width=\"212\" height=\"300\" srcset=\"https:\/\/www.lagota.ch\/wp-content\/uploads\/reithalle-212x300.png 212w, https:\/\/www.lagota.ch\/wp-content\/uploads\/reithalle.png 614w\" sizes=\"auto, (max-width: 212px) 100vw, 212px\" \/><\/a><\/p>\n<p>Seit der ersten Besetzung versteht sich die Reitschule als politischer Raum: 30 Jahre Reitschule heisst darum auch 30 Jahre aktiver Widerstand. Der entstandenen antifaschistischen Bewegung gelang schlagkr\u00e4ftige Aktionen gegen lokale Strukturen von Rechtsextremen. Die Anti-Globalisierungsbewegung hatte in der Reitschule eine starke Basis; weltweite politische K\u00e4mpfe stiessen hier immer auf Unterst\u00fctzung und Solidarit\u00e4t.<\/p>\n<p>Die Entwicklung der Reitschule ist trotzdem kritisch zu betrachten. Im Laufe der Zeit hat sich vieles ver\u00e4ndert. Neben dem Neuen, das seit drei Jahrzehnten jeden Tag entsteht, hatte die \u201eHalle\u201c immer mit Problemen zu k\u00e4mpfen. Oft hatte die Reitschule mit inneren Konflikten \u00fcber das Selbstverst\u00e4ndnis und die t\u00e4gliche Praxis zu ringen. Von aussen gingen regelm\u00e4ssig Angriffe aus der b\u00fcrgerlichen Mitte und der rechten Ecke auf die Reitschule nieder. Parallel dazu gibt es Umarmungsversuche und die Taktik der Spaltung von \u201ekulturellen\u201c und \u201epolitischen\u201c Kr\u00e4ften im Hause.<\/p>\n<p>Die Reitschule hat Bern gepr\u00e4gt. Sie ist ebenso ein kleiner Teil einer gr\u00f6sseren Bewegung des Widerstandes weltweit. Unter anderem durch die Reitschule wurden neue Ideen inspiriert. Sie steht heute immer noch. Auch nach 30 Jahren geht der Kampf weiter.<\/p>\n<p>Heraus zur Demo \u201e30 Jahre sind nicht genug, die Utopie ins Hier und Jetzt holen!\u201c am 28.10.2017, 18.00 beim B\u00e4rengraben<\/p>\n<\/div>\n<\/div>\n","protected":false},"excerpt":{"rendered":"<p>Vor 30 Jahren brannte es in Bern und anderen St\u00e4dten: Die Forderung nach mehr Freiraum erschallte im ganzen Land. Die Menschen stellten sich gegen die herrschende Ordnung und forderten Selbstbestimmung und Freiheit. Mehrere Besetzungen wie etwa das Zaffaraya entstanden, wurden aber durch Staat und Polizei brutal angegriffen. Die Reitschule wurde in diesen Protesten erk\u00e4mpft. <a href=\"https:\/\/www.lagota.ch\/?p=2860\">Continue reading <span class=\"meta-nav\">&rarr;<\/span><\/a><\/p>\n","protected":false},"author":1,"featured_media":0,"comment_status":"closed","ping_status":"open","sticky":false,"template":"","format":"standard","meta":{"footnotes":""},"categories":[16,18,4],"tags":[102,104,27,1006],"class_list":["post-2860","post","type-post","status-publish","format-standard","hentry","category-schweiz","category-squat-the-world","category-veranstaltung","tag-bern","tag-reitschule","tag-repression","tag-selbstbestimmung"],"_links":{"self":[{"href":"https:\/\/www.lagota.ch\/index.php?rest_route=\/wp\/v2\/posts\/2860","targetHints":{"allow":["GET"]}}],"collection":[{"href":"https:\/\/www.lagota.ch\/index.php?rest_route=\/wp\/v2\/posts"}],"about":[{"href":"https:\/\/www.lagota.ch\/index.php?rest_route=\/wp\/v2\/types\/post"}],"author":[{"embeddable":true,"href":"https:\/\/www.lagota.ch\/index.php?rest_route=\/wp\/v2\/users\/1"}],"replies":[{"embeddable":true,"href":"https:\/\/www.lagota.ch\/index.php?rest_route=%2Fwp%2Fv2%2Fcomments&post=2860"}],"version-history":[{"count":1,"href":"https:\/\/www.lagota.ch\/index.php?rest_route=\/wp\/v2\/posts\/2860\/revisions"}],"predecessor-version":[{"id":2862,"href":"https:\/\/www.lagota.ch\/index.php?rest_route=\/wp\/v2\/posts\/2860\/revisions\/2862"}],"wp:attachment":[{"href":"https:\/\/www.lagota.ch\/index.php?rest_route=%2Fwp%2Fv2%2Fmedia&parent=2860"}],"wp:term":[{"taxonomy":"category","embeddable":true,"href":"https:\/\/www.lagota.ch\/index.php?rest_route=%2Fwp%2Fv2%2Fcategories&post=2860"},{"taxonomy":"post_tag","embeddable":true,"href":"https:\/\/www.lagota.ch\/index.php?rest_route=%2Fwp%2Fv2%2Ftags&post=2860"}],"curies":[{"name":"wp","href":"https:\/\/api.w.org\/{rel}","templated":true}]}}