{"id":2863,"date":"2017-10-25T10:02:07","date_gmt":"2017-10-25T09:02:07","guid":{"rendered":"http:\/\/www.lagota.ch\/?p=2863"},"modified":"2017-10-25T10:02:07","modified_gmt":"2017-10-25T09:02:07","slug":"keinen-fussbreit-den-menschenjagerinnen","status":"publish","type":"post","link":"https:\/\/www.lagota.ch\/?p=2863","title":{"rendered":"Keinen Fussbreit den Menschenj\u00e4ger*innen"},"content":{"rendered":"<div class=\"crayon article-chapo-488 chapo\">\n<p>Aktionstage vom 09. bis 13. November gegen das Migrationsgipfeltreffen der Innenminister*innen in Bern.<\/p>\n<\/div>\n<div class=\"surlignable\">\n<div class=\"crayon article-texte-488 texte-principal text\">\n<p><strong>Internierungslager im W\u00fcstensand<\/strong><\/p>\n<p>Am 12. und 13. November organisiert die Schweiz das dritte Treffen der sogenannten \u00abKontaktgruppe zentrales Mittelmeer\u00bb (\u00abCentral Mediterranean Contact Group\u00bb) in Bern. An diesem Gipfeltreffen werden neben Simonetta Sommaruga voraussichtlich die Innenminister*innen von Algerien, Frankreich, Libyen, Mali, Malta, Niger, \u00d6sterreich, Tschad, Tunesien und Estland als Vertreter der EU teilnehmen.<\/p>\n<p>Unter dem Vorwand, \u00abMenschenleben zu retten\u00bb wird unter Ausschluss der \u00d6ffentlichkeit diskutiert, wie Migrant*innen auf ihrem Weg von Herkunfts- und Transitstaaten im zentralen Mittelmeerraum kriminalisiert und bek\u00e4mpft werden k\u00f6nnen. Um dieses Ziel zu erreichen, werden folgende Massnahmen angestrebt:<\/p>\n<ul class=\"spip\">\n<li>Verst\u00e4rkung der Grenzschutztruppen durch spezifische Trainings, Informationsaustausch, \u00dcberwachung und materielle Aufr\u00fcstung<\/li>\n<li>F\u00f6rderung von R\u00fcckschaffungsdeals gekoppelt an wirtschaftliche Anreize in Herkunftsl\u00e4ndern<\/li>\n<li>Finanzierung von europ\u00e4ischen milit\u00e4rischen Einsatzgruppen und \u00abHotspots\u00bb \u2013 riesige Internierungslager f\u00fcr Gefl\u00fcchtete \u2013 entlang der nordafrikanischen K\u00fcste bis in die Sahelzone<\/li>\n<li>Bek\u00e4mpfung von nicht kontrollierten Meeres- und W\u00fcstendurchquerungen<\/li>\n<\/ul>\n<p><strong>Bedrohungsszenario heraufbeschw\u00f6ren<\/strong><\/p>\n<p>Die Mitglieder der \u00abKontaktgruppe zentrales Mittelmeer\u00bb stellen die Migrant*innen als eine Bedrohung f\u00fcr alle \u00abHerkunfts-, Transit- und Ziell\u00e4nder\u00bb dar und konstruieren ein k\u00fcnstliches Wir-Gef\u00fchl, anhand dessen sie diese gemeinsamen Massnahmen legitimieren. In ihrer gemeinsamen Erkl\u00e4rung des ersten Treffens verschweigen sie die von Europa und der Schweiz mitverantworteten Fluchtursachen, sowie die lebensbedrohenden und menschenverachtenden Bedingungen, in denen Gefl\u00fcchtete in Europa und auf dem Fluchtrouten leben m\u00fcssen. Betroffene werden nicht um ihre Meinung gefragt.<\/p>\n<p><strong>Es gibt kein ruhiges Hinterland!<\/strong><\/p>\n<p>Die Schweiz als Gastgeberin des dritten Treffens will die Verhandlungen und somit die Umsetzung dieser Kriegsstrategie gegen Gefl\u00fcchtete im Mittelmeerraum bis hin zur Sahelzone vorantreiben. Die Schweizer Beh\u00f6rden bem\u00fchen sich, das Treffen still und heimlich durchzuf\u00fchren. Davon lassen wir uns jedoch nicht abhalten<\/p>\n<p><strong>Sichtbaren, breit und vielf\u00e4ltig Widerstand leisten<\/strong><\/p>\n<p>Lasst uns die Akteur*innen und ihre Politik benennen, sie bek\u00e4mpfen und st\u00f6ren! Egal zu welchem Zeitpunkt, an welchem Ort und auf welche Art und Weise, lasst uns alle unsere Wut, Kritik und unseren Protest auf die Strasse tragen!<\/p>\n<p><strong>Aktionstage vom 09. bis 13. November <\/strong> gegen das Migrationsgipfeltreffen in der Schweiz \u2013 \u201cbenennen, bek\u00e4mpfen, st\u00f6ren!\u201d<\/p>\n<p>Informiere dich und andere laufend \u00fcber deine\/eure Aktionen: Poste Berichte, Fotos, Kunstwerke, Filme etc. auf barrikade.info oder facebook.<\/p>\n<\/div>\n<\/div>\n<div class=\"ps\">\n<h4>P.S.<\/h4>\n<div class=\"crayon article-ps-488 surlignable\">\n<p>Flyer, etc folgen&#8230;<\/p>\n<p>Quelle: <a href=\"https:\/\/barrikade.info\/Keinen-Fussbreit-den-Menschenjager-innen-488\">https:\/\/barrikade.info\/Keinen-Fussbreit-den-Menschenjager-innen-488<\/a><\/p>\n<\/div>\n<\/div>\n","protected":false},"excerpt":{"rendered":"<p>Aktionstage vom 09. bis 13. November gegen das Migrationsgipfeltreffen der Innenminister*innen in Bern. <a href=\"https:\/\/www.lagota.ch\/?p=2863\">Continue reading <span class=\"meta-nav\">&rarr;<\/span><\/a><\/p>\n","protected":false},"author":1,"featured_media":0,"comment_status":"closed","ping_status":"open","sticky":false,"template":"","format":"standard","meta":{"footnotes":""},"categories":[328,406,4],"tags":[102,798,1160,1007],"class_list":["post-2863","post","type-post","status-publish","format-standard","hentry","category-antira","category-migration","category-veranstaltung","tag-bern","tag-frontex","tag-migration","tag-migrationsgipfeltreffen"],"_links":{"self":[{"href":"https:\/\/www.lagota.ch\/index.php?rest_route=\/wp\/v2\/posts\/2863","targetHints":{"allow":["GET"]}}],"collection":[{"href":"https:\/\/www.lagota.ch\/index.php?rest_route=\/wp\/v2\/posts"}],"about":[{"href":"https:\/\/www.lagota.ch\/index.php?rest_route=\/wp\/v2\/types\/post"}],"author":[{"embeddable":true,"href":"https:\/\/www.lagota.ch\/index.php?rest_route=\/wp\/v2\/users\/1"}],"replies":[{"embeddable":true,"href":"https:\/\/www.lagota.ch\/index.php?rest_route=%2Fwp%2Fv2%2Fcomments&post=2863"}],"version-history":[{"count":1,"href":"https:\/\/www.lagota.ch\/index.php?rest_route=\/wp\/v2\/posts\/2863\/revisions"}],"predecessor-version":[{"id":2864,"href":"https:\/\/www.lagota.ch\/index.php?rest_route=\/wp\/v2\/posts\/2863\/revisions\/2864"}],"wp:attachment":[{"href":"https:\/\/www.lagota.ch\/index.php?rest_route=%2Fwp%2Fv2%2Fmedia&parent=2863"}],"wp:term":[{"taxonomy":"category","embeddable":true,"href":"https:\/\/www.lagota.ch\/index.php?rest_route=%2Fwp%2Fv2%2Fcategories&post=2863"},{"taxonomy":"post_tag","embeddable":true,"href":"https:\/\/www.lagota.ch\/index.php?rest_route=%2Fwp%2Fv2%2Ftags&post=2863"}],"curies":[{"name":"wp","href":"https:\/\/api.w.org\/{rel}","templated":true}]}}