{"id":2866,"date":"2017-11-03T14:32:35","date_gmt":"2017-11-03T13:32:35","guid":{"rendered":"http:\/\/www.lagota.ch\/?p=2866"},"modified":"2017-11-03T14:32:35","modified_gmt":"2017-11-03T13:32:35","slug":"fast-1000-menschen-in-bern-zur-demo-zum-reitschule-jubilaum","status":"publish","type":"post","link":"https:\/\/www.lagota.ch\/?p=2866","title":{"rendered":"Fast 1000 Menschen in Bern zur Demo zum Reitschule-Jubil\u00e4um"},"content":{"rendered":"<p><strong>Anl\u00e4sslich des 30-j\u00e4hrigen Reitschulejubil\u00e4ums zeigten wir, dass die Reitschule mehr ist als ein Kulturzentrum, ein Partyort oder ein \u201eSchandfleck\u201c. Die Reitschule und viele andere Squats in und ausserhalb Berns versuchen durch die Praxis der Besetzung und des autonomen Raumes Gegenpunkte zum herrschenden System zu setzen.<\/p>\n<p><\/strong><\/p>\n<div class=\"surlignable\">\n<div class=\"crayon article-texte-505 texte-principal text\">\n<p><a href=\"https:\/\/www.lagota.ch\/wp-content\/uploads\/reitschulebern.png\"><img loading=\"lazy\" decoding=\"async\" class=\"alignnone size-medium wp-image-2869\" src=\"https:\/\/www.lagota.ch\/wp-content\/uploads\/reitschulebern-300x168.png\" alt=\"reitschulebern\" width=\"300\" height=\"168\" srcset=\"https:\/\/www.lagota.ch\/wp-content\/uploads\/reitschulebern-300x168.png 300w, https:\/\/www.lagota.ch\/wp-content\/uploads\/reitschulebern.png 710w\" sizes=\"auto, (max-width: 300px) 100vw, 300px\" \/><\/a><br \/>\nWie bei den beiden verhinderten Antifaschistischen Demonstrationen haben auch wir unbewilligt zur Demo aufgerufen. Auch wenn wir heute laufen konnten, vergessen wir die mit Polizeigewalt verhinderten Antifa-Demos nicht. Dementsprechend richtete sich die heutige Stimmung ganz klar gegen die Pr\u00e4senz der Polizei w\u00e4hrend der Demo.<br class=\"autobr\" \/> Unser Kampf wird auf der Strasse gef\u00fchrt, und wer k\u00e4mpfen will, bettelt nicht! Unser Kampf f\u00fcr mehr autonome R\u00e4ume ist auch ein Kampf gegen Repression und Faschismus. Umso mehr freuen wir uns \u00fcber die Beteiligung der Antifaschist*innen, welche an der Demo zugegen waren. Unsere K\u00e4mpfe bedingen einander und sind untrennbar verbunden.<br class=\"autobr\" \/> Genauso freuen wir uns, eine \u00e4usserst vielseitige und durchmischte Demonstration erlebt zu haben. Insgesamt gab es sechs Redebeitr\u00e4ge von Menschen aus der Schweiz und Deutschland. Kinder, Jugendliche, Erwachsene und Senior*innen, darunter ehemalige Besetzer*innen der Reitschule 1987, waren bei der Demonstration pr\u00e4sent. Anliegen verschiedener Couleur zu den Themen Freiraum, Autonomie und Widerstand kamen zur Sprache.<\/p>\n<p>Wir danken allen Beteiligten f\u00fcr dieses starke Zeichen. Wir sehen: Bern und die Reitschule k\u00f6nnen ihren revolution\u00e4ren Geist leben, wenn sie nur wollen.<\/p>\n<p>Quelle: <a href=\"https:\/\/barrikade.info\/Fast-1000-Menschen-in-Bern-zur-Demo-zum-Reitschule-Jubilaum-505\">https:\/\/barrikade.info\/Fast-1000-Menschen-in-Bern-zur-Demo-zum-Reitschule-Jubilaum-505<\/a><\/p>\n<\/div>\n<\/div>\n<p><strong>\u00a0<\/strong><\/p>\n","protected":false},"excerpt":{"rendered":"<p>Anl\u00e4sslich des 30-j\u00e4hrigen Reitschulejubil\u00e4ums zeigten wir, dass die Reitschule mehr ist als ein Kulturzentrum, ein Partyort oder ein \u201eSchandfleck\u201c. Die Reitschule und viele andere Squats in und ausserhalb Berns versuchen durch die Praxis der Besetzung und des autonomen Raumes Gegenpunkte zum herrschenden System zu setzen. <a href=\"https:\/\/www.lagota.ch\/?p=2866\">Continue reading <span class=\"meta-nav\">&rarr;<\/span><\/a><\/p>\n","protected":false},"author":1,"featured_media":0,"comment_status":"closed","ping_status":"open","sticky":false,"template":"","format":"standard","meta":{"footnotes":""},"categories":[16,18],"tags":[102,104,32],"class_list":["post-2866","post","type-post","status-publish","format-standard","hentry","category-schweiz","category-squat-the-world","tag-bern","tag-reitschule","tag-revolution"],"_links":{"self":[{"href":"https:\/\/www.lagota.ch\/index.php?rest_route=\/wp\/v2\/posts\/2866","targetHints":{"allow":["GET"]}}],"collection":[{"href":"https:\/\/www.lagota.ch\/index.php?rest_route=\/wp\/v2\/posts"}],"about":[{"href":"https:\/\/www.lagota.ch\/index.php?rest_route=\/wp\/v2\/types\/post"}],"author":[{"embeddable":true,"href":"https:\/\/www.lagota.ch\/index.php?rest_route=\/wp\/v2\/users\/1"}],"replies":[{"embeddable":true,"href":"https:\/\/www.lagota.ch\/index.php?rest_route=%2Fwp%2Fv2%2Fcomments&post=2866"}],"version-history":[{"count":1,"href":"https:\/\/www.lagota.ch\/index.php?rest_route=\/wp\/v2\/posts\/2866\/revisions"}],"predecessor-version":[{"id":2870,"href":"https:\/\/www.lagota.ch\/index.php?rest_route=\/wp\/v2\/posts\/2866\/revisions\/2870"}],"wp:attachment":[{"href":"https:\/\/www.lagota.ch\/index.php?rest_route=%2Fwp%2Fv2%2Fmedia&parent=2866"}],"wp:term":[{"taxonomy":"category","embeddable":true,"href":"https:\/\/www.lagota.ch\/index.php?rest_route=%2Fwp%2Fv2%2Fcategories&post=2866"},{"taxonomy":"post_tag","embeddable":true,"href":"https:\/\/www.lagota.ch\/index.php?rest_route=%2Fwp%2Fv2%2Ftags&post=2866"}],"curies":[{"name":"wp","href":"https:\/\/api.w.org\/{rel}","templated":true}]}}