{"id":2875,"date":"2017-11-17T13:54:33","date_gmt":"2017-11-17T12:54:33","guid":{"rendered":"http:\/\/www.lagota.ch\/?p=2875"},"modified":"2017-11-17T13:54:33","modified_gmt":"2017-11-17T12:54:33","slug":"spurbare-sanktionen","status":"publish","type":"post","link":"https:\/\/www.lagota.ch\/?p=2875","title":{"rendered":"Sp\u00fcrbare Sanktionen"},"content":{"rendered":"<p><strong>Quelle: <\/strong><a href=\"http:\/\/www.hans-stutz.ch\/texte\/sp%C3%BCrbare-sanktionen\">http:\/\/www.hans-stutz.ch\/texte\/sp%C3%BCrbare-sanktionen<strong><\/p>\n<p><\/strong><\/a><strong>Am ersten Julisamstag 2015 haben Rechtsextreme in Z\u00fcrich-Wiedikon mehrere Juden angep\u00f6belt, verfolgt und bedroht, auch mit nationalsozialistischen Gesten. Nun erh\u00e4lt einer der Beteiligten eine kostspielige Strafe. Der Hauptt\u00e4ter wird sp\u00e4ter vor Gericht erscheinen m\u00fcssen.<\/strong><\/p>\n<p>Der Strafbefehl, in den Tachles Einsicht nehmen konnte, schildert die \u201eaggressive Grundhaltung\u201c gegen \u201ediverse nicht n\u00e4her bekannte\u201c J\u00fcdinnen und Juden, begangen durch \u201eeinzelne nicht n\u00e4her bekannte Mitglieder\u201c einer rechtsextremen Gruppe, die in Z\u00fcrich-Wiedikon einen Polterabend feierte. Dies nicht nur in einer Bar, sondern auch in einigen Quartierstrassen.<\/p>\n<p>Gegen zwanzig Rechtsextreme aus dem Umfeld des Naziskinhead-Netzwerks \u201eBlood and Honour\u201c waren an jenem sp\u00e4ten Samstagnachmittag im Juli 2015 anwesend, gegen vier Rechtsextremisten er\u00f6ffneten die Beh\u00f6rden sp\u00e4ter Strafverfahren. Zwei Verfahren stellte die Staatsanwaltschaft Z\u00fcrich-Sihl nun Anfang Oktober ein, da sie keine \u201erechtsgen\u00fcgenden Beweise\u201c f\u00fcr bestimmte Handlungen und \u00c4usserungen der zwei Schweizer aus dem Kanton Z\u00fcrich vorlegen konnte.<\/p>\n<p>Ausreichend Belege hatte die Staatsanwaltschaft gegen einen 24j\u00e4hrigen Maurer aus dem Kanton St. Gallen. In Anwesenheit von Stadtpolizisten und mehrerer Zivilpersonen habe der Beschuldigte sich dar\u00fcber gefreut, \u201edass im 2. Weltkrieg 5 Millionen Juden gestorben\u201c seien. Er habe weiter mindestens zwei Juden physisch bedroht und sie mit einem Schwall antisemitischer Aussagen beschimpft und beleidigt. Auch habe er den Hitlergruss gezeigt und \u201eHeil Hitler\u201c geschrien.<\/p>\n<p>Die Staatsanwaltschaft Z\u00fcrich sprach den Angreifer deshalb schuldig der Rassendiskriminierung. Er habe, so schreibt die zust\u00e4ndige Staatsanw\u00e4ltin, \u201ein der \u00d6ffentlichkeit die Taten Hitlers und des Nationalsozialismus\u201c gelobt und \u201eauch die Nachahmung von Verbrechen\u201c angedroht, \u201edie zu dieser Zeit begangen worden waren. Der \u201ePolterabend\u201c kommt den Verurteilten teuer zu stehen: 180 Tagess\u00e4tze \u00e0 90.00 macht 16\u2018200 Franken, dazu kommen noch 3800 Franken Busse und 1500 Franken Verfahrenskosten. Macht total 21\u2018500 Franken, nebst den Anwaltskosten.<\/p>\n<p>Bereits Anfang Oktober machte der \u201eSonntagsBlick\u201c publik, dass die Staatsanwaltschaft einen vierten Beteiligten vor Gericht stellen wird. Diese Anklage richtet sich gegen Kevin G., bekannt als S\u00e4nger der Naziskin-Band \u201eAmok\u201c. Der Strafbefehl erw\u00e4hnt, dass Kevin G. einen Juden bespuckt haben soll und er diesen \u00fcber rund zweihundert Meter verfolgt habe. Der Angeklagte ist bereits vorbestraft wegen Drohung und Rassendiskriminierung. Und er ist weiterhin in der Rechtsextremen-Szene aktiv. Im Mai 2017 trat er mit seiner Band an einer Veranstaltung der Nationaldemokratischen Partei NPD im Bundesland Th\u00fcringen auf. Unter den Konzertbesuchern auch der verurteilte 24-j\u00e4hriger Maurer aus dem Kanton St. Gallen.<\/p>\n","protected":false},"excerpt":{"rendered":"<p>Am ersten Julisamstag 2015 haben Rechtsextreme in Z\u00fcrich-Wiedikon mehrere Juden angep\u00f6belt, verfolgt und bedroht, auch mit nationalsozialistischen Gesten. Nun erh\u00e4lt einer der Beteiligten eine kostspielige Strafe. Der Hauptt\u00e4ter wird sp\u00e4ter vor Gericht erscheinen m\u00fcssen. <a href=\"https:\/\/www.lagota.ch\/?p=2875\">Continue reading <span class=\"meta-nav\">&rarr;<\/span><\/a><\/p>\n","protected":false},"author":1,"featured_media":0,"comment_status":"closed","ping_status":"open","sticky":false,"template":"","format":"standard","meta":{"footnotes":""},"categories":[13,328,16],"tags":[928,332,1014,1015,763],"class_list":["post-2875","post","type-post","status-publish","format-standard","hentry","category-antifa","category-antira","category-schweiz","tag-amok","tag-antisemitismus","tag-blood-and-honour","tag-kevin-g","tag-rechtsextremismus"],"_links":{"self":[{"href":"https:\/\/www.lagota.ch\/index.php?rest_route=\/wp\/v2\/posts\/2875","targetHints":{"allow":["GET"]}}],"collection":[{"href":"https:\/\/www.lagota.ch\/index.php?rest_route=\/wp\/v2\/posts"}],"about":[{"href":"https:\/\/www.lagota.ch\/index.php?rest_route=\/wp\/v2\/types\/post"}],"author":[{"embeddable":true,"href":"https:\/\/www.lagota.ch\/index.php?rest_route=\/wp\/v2\/users\/1"}],"replies":[{"embeddable":true,"href":"https:\/\/www.lagota.ch\/index.php?rest_route=%2Fwp%2Fv2%2Fcomments&post=2875"}],"version-history":[{"count":1,"href":"https:\/\/www.lagota.ch\/index.php?rest_route=\/wp\/v2\/posts\/2875\/revisions"}],"predecessor-version":[{"id":2876,"href":"https:\/\/www.lagota.ch\/index.php?rest_route=\/wp\/v2\/posts\/2875\/revisions\/2876"}],"wp:attachment":[{"href":"https:\/\/www.lagota.ch\/index.php?rest_route=%2Fwp%2Fv2%2Fmedia&parent=2875"}],"wp:term":[{"taxonomy":"category","embeddable":true,"href":"https:\/\/www.lagota.ch\/index.php?rest_route=%2Fwp%2Fv2%2Fcategories&post=2875"},{"taxonomy":"post_tag","embeddable":true,"href":"https:\/\/www.lagota.ch\/index.php?rest_route=%2Fwp%2Fv2%2Ftags&post=2875"}],"curies":[{"name":"wp","href":"https:\/\/api.w.org\/{rel}","templated":true}]}}