{"id":2881,"date":"2017-12-01T14:28:05","date_gmt":"2017-12-01T13:28:05","guid":{"rendered":"http:\/\/www.lagota.ch\/?p=2881"},"modified":"2017-12-01T14:28:05","modified_gmt":"2017-12-01T13:28:05","slug":"remember-remember-the-first-of-december","status":"publish","type":"post","link":"https:\/\/www.lagota.ch\/?p=2881","title":{"rendered":"REMEMBER REMEMBER THE FIRST OF DECEMBER!"},"content":{"rendered":"<div class=\"crayon article-chapo-604 chapo\">\n<p>Vor 10 Jahren wurden 245 Menschen im V\u00f6gelig\u00e4rtli verhaftet, w\u00e4hrend sie den Missmut \u00fcber die Schliessung des Kulturzentrums boa auf die Strasse tragen wollten. 10 Jahre und unz\u00e4hlige Versuche einen boa-Ersatz zu schaffen sp\u00e4ter, treffen wir uns wieder im V\u00f6gelig\u00e4rtli [bewilligt]<\/p>\n<\/div>\n<div class=\"surlignable\">\n<div class=\"crayon article-texte-604 texte-principal text\">\n<p>Sandra Hofstetter und Simone Steiner rufen auf zu<\/p>\n<p>&gt;&gt; zwei Konzerten und gem\u00fctlichem Getr\u00e4nk ab 20 Uhr! &lt;&lt;<\/p>\n<p>DIE STADT GEH\u00d6RT AUCH UNS!! NICHT VEREINZELN LASSEN! &#8211; auf einen inspirierenden Abend!<\/p>\n<p><a href=\"https:\/\/www.lagota.ch\/wp-content\/uploads\/boa-36d7c.jpg\"><img loading=\"lazy\" decoding=\"async\" class=\"alignnone size-medium wp-image-2882\" src=\"https:\/\/www.lagota.ch\/wp-content\/uploads\/boa-36d7c-211x300.jpg\" alt=\"boa-36d7c\" width=\"211\" height=\"300\" srcset=\"https:\/\/www.lagota.ch\/wp-content\/uploads\/boa-36d7c-211x300.jpg 211w, https:\/\/www.lagota.ch\/wp-content\/uploads\/boa-36d7c.jpg 614w\" sizes=\"auto, (max-width: 211px) 100vw, 211px\" \/><\/a><\/p>\n<\/div>\n<\/div>\n","protected":false},"excerpt":{"rendered":"<p>Vor 10 Jahren wurden 245 Menschen im V\u00f6gelig\u00e4rtli verhaftet, w\u00e4hrend sie den Missmut \u00fcber die Schliessung des Kulturzentrums boa auf die Strasse tragen wollten. 10 Jahre und unz\u00e4hlige Versuche einen boa-Ersatz zu schaffen sp\u00e4ter, treffen wir uns wieder im V\u00f6gelig\u00e4rtli [bewilligt] <a href=\"https:\/\/www.lagota.ch\/?p=2881\">Continue reading <span class=\"meta-nav\">&rarr;<\/span><\/a><\/p>\n","protected":false},"author":1,"featured_media":0,"comment_status":"closed","ping_status":"open","sticky":false,"template":"","format":"standard","meta":{"footnotes":""},"categories":[49,11,18,4],"tags":[1016,1017,1019,1018,653],"class_list":["post-2881","post","type-post","status-publish","format-standard","hentry","category-antirep","category-luzern","category-squat-the-world","category-veranstaltung","tag-boa","tag-boanova","tag-knobel","tag-sandra-hofstetter","tag-vogeligartli"],"_links":{"self":[{"href":"https:\/\/www.lagota.ch\/index.php?rest_route=\/wp\/v2\/posts\/2881","targetHints":{"allow":["GET"]}}],"collection":[{"href":"https:\/\/www.lagota.ch\/index.php?rest_route=\/wp\/v2\/posts"}],"about":[{"href":"https:\/\/www.lagota.ch\/index.php?rest_route=\/wp\/v2\/types\/post"}],"author":[{"embeddable":true,"href":"https:\/\/www.lagota.ch\/index.php?rest_route=\/wp\/v2\/users\/1"}],"replies":[{"embeddable":true,"href":"https:\/\/www.lagota.ch\/index.php?rest_route=%2Fwp%2Fv2%2Fcomments&post=2881"}],"version-history":[{"count":1,"href":"https:\/\/www.lagota.ch\/index.php?rest_route=\/wp\/v2\/posts\/2881\/revisions"}],"predecessor-version":[{"id":2883,"href":"https:\/\/www.lagota.ch\/index.php?rest_route=\/wp\/v2\/posts\/2881\/revisions\/2883"}],"wp:attachment":[{"href":"https:\/\/www.lagota.ch\/index.php?rest_route=%2Fwp%2Fv2%2Fmedia&parent=2881"}],"wp:term":[{"taxonomy":"category","embeddable":true,"href":"https:\/\/www.lagota.ch\/index.php?rest_route=%2Fwp%2Fv2%2Fcategories&post=2881"},{"taxonomy":"post_tag","embeddable":true,"href":"https:\/\/www.lagota.ch\/index.php?rest_route=%2Fwp%2Fv2%2Ftags&post=2881"}],"curies":[{"name":"wp","href":"https:\/\/api.w.org\/{rel}","templated":true}]}}