{"id":2890,"date":"2017-12-11T13:39:56","date_gmt":"2017-12-11T12:39:56","guid":{"rendered":"http:\/\/www.lagota.ch\/?p=2890"},"modified":"2017-12-11T13:39:56","modified_gmt":"2017-12-11T12:39:56","slug":"aufruhr-gegen-trump","status":"publish","type":"post","link":"https:\/\/www.lagota.ch\/?p=2890","title":{"rendered":"Aufruhr gegen Trump"},"content":{"rendered":"<p><strong>Weltweit Demonstrationen gegen Entscheidung des US-Pr\u00e4sidenten, Jerusalem als Israels Hauptstadt anzuerkennen<\/strong><\/p>\n<p>Die Proteste gegen die US-amerikanische Unterst\u00fctzung f\u00fcr Israels Annexionspolitik hielten auch am Wochenende an. Brennpunkte waren am Sonntag neben dem besetzten Westjordanland und Ostjerusalem auch Beirut und Jakarta. In der indonesischen Hauptstadt demonstrierten 10.000 Menschen vor der US-Botschaft. In Beirut versuchten mehrere tausend Demonstranten, darunter viele Pal\u00e4stinenser, zur diplomatischen Vertretung der Vereinigten Staaten vorzudringen, die von der Polizei im Umkreis von drei Kilometern durch Barrikaden und Stacheldraht abgesperrt worden war. Die Beamten setzten Tr\u00e4nengas und Wasserwerfer ein, um die protestierende Menge aufzul\u00f6sen.<\/p>\n<p>US-Pr\u00e4sident Donald Trump hatte am Mittwoch seine Entscheidung mitgeteilt, Jerusalem als Hauptstadt Israels anzuerkennen und die US-Botschaft dorthin zu verlegen. Sie befindet sich gegenw\u00e4rtig, wie die aller anderen Staaten, die mit Israel diplomatische Beziehungen haben, in Tel Aviv. Rechtliche Grundlage daf\u00fcr ist die nie widerrufene Teilungsresolution der UNO vom 29. November 1947. Sie sah neben der Bildung eines j\u00fcdischen und eines arabischen Staates eine internationale Verwaltung f\u00fcr die gesamte Stadt Jerusalem einschlie\u00dflich des nahe gelegenen Bethlehem vor. Nach internationalem Recht gilt Jerusalem immer noch als \u00bbCorpus separatum\u00ab, als Gebiet mit besonderem Status.<\/p>\n<p><a href=\"https:\/\/www.lagota.ch\/wp-content\/uploads\/jerusalem.jpg\"><img loading=\"lazy\" decoding=\"async\" class=\"alignnone size-medium wp-image-2891\" src=\"https:\/\/www.lagota.ch\/wp-content\/uploads\/jerusalem-300x200.jpg\" alt=\"jerusalem\" width=\"300\" height=\"200\" srcset=\"https:\/\/www.lagota.ch\/wp-content\/uploads\/jerusalem-300x200.jpg 300w, https:\/\/www.lagota.ch\/wp-content\/uploads\/jerusalem.jpg 700w\" sizes=\"auto, (max-width: 300px) 100vw, 300px\" \/><\/a><br \/>\nBesondere Unruhe hat in der israelischen Regierung die Tatsache ausgel\u00f6st, dass sich auch arabische Staatsb\u00fcrger des Landes an den Solidarit\u00e4tsdemonstrationen beteiligen. Verteidigungsminister Avigdor Lieberman, der Vorsitzende der nationalistischen Partei Israel Beitenu, rief am Sonntag zu einem Wirtschaftsboykott gegen die nordisraelische Stadt Umm Al-Fahm, eine Hochburg der Proteste, auf. Die j\u00fcdische Bev\u00f6lkerung Israels solle den dort und in der umgebenden Region Wadi Ara lebenden Arabern \u00bbzeigen, dass sie hier unerw\u00fcnscht sind\u00ab. Sie sollten sich lieber dem besetzten Westjordanland anschlie\u00dfen. Ein Abgeordneter der Likud-Partei von Premierminister Benjamin Netanjahu, Oren Hazan, widersprach: Israel d\u00fcrfe kein Land abtreten, sondern solle den arabischen Demonstranten die Staatsb\u00fcrgerschaft entziehen und sie wie pal\u00e4stinensische \u00bbTerroristen\u00ab behandeln<\/p>\n<p>Die Arabische Liga (AL) trat am Sonnabend zu einer Sondersitzung in Kairo zusammen, um Trumps j\u00fcngste Schritte zu verurteilen. AL-Generalsekret\u00e4r Ahmed Abul Gheit bezeichnete die Entscheidung Trumps als \u00bbgef\u00e4hrlich und unannehmbar\u00ab. Sie widerspreche dem internationalen Recht und stelle einen \u00bbeindeutigen Angriff\u00ab auf die Bem\u00fchungen um eine politische L\u00f6sung des israelisch-pal\u00e4stinensischen Konflikts dar.<\/p>\n<p>Bei den Protesten wurden bisher mehr als 400 Menschen verletzt und zwei get\u00f6tet. Die israelischen Sicherheitskr\u00e4fte setzten neben Hartgummigeschossen, Tr\u00e4nengas und Wasserwerfern zum Verspr\u00fchen stinkender Fl\u00fcssigkeiten auch scharfe Munition ein. Zwei weitere Menschen wurden get\u00f6tet und 25 verletzt, als die israelischen Streitkr\u00e4fte am Sonnabend zwei angebliche Hamas-St\u00fctzpunkte im Gazastreifen aus der Luft angriffen und mit Panzergranaten beschossen. Zuvor hatten Pal\u00e4stinenser nach israelischer Darstellung drei Raketen abgeschossen, von denen eine in der Stadt Sderot explodierte, ohne dass Menschen zu Schaden kamen.<\/p>\n<p>Quelle: <a href=\"https:\/\/www.jungewelt.de\/artikel\/323306.aufruhr-gegen-trump.html\">https:\/\/www.jungewelt.de\/artikel\/323306.aufruhr-gegen-trump.html<\/a><\/p>\n","protected":false},"excerpt":{"rendered":"<p>Weltweit Demonstrationen gegen Entscheidung des US-Pr\u00e4sidenten, Jerusalem als Israels Hauptstadt anzuerkennen <a href=\"https:\/\/www.lagota.ch\/?p=2890\">Continue reading <span class=\"meta-nav\">&rarr;<\/span><\/a><\/p>\n","protected":false},"author":1,"featured_media":0,"comment_status":"closed","ping_status":"open","sticky":false,"template":"","format":"standard","meta":{"footnotes":""},"categories":[10,6,108],"tags":[282,1024,455,111,934,257],"class_list":["post-2890","post","type-post","status-publish","format-standard","hentry","category-aus-aller-welt","category-news","category-wirtschaftskrise","tag-israel","tag-jerusalem","tag-palastina","tag-protest","tag-trump","tag-usa"],"_links":{"self":[{"href":"https:\/\/www.lagota.ch\/index.php?rest_route=\/wp\/v2\/posts\/2890","targetHints":{"allow":["GET"]}}],"collection":[{"href":"https:\/\/www.lagota.ch\/index.php?rest_route=\/wp\/v2\/posts"}],"about":[{"href":"https:\/\/www.lagota.ch\/index.php?rest_route=\/wp\/v2\/types\/post"}],"author":[{"embeddable":true,"href":"https:\/\/www.lagota.ch\/index.php?rest_route=\/wp\/v2\/users\/1"}],"replies":[{"embeddable":true,"href":"https:\/\/www.lagota.ch\/index.php?rest_route=%2Fwp%2Fv2%2Fcomments&post=2890"}],"version-history":[{"count":1,"href":"https:\/\/www.lagota.ch\/index.php?rest_route=\/wp\/v2\/posts\/2890\/revisions"}],"predecessor-version":[{"id":2892,"href":"https:\/\/www.lagota.ch\/index.php?rest_route=\/wp\/v2\/posts\/2890\/revisions\/2892"}],"wp:attachment":[{"href":"https:\/\/www.lagota.ch\/index.php?rest_route=%2Fwp%2Fv2%2Fmedia&parent=2890"}],"wp:term":[{"taxonomy":"category","embeddable":true,"href":"https:\/\/www.lagota.ch\/index.php?rest_route=%2Fwp%2Fv2%2Fcategories&post=2890"},{"taxonomy":"post_tag","embeddable":true,"href":"https:\/\/www.lagota.ch\/index.php?rest_route=%2Fwp%2Fv2%2Ftags&post=2890"}],"curies":[{"name":"wp","href":"https:\/\/api.w.org\/{rel}","templated":true}]}}