{"id":2904,"date":"2018-01-03T13:26:37","date_gmt":"2018-01-03T12:26:37","guid":{"rendered":"http:\/\/www.lagota.ch\/?p=2904"},"modified":"2018-01-03T13:26:37","modified_gmt":"2018-01-03T12:26:37","slug":"hausbesetzung-an-der-luzerner-guterstrasse","status":"publish","type":"post","link":"https:\/\/www.lagota.ch\/?p=2904","title":{"rendered":"Hausbesetzung an der Luzerner G\u00fcterstrasse"},"content":{"rendered":"<p>Quelle: <a href=\"https:\/\/www.zentralplus.ch\/de\/news\/aktuell\/5557112\/Hausbesetzung-an-der-Luzerner-G%C3%BCterstrasse.htm\">https:\/\/www.zentralplus.ch\/de\/news\/aktuell\/5557112\/Hausbesetzung-an-der-Luzerner-G%C3%BCterstrasse.htm<\/a><\/p>\n<p><strong>In der Nacht auf Mittwoch wurde eine leere Wohnung an der G\u00fcterstrasse 7 besetzt, wie die Gruppe \u00abRosa Lavache\u00bb am fr\u00fchen Morgen mitteilt. Am Wochenende sollen erstmals \u00f6ffentliche Aperos und Konzerte stattfinden. Das Ziel: Der momentan ungenutzte Raum soll der Autonomen Schule Luzern zur Verf\u00fcgung gestellt werden.<\/p>\n<p><\/strong><\/p>\n<p>Im Sommer 2017 hatte die SBB allen Mietern der G\u00fcterstrasse 7 gek\u00fcndigt, weil dereinst eine Gross\u00fcberbauung geplant ist. Im September mussten alle Mieter ihre Wohnungen verlassen (<a href=\"https:\/\/www.zentralplus.ch\/de\/news\/gesellschaft\/5538532\/SBB-werfen-an-der-Luzerner-G%C3%BCterstrasse-alle-Mieter-raus.htm\" target=\"_blank\">zentralplus berichtete<\/a>), diese stehen seitdem leer. Nun sei eine der leeren Wohnungen an der G\u00fcterstrasse 7 in Luzern von Rosa Lavache wiederbelebt worden, schreiben die Aktivisten: \u00abF\u00fcr das Geb\u00e4ude sind seitens der Eigent\u00fcmerin SBB keine Nutzungs- oder Baupl\u00e4ne vorgesehen.\u00bb<\/p>\n<p><strong>Bem\u00fchung um Gespr\u00e4che<\/strong><\/p>\n<p><a href=\"https:\/\/www.lagota.ch\/wp-content\/uploads\/gueterstrasse.jpg\"><img loading=\"lazy\" decoding=\"async\" class=\"alignnone size-medium wp-image-2905\" src=\"https:\/\/www.lagota.ch\/wp-content\/uploads\/gueterstrasse-300x168.jpg\" alt=\"gueterstrasse\" width=\"300\" height=\"168\" srcset=\"https:\/\/www.lagota.ch\/wp-content\/uploads\/gueterstrasse-300x168.jpg 300w, https:\/\/www.lagota.ch\/wp-content\/uploads\/gueterstrasse.jpg 750w\" sizes=\"auto, (max-width: 300px) 100vw, 300px\" \/><\/a><br \/>\nAuf verschiedenen Wegen habe Rosa Lavache sich um den Dialog bez\u00fcglich einer sinnvollen Nutzung mit der SBB Immobilien AG bem\u00fcht \u2013 offenbar aber ohne Erfolg. \u00abHinsichtlich der ausbleibenden Bereitschaft der Eigent\u00fcmerin mit ihr zu verhandeln, will Rosa Lavache nun durch eine offene Kommunikation auch anderen Interessierten den Zugang erm\u00f6glichen und sie in die Diskussion miteinbeziehen\u00bb, steht in der Medienmitteilung weiter.<\/p>\n<h4>\u00abMehr Freiraum f\u00fcr die Stadt\u00bb<\/h4>\n<p>Ein leerstehendes Geb\u00e4ude sei die denkbar schlechteste Form der Raumnutzung. \u00abDaher sollte es selbstverst\u00e4ndlich sein, diesen Umstand gemeinsam zu hinterfragen und dagegen vorzugehen. Die Stadt Luzern brauche Freiraum, nicht Leerraum!\u00bb, wird die Aktion weiter erkl\u00e4rt. Er\u00f6ffnen wollen die Aktivisten an der G\u00fcterstrasse 7 deshalb einen \u00abfreien Kultur- und Begegnungsort, der den Gebrauch und die Mitgestaltung allen Interessierten erm\u00f6glicht.\u00bb Man suche mit der Aktion eine Alternative zur \u00abgemeinschaftsfeindlichen\u00bb Stadtentwicklung.<\/p>\n<h4>Schule soll leere R\u00e4ume erhalten<\/h4>\n<p>Im Schreiben wird auch die Forderung klar, was dereinst mit den Wohnungen geschehen soll: \u00abRosa Lavache will, dass die leeren R\u00e4ume an der G\u00fcterstrasse 7 der Autonomen Schule Luzern (ASL) zur Verf\u00fcgung gestellt werden.\u00bb Diese setzte sich f\u00fcr die Ideologie dieses Projektes ein. \u00abDie ASL ist ein selbstverwaltetes Bildungsprojekt, welches allen Menschen \u2013 unabh\u00e4ngig von Aufenthaltstiteln, sozialem Hintergrund, Geschlecht, Alter und Einkommen \u2013 Raum f\u00fcr Wissensaustausch und Gemeinschaft zug\u00e4nglich macht.\u00bb<\/p>\n<h4>\u00d6ffentliche Veranstaltungen am Wochenende<\/h4>\n<p>Ab sofort werde die Wohnung genutzt, wird weiter bekanntgegeben. Am Freitag, 5. Januar gebe es einen \u00f6ffentlichen Ap\u00e9ro und Konzerte, am Sonntag, 7. Januar Znacht und Kinoabend. \u00abKonstanteres Schulprogramm findet statt, sobald eine stabile juristische L\u00f6sung gefunden wurde. Dies, um Personen mit prek\u00e4ren Aufenthaltstiteln nicht zu gef\u00e4hrden\u00bb, schliesst die Mitteilung.<\/p>\n<p><strong>\u00a0<\/strong><\/p>\n","protected":false},"excerpt":{"rendered":"<p>In der Nacht auf Mittwoch wurde eine leere Wohnung an der G\u00fcterstrasse 7 besetzt, wie die Gruppe \u00abRosa Lavache\u00bb am fr\u00fchen Morgen mitteilt. Am Wochenende sollen erstmals \u00f6ffentliche Aperos und Konzerte stattfinden. Das Ziel: Der momentan ungenutzte Raum soll der Autonomen Schule Luzern zur Verf\u00fcgung gestellt werden. <a href=\"https:\/\/www.lagota.ch\/?p=2904\">Continue reading <span class=\"meta-nav\">&rarr;<\/span><\/a><\/p>\n","protected":false},"author":1,"featured_media":0,"comment_status":"closed","ping_status":"open","sticky":false,"template":"","format":"standard","meta":{"footnotes":""},"categories":[274,11,18],"tags":[1032,1148,945,92],"class_list":["post-2904","post","type-post","status-publish","format-standard","hentry","category-gentrifizierung","category-luzern","category-squat-the-world","tag-guterstrasse","tag-luzern","tag-sbb","tag-squat"],"_links":{"self":[{"href":"https:\/\/www.lagota.ch\/index.php?rest_route=\/wp\/v2\/posts\/2904","targetHints":{"allow":["GET"]}}],"collection":[{"href":"https:\/\/www.lagota.ch\/index.php?rest_route=\/wp\/v2\/posts"}],"about":[{"href":"https:\/\/www.lagota.ch\/index.php?rest_route=\/wp\/v2\/types\/post"}],"author":[{"embeddable":true,"href":"https:\/\/www.lagota.ch\/index.php?rest_route=\/wp\/v2\/users\/1"}],"replies":[{"embeddable":true,"href":"https:\/\/www.lagota.ch\/index.php?rest_route=%2Fwp%2Fv2%2Fcomments&post=2904"}],"version-history":[{"count":1,"href":"https:\/\/www.lagota.ch\/index.php?rest_route=\/wp\/v2\/posts\/2904\/revisions"}],"predecessor-version":[{"id":2906,"href":"https:\/\/www.lagota.ch\/index.php?rest_route=\/wp\/v2\/posts\/2904\/revisions\/2906"}],"wp:attachment":[{"href":"https:\/\/www.lagota.ch\/index.php?rest_route=%2Fwp%2Fv2%2Fmedia&parent=2904"}],"wp:term":[{"taxonomy":"category","embeddable":true,"href":"https:\/\/www.lagota.ch\/index.php?rest_route=%2Fwp%2Fv2%2Fcategories&post=2904"},{"taxonomy":"post_tag","embeddable":true,"href":"https:\/\/www.lagota.ch\/index.php?rest_route=%2Fwp%2Fv2%2Ftags&post=2904"}],"curies":[{"name":"wp","href":"https:\/\/api.w.org\/{rel}","templated":true}]}}