{"id":2921,"date":"2018-01-24T10:37:24","date_gmt":"2018-01-24T09:37:24","guid":{"rendered":"http:\/\/www.lagota.ch\/?p=2921"},"modified":"2018-01-24T10:40:33","modified_gmt":"2018-01-24T09:40:33","slug":"erklarung-des-revolutionaren-block-zur-nowef-demonstration","status":"publish","type":"post","link":"https:\/\/www.lagota.ch\/?p=2921","title":{"rendered":"Erkl\u00e4rung des Revolution\u00e4ren Block zur NoWEF-Demonstration"},"content":{"rendered":"<div class=\"crayon article-chapo-749 chapo\">\n<p><strong>Rund eineinhalb tausend Menschen beteiligten sich heute in Z\u00fcrich bei der NoWEF-Demonstration am revolution\u00e4ren Block, zu dem im Vorfeld zahlreiche Kr\u00e4fte gemeinsam aufgerufen hatten. Mit Aktionen, Reden, und Flugbl\u00e4ttern wurde der Protest gegen das World Economic Forum in eine antikapitalistische Perspektive eingebettet. Er brachte zum Ausdruck, dass die jahrzehntelange Geschichte des revolution\u00e4ren Widerstands gegen das WEF heute ununterbrochen fortgef\u00fchrt wird. Ein spezieller Fokus lag auf der internationalen Solidarit\u00e4t mit Rojava angesichts des Angriffs durch die T\u00fcrkei: Bij\u00ee berxwedana Efr\u00een\u00ea!<\/strong><\/p>\n<\/div>\n<div class=\"surlignable\">\n<div class=\"crayon article-texte-749 texte-principal text\">\n<p><a href=\"https:\/\/www.lagota.ch\/wp-content\/uploads\/nowefzuerich.jpg\"><img loading=\"lazy\" decoding=\"async\" class=\"alignnone size-medium wp-image-2922\" src=\"https:\/\/www.lagota.ch\/wp-content\/uploads\/nowefzuerich-300x168.jpg\" alt=\"nowefzuerich\" width=\"300\" height=\"168\" srcset=\"https:\/\/www.lagota.ch\/wp-content\/uploads\/nowefzuerich-300x168.jpg 300w, https:\/\/www.lagota.ch\/wp-content\/uploads\/nowefzuerich.jpg 710w\" sizes=\"auto, (max-width: 300px) 100vw, 300px\" \/><\/a><br \/>\nDer Block war laut, k\u00e4mpferisch und vielf\u00e4ltig. Aus dem Block kam es zu militanten Aktionen entlang der Demonstrationsroute. Bei der Sihlstrasse wurden sowohl die US-Handelskammer wie auch die UBS entglast. Hinter dem St. Annahof wurden die Fenster des Hiltl zugesprayt \u2013 Gentrifizierung r\u00e4cht sich. W\u00e4hrend der ganzen Demonstration wurden Parolen gegen das WEF und in Solidarit\u00e4t mit Afrin gespr\u00fcht und es wurden hunderte \u00abKillErdogan\u00bb Sticker verklebt. Beim Abschluss der Demonstration formierte sich der revolution\u00e4re Block zu einer Nachdemonstration, bei welcher man sich beim Gef\u00e4ngnis im Bezirksgeb\u00e4ude mit einer aus der T\u00fcrkei geflohenen Journalistin solidarisierte, die seit dem 15. Januar in Z\u00fcrich Kloten in Ausschaffungshaft sitzt.<\/p>\n<p>Beim World Economic Forum in Davos treffen sich diejenigen, welche das herrschende kapitalistische Gesellschaftssystem vertreten und im Interesse desselben agieren. Es ist eine Zusammenkunft zwischen Politik und Kapital, deren Bedeutung in erster Linie in den Treffen abseits der \u00f6ffentlichen B\u00fchne zu suchen ist. Das WEF und die Schweiz versuchen dabei, den M\u00e4chtigen dieser Welt ein ruhiges Hinterland zu bieten, in welchem sie sich ungest\u00f6rt austauschen k\u00f6nnen. Uns ist es wichtig, ihre Ruhe zu durchbrechen!<\/p>\n<p>Wenn etwa Trump mit seiner hundertk\u00f6pfigen Delegation in die Schweiz reist, um die Interessen des US-Imperialismus zu vertreten und Deals zugunsten seiner Clique abzuschliessen, dann solidarisieren wir uns durch unsere Aktionen mit all jenen, die in den Vereinigten Staaten und sonst wo gegen diese Politik protestieren. Wenn der t\u00fcrkische Staat Minister schickt, um Freihandelsvertr\u00e4ge mit der Schweiz zu unterschreiben w\u00e4hrend sie gleichzeitig Afrin angreifen, dann solidarisieren wir uns mit der Bev\u00f6lkerung von Rojava und allen, die den reaktion\u00e4ren t\u00fcrkischen Staat angreifen. Wenn Berset, Schneider-Ammann und Sommaruga in den Bergen l\u00e4chelnd und h\u00e4ndesch\u00fcttelnd eine Diplomatie pflegen, die nur dem hiesigen Kapital (wie beispielsweise der R\u00fcstungsindustrie) dient, dann k\u00e4mpfen wir umso entschlossener f\u00fcr eine Gesellschaft, in welcher nicht der Profit von wenigen im Zentrum steht.<\/p>\n<p>In der allgemeinen gesellschaftlichen Polarisierung, deren Ursache in der Krise und Perspektivlosigkeit des Kapitalismus zu suchen ist, ist unser Ziel die Verbindung der K\u00e4mpfe von unten gegen dieses System und darin der Aufbau einer klaren revolution\u00e4ren Position. Angesichts aller \u00dcbel und Kriege, f\u00fcr die letztlich diejenigen mitverantwortlich sind, die sich jetzt in Davos treffen, ist f\u00fcr uns klar: Die Zukunft in die eigenen H\u00e4nde nehmen bedingt den Sturz des Kapitalismus!<\/p>\n<p>Smash WEF!<\/p>\n<p>Revolution\u00e4rer Aufbau Schweiz<br class=\"autobr\" \/> Revolution\u00e4re Jugend Gruppe Bern<br class=\"autobr\" \/> Revolution\u00e4res B\u00fcndnis Z\u00fcrich<br class=\"autobr\" \/> Revolution\u00e4re Jugend Z\u00fcrich<br class=\"autobr\" \/> Reviravolta Bern<br class=\"autobr\" \/> ask! \u2013 Aktion gegen Staat &amp; Kapital<br class=\"autobr\" \/> Devrimci Kom\u00fcnarlar Partisi \/ Birle\u015fik \u00d6zg\u00fcrl\u00fck G\u00fc\u00e7leri (DKP\/B\u00d6G)<br class=\"autobr\" \/> Anarchistische Gruppe Bern<br class=\"autobr\" \/> Yeni Demokratik Gen\u00e7lik (YDG) \u2013 \u0130svi\u00e7re\/Schweiz\/Suisse<br class=\"autobr\" \/> Tierrechtsgruppe Z\u00fcrich<br class=\"autobr\" \/> Cigno Nero Solothurn<\/p>\n<\/div>\n<\/div>\n","protected":false},"excerpt":{"rendered":"<p>Rund eineinhalb tausend Menschen beteiligten sich heute in Z\u00fcrich bei der NoWEF-Demonstration am revolution\u00e4ren Block, zu dem im Vorfeld zahlreiche Kr\u00e4fte gemeinsam aufgerufen hatten. Mit Aktionen, Reden, und Flugbl\u00e4ttern wurde der Protest gegen das World Economic Forum in eine antikapitalistische Perspektive eingebettet. Er brachte zum Ausdruck, dass die jahrzehntelange Geschichte des revolution\u00e4ren Widerstands gegen das WEF heute ununterbrochen fortgef\u00fchrt wird. Ein spezieller Fokus lag auf der internationalen Solidarit\u00e4t mit Rojava angesichts des Angriffs durch die T\u00fcrkei: Bij\u00ee berxwedana Efr\u00een\u00ea! <a href=\"https:\/\/www.lagota.ch\/?p=2921\">Continue reading <span class=\"meta-nav\">&rarr;<\/span><\/a><\/p>\n","protected":false},"author":1,"featured_media":0,"comment_status":"closed","ping_status":"open","sticky":false,"template":"","format":"standard","meta":{"footnotes":""},"categories":[14,16,18,19,108],"tags":[155,66,934,1153,121],"class_list":["post-2921","post","type-post","status-publish","format-standard","hentry","category-arbeitskampf","category-schweiz","category-squat-the-world","category-wef","category-wirtschaftskrise","tag-antikapitalismus","tag-demo","tag-trump","tag-wef","tag-zurich"],"_links":{"self":[{"href":"https:\/\/www.lagota.ch\/index.php?rest_route=\/wp\/v2\/posts\/2921","targetHints":{"allow":["GET"]}}],"collection":[{"href":"https:\/\/www.lagota.ch\/index.php?rest_route=\/wp\/v2\/posts"}],"about":[{"href":"https:\/\/www.lagota.ch\/index.php?rest_route=\/wp\/v2\/types\/post"}],"author":[{"embeddable":true,"href":"https:\/\/www.lagota.ch\/index.php?rest_route=\/wp\/v2\/users\/1"}],"replies":[{"embeddable":true,"href":"https:\/\/www.lagota.ch\/index.php?rest_route=%2Fwp%2Fv2%2Fcomments&post=2921"}],"version-history":[{"count":1,"href":"https:\/\/www.lagota.ch\/index.php?rest_route=\/wp\/v2\/posts\/2921\/revisions"}],"predecessor-version":[{"id":2923,"href":"https:\/\/www.lagota.ch\/index.php?rest_route=\/wp\/v2\/posts\/2921\/revisions\/2923"}],"wp:attachment":[{"href":"https:\/\/www.lagota.ch\/index.php?rest_route=%2Fwp%2Fv2%2Fmedia&parent=2921"}],"wp:term":[{"taxonomy":"category","embeddable":true,"href":"https:\/\/www.lagota.ch\/index.php?rest_route=%2Fwp%2Fv2%2Fcategories&post=2921"},{"taxonomy":"post_tag","embeddable":true,"href":"https:\/\/www.lagota.ch\/index.php?rest_route=%2Fwp%2Fv2%2Ftags&post=2921"}],"curies":[{"name":"wp","href":"https:\/\/api.w.org\/{rel}","templated":true}]}}