{"id":2926,"date":"2018-01-29T11:38:01","date_gmt":"2018-01-29T10:38:01","guid":{"rendered":"http:\/\/www.lagota.ch\/?p=2926"},"modified":"2018-01-29T11:38:33","modified_gmt":"2018-01-29T10:38:33","slug":"protesttanz-luzern-bleibt-rosa","status":"publish","type":"post","link":"https:\/\/www.lagota.ch\/?p=2926","title":{"rendered":"Protesttanz: Luzern bleibt RosA"},"content":{"rendered":"<p><strong>Am Samstag Abend fanden sich ca. 50 Personen auf dem Bahnhofsplatz in Luzern ein, um mit Musik, Tanz und Tee gegen Leerstand und fehlende R\u00e4ume f\u00fcr die Autonome Schule Luzern zu protestieren. Die zahlreichen Passant*innen wurden mit Flyern \u00fcber das Geschehen informiert und mit Kreidemalereien wurde der Bahnhofsplatz versch\u00f6nert.<\/strong><br class=\"autobr\" \/><strong> Die Polizei kreuzte nach einiger Zeit kurz mit einem \u00fcbertriebenen Aufgebot auf und versuchte die Musik zu beschlagnahmen, zog dann aber nach einer Viertelstunde unverrichteter Dinge wieder ab. Die Veranstaltung l\u00f6ste sich nach einem Protestzug durch die Stadt selbstbestimmt auf.<\/strong><\/p>\n<p>&nbsp;<\/p>\n<h3 class=\"spip\">Ohne Dach \u00fcber dem Kopf, daf\u00fcr mit Tanz und Tee und rosa Brille!<\/h3>\n<p><strong><a href=\"https:\/\/www.lagota.ch\/wp-content\/uploads\/protest.jpg\"><img loading=\"lazy\" decoding=\"async\" class=\"alignnone size-medium wp-image-2929\" src=\"https:\/\/www.lagota.ch\/wp-content\/uploads\/protest-300x168.jpg\" alt=\"protest\" width=\"300\" height=\"168\" srcset=\"https:\/\/www.lagota.ch\/wp-content\/uploads\/protest-300x168.jpg 300w, https:\/\/www.lagota.ch\/wp-content\/uploads\/protest.jpg 710w\" sizes=\"auto, (max-width: 300px) 100vw, 300px\" \/><\/a><\/strong><\/p>\n<p>Willkommen in der Autonomen Schule Luzern!<\/p>\n<p>Hier ist ein Ort, um zusammen gemeinsam selber zu machen, zu lernen und kennenzulernen. <br class=\"autobr\" \/> Lasst uns gemeinsam dem Konsumzwang entkommen, Rassismus, Sexismus und Diskriminierung VERlernen und stattdessen lernen uns zusammen gegen Unterdr\u00fcckung zu wehren, miteinander zu diskutieren und Sprachen und Wissen zu teilen.<br class=\"autobr\" \/> Die <a class=\"spip_out\" href=\"https:\/\/autonomeschuleluzern.wordpress.com\/\" rel=\"external\">Autonome Schule Luzern (ASL)<\/a> ist seit l\u00e4ngerer Zeit ohne \u00fcberdachten Raum. Deshalb wurde im Dezember 2017 von der <a class=\"spip_out\" href=\"https:\/\/rosahausluzern.wordpress.com\/\" rel=\"external\">Gruppe Rosa Lavache<\/a> <a href=\"https:\/\/barrikade.info\/Luzern-bleibt-rosa-725\">eine leerstehenede Wohnung an der G\u00fcterstrasse 7<\/a> besetzt, um diese R\u00e4ume der ASL zur Verf\u00fcgung zu stellen. Leider wurde diese Wohnung ger\u00e4umt, weil die besitzende SBB Immobilien AG den Leerstand vorzieht und keine kreative, alternative, selbstorganisierte Projekte duldet.<\/p>\n<p>Luzern braucht mehr gemeinschaftlichen Lebensraum und freien Lernraum! anstatt Konsumtempel, B\u00fcrokratie und B\u00fcros, \u00dcberwachung, Leerstand und kakapipitalistische Scheisse.<\/p>\n<p>Quelle: <a href=\"https:\/\/barrikade.info\/Protesttanz-Luzern-bleibt-RosA-761\">https:\/\/barrikade.info\/Protesttanz-Luzern-bleibt-RosA-761<\/a><\/p>\n<p><strong>\u00a0<\/strong><\/p>\n","protected":false},"excerpt":{"rendered":"<p>Am Samstag Abend fanden sich ca. 50 Personen auf dem Bahnhofsplatz in Luzern ein, um mit Musik, Tanz und Tee gegen Leerstand und fehlende R\u00e4ume f\u00fcr die Autonome Schule Luzern zu protestieren. Die zahlreichen Passant*innen wurden mit Flyern \u00fcber das Geschehen informiert und mit Kreidemalereien wurde der Bahnhofsplatz versch\u00f6nert.<br \/>\nDie Polizei kreuzte nach einiger Zeit kurz mit einem \u00fcbertriebenen Aufgebot auf und versuchte die Musik zu beschlagnahmen, zog dann aber nach einer Viertelstunde unverrichteter Dinge wieder ab. Die Veranstaltung l\u00f6ste sich nach einem Protestzug durch die Stadt selbstbestimmt auf. <a href=\"https:\/\/www.lagota.ch\/?p=2926\">Continue reading <span class=\"meta-nav\">&rarr;<\/span><\/a><\/p>\n","protected":false},"author":1,"featured_media":0,"comment_status":"closed","ping_status":"open","sticky":false,"template":"","format":"standard","meta":{"footnotes":""},"categories":[49,274,11,18],"tags":[826,66,1148,945],"class_list":["post-2926","post","type-post","status-publish","format-standard","hentry","category-antirep","category-gentrifizierung","category-luzern","category-squat-the-world","tag-autonome-schule","tag-demo","tag-luzern","tag-sbb"],"_links":{"self":[{"href":"https:\/\/www.lagota.ch\/index.php?rest_route=\/wp\/v2\/posts\/2926","targetHints":{"allow":["GET"]}}],"collection":[{"href":"https:\/\/www.lagota.ch\/index.php?rest_route=\/wp\/v2\/posts"}],"about":[{"href":"https:\/\/www.lagota.ch\/index.php?rest_route=\/wp\/v2\/types\/post"}],"author":[{"embeddable":true,"href":"https:\/\/www.lagota.ch\/index.php?rest_route=\/wp\/v2\/users\/1"}],"replies":[{"embeddable":true,"href":"https:\/\/www.lagota.ch\/index.php?rest_route=%2Fwp%2Fv2%2Fcomments&post=2926"}],"version-history":[{"count":2,"href":"https:\/\/www.lagota.ch\/index.php?rest_route=\/wp\/v2\/posts\/2926\/revisions"}],"predecessor-version":[{"id":2931,"href":"https:\/\/www.lagota.ch\/index.php?rest_route=\/wp\/v2\/posts\/2926\/revisions\/2931"}],"wp:attachment":[{"href":"https:\/\/www.lagota.ch\/index.php?rest_route=%2Fwp%2Fv2%2Fmedia&parent=2926"}],"wp:term":[{"taxonomy":"category","embeddable":true,"href":"https:\/\/www.lagota.ch\/index.php?rest_route=%2Fwp%2Fv2%2Fcategories&post=2926"},{"taxonomy":"post_tag","embeddable":true,"href":"https:\/\/www.lagota.ch\/index.php?rest_route=%2Fwp%2Fv2%2Ftags&post=2926"}],"curies":[{"name":"wp","href":"https:\/\/api.w.org\/{rel}","templated":true}]}}