{"id":2933,"date":"2018-02-02T17:25:26","date_gmt":"2018-02-02T16:25:26","guid":{"rendered":"http:\/\/www.lagota.ch\/?p=2933"},"modified":"2018-02-02T17:25:26","modified_gmt":"2018-02-02T16:25:26","slug":"es-lebe-der-widerstand-in-afrin","status":"publish","type":"post","link":"https:\/\/www.lagota.ch\/?p=2933","title":{"rendered":"Es lebe der Widerstand in Afrin"},"content":{"rendered":"<p><strong>Nach mehreren Platzkundgebungen gegen die Anschl\u00e4ge in Afrin versammelten sich gestern in Luzern zirka 200 Personen zu einem Demonstrationszug durch die Neustadt Richtung Helvetiaplatz.<\/p>\n<p><\/strong><\/p>\n<p><a href=\"https:\/\/www.lagota.ch\/wp-content\/uploads\/afrinluzern.jpg\"><img loading=\"lazy\" decoding=\"async\" class=\"alignnone size-medium wp-image-2934\" src=\"https:\/\/www.lagota.ch\/wp-content\/uploads\/afrinluzern-300x168.jpg\" alt=\"afrinluzern\" width=\"300\" height=\"168\" srcset=\"https:\/\/www.lagota.ch\/wp-content\/uploads\/afrinluzern-300x168.jpg 300w, https:\/\/www.lagota.ch\/wp-content\/uploads\/afrinluzern.jpg 710w\" sizes=\"auto, (max-width: 300px) 100vw, 300px\" \/><\/a><br \/>\nDurch zahlreiche Transparente und Parolen wurden die Angriffe der T\u00fcrkischen Armee verurteilt und gefordert, das Schweigen \u00fcber die Massaker zu brechen. Nicht zuletzt wurde Solidarit\u00e4t mit dem Widerstand bekundet; Bilder, die w\u00e4hrend der Demo mitgetragen wurden zeigten zivile Opfer der Angriffe und gefallene Wiederstandsk\u00e4mpferinnen. Auf dem Helvetiaplatz, wurde die Demonstration nach verschieden Redebeitr\u00e4gen beendet. Unten einer der Texte, die gelesen wurden.<\/p>\n<blockquote class=\"spip\"><p><strong>Die Verteitigung Afrins = Die Verteidigung der Frauenrevolution<\/strong><br class=\"autobr\" \/> &#8220;NO PASARAN&#8221; f\u00fcr Erdogans Faschismus<\/p>\n<p>Seit mehr als einer Woche wird der Kanton Efrin (Afrin) in Rojava (syrisches Kurdistan) von der t\u00fcrkischen Luftwaffe bombardiert durch bevorstehende Massaker an Zivilist*innen bedroht. Bis zuletzt war Efrin eine der stabilsten und sichersten Regionen seit Beginn des Krieges in Syrien und Kurdistan.<\/p>\n<p>Diese Bombenanschl\u00e4ge t\u00f6teten bislang mehr als 100 Menschen und verletzten Hunderte von Zivilist*innen, haupts\u00e4chlich Frauen und Kinder. Diese genozidale Invasion richtet sich nicht nur gegen die Kurd*innen, sondern auch gegen andere V\u00f6lker der Region, die w\u00e4hrend der Konflikte zu Hunderttausenden nach Efrin geflohen sind. Die Angriffe der t\u00fcrkischen Armee haben sich an vielen Orten gegen zivile Wohnr\u00e4ume gerichtet und diese zerst\u00f6rt; besonders im Dorf Haj Khalil in Rajo (Jinderese). Die &#8220;Spezialeinheiten&#8221;, die von der t\u00fcrkischen Armee eingesetzt werden, sind niemand anderes als die Dschihadisten von Heyet Tahrir El Sham von der FSA (Freie Syrische Armee). Wie in Kobane kollaboriert der t\u00fcrkische Staat mit den Feinden der Menschheit.<\/p>\n<p>Die Kurd*innen und besonders die Frauen, als Vorreiterinnen der Revolution in Rojava und des Sieges von Kobane, verteidigten die Werte der Menschheit mit ihrem Leben. Im Kampf der Frauen von Rojava geht es darum, das gesellschaftliche Projekt der demoktratischen Autonomie zu verteidigen. Er ist Teil des Kampfes f\u00fcr die Emanzipation der Frauen und ist in den universalen Werten des Feminismus begr\u00fcndet. In Efrin k\u00e4mpfen Frauen gegen die h\u00f6chste Repr\u00e4sentation des patriarchalen Systems, die sich heute, wie gestern in Sinjar (Shengal), als Akt des Fiminizids reproduziert &#8211; diesmal ausgel\u00f6st durch das faschistische Regime von Erdogan!<\/p>\n<p>Arin Mirkan wurde zum Symbol der Frauenrevolution in Rojava und opferte ihr Leben f\u00fcr alle Frauen auf dieser Welt gegen den IS. Avesta Xabur k\u00e4mpfte hart gegen dieses unterdr\u00fcckende, patriarchale und machtlose System, indem sie sich gegen die Panzer der t\u00fcrkischen Armee auflehnte und ihr Leben daf\u00fcr gab. Sie tat dies, um die menschlichen Werte dieser Frauenrevolution im Herzen des Nahen Ostens zu sch\u00fctzen, aber vor allen Dingen, um zuk\u00fcnftigen Generationen das \u00dcberleben zu erm\u00f6glichen. Avesta Xabur ist heute das Symbol des Kampfes f\u00fcr die Befreiung von Efrin.<\/p>\n<p>Wir fordern nachdr\u00fccklich, dass die UNO, die EU und die internationale Gemeinschaft sofort Massnahmen ergreifen, um dieser Aggression, die das Leben von Hunderttausenden von Menschen droht, ein Ende zu setzen. <br class=\"autobr\" \/> Wir fordern die internationale Gemeinschaft auf, ihr Schweigen, das die schweren Menschenrechtsverletzungen durch diese Angriffe legitimiert, zu brechen.<\/p>\n<p>Wir rufen alle Frauen dieser Erde, Feministinnen, Demokrat*innen, Menschenrechtsverteidiger*innen und alle antipatriarchalen, antikapitalistischen, antiimperialistischen Kr\u00e4fte auf, diesen Kampf gegen Vertuschung, Faschismus und Feminizid zu unterst\u00fctzen!<\/p>\n<p>Kurdische Frauenbewegung in Europa (TJK-E)<\/p><\/blockquote>\n<p><span class=\"spip_document_929 spip_documents spip_documents_right\"> <a href=\"https:\/\/barrikade.info\/home\/chroot_ml\/ml-barrikade\/ml-barrikade\/public_html\/local\/cache-vignettes\/L540xH960\/b-dd3a1.jpg?1517566936\" data-toggle=\"lightbox\" data-gallery=\"gallery\"><img loading=\"lazy\" decoding=\"async\" class=\"img-fluid col-12 col-sm-12 col-md-12 col-lg-12\" src=\"https:\/\/barrikade.info\/home\/chroot_ml\/ml-barrikade\/ml-barrikade\/public_html\/local\/cache-vignettes\/L540xH960\/b-dd3a1.jpg?1517566936\" alt=\"\" width=\"540\" height=\"960\" \/><\/a><\/span><\/p>\n<p>Nach der Demonstration wurde eine Gruppe junger Demoteilnehmer*innen f\u00fcr eine &#8220;normale Kontrolle&#8221; von Polizist*innen angehalten. Vermutlich sollen gerade junge Menschen, die sich politisieren, eingesch\u00fcchtert werden. Davon lassen wir uns nicht einsch\u00fcchtern.<br class=\"autobr\" \/> Widerstand ist \u00fcberall!<\/p>\n<p><span class=\"spip_document_931 spip_documents spip_documents_left\"> <a href=\"https:\/\/barrikade.info\/home\/chroot_ml\/ml-barrikade\/ml-barrikade\/public_html\/local\/cache-vignettes\/L540xH960\/e-1ba21.jpg?1517566936\" data-toggle=\"lightbox\" data-gallery=\"gallery\"><img loading=\"lazy\" decoding=\"async\" class=\"img-fluid col-12 col-sm-12 col-md-12 col-lg-12\" src=\"https:\/\/barrikade.info\/home\/chroot_ml\/ml-barrikade\/ml-barrikade\/public_html\/local\/cache-vignettes\/L540xH960\/e-1ba21.jpg?1517566936\" alt=\"\" width=\"540\" height=\"960\" \/><\/p>\n<p><\/a>Quelle: <a href=\"https:\/\/barrikade.info\/Es-lebe-der-Widerstand-in-Afrin-774\">https:\/\/barrikade.info\/Es-lebe-der-Widerstand-in-Afrin-774<\/a><\/span><\/p>\n<p><strong>\u00a0<\/strong><\/p>\n","protected":false},"excerpt":{"rendered":"<p>Nach mehreren Platzkundgebungen gegen die Anschl\u00e4ge in Afrin versammelten sich gestern in Luzern zirka 200 Personen zu einem Demonstrationszug durch die Neustadt Richtung Helvetiaplatz. <a href=\"https:\/\/www.lagota.ch\/?p=2933\">Continue reading <span class=\"meta-nav\">&rarr;<\/span><\/a><\/p>\n","protected":false},"author":1,"featured_media":0,"comment_status":"closed","ping_status":"open","sticky":false,"template":"","format":"standard","meta":{"footnotes":""},"categories":[10,713,11,16],"tags":[1035,66,1163,1148],"class_list":["post-2933","post","type-post","status-publish","format-standard","hentry","category-aus-aller-welt","category-kurdistan","category-luzern","category-schweiz","tag-afrin","tag-demo","tag-kurdistan","tag-luzern"],"_links":{"self":[{"href":"https:\/\/www.lagota.ch\/index.php?rest_route=\/wp\/v2\/posts\/2933","targetHints":{"allow":["GET"]}}],"collection":[{"href":"https:\/\/www.lagota.ch\/index.php?rest_route=\/wp\/v2\/posts"}],"about":[{"href":"https:\/\/www.lagota.ch\/index.php?rest_route=\/wp\/v2\/types\/post"}],"author":[{"embeddable":true,"href":"https:\/\/www.lagota.ch\/index.php?rest_route=\/wp\/v2\/users\/1"}],"replies":[{"embeddable":true,"href":"https:\/\/www.lagota.ch\/index.php?rest_route=%2Fwp%2Fv2%2Fcomments&post=2933"}],"version-history":[{"count":1,"href":"https:\/\/www.lagota.ch\/index.php?rest_route=\/wp\/v2\/posts\/2933\/revisions"}],"predecessor-version":[{"id":2935,"href":"https:\/\/www.lagota.ch\/index.php?rest_route=\/wp\/v2\/posts\/2933\/revisions\/2935"}],"wp:attachment":[{"href":"https:\/\/www.lagota.ch\/index.php?rest_route=%2Fwp%2Fv2%2Fmedia&parent=2933"}],"wp:term":[{"taxonomy":"category","embeddable":true,"href":"https:\/\/www.lagota.ch\/index.php?rest_route=%2Fwp%2Fv2%2Fcategories&post=2933"},{"taxonomy":"post_tag","embeddable":true,"href":"https:\/\/www.lagota.ch\/index.php?rest_route=%2Fwp%2Fv2%2Ftags&post=2933"}],"curies":[{"name":"wp","href":"https:\/\/api.w.org\/{rel}","templated":true}]}}