{"id":2936,"date":"2018-02-09T17:03:01","date_gmt":"2018-02-09T16:03:01","guid":{"rendered":"http:\/\/www.lagota.ch\/?p=2936"},"modified":"2018-02-09T17:03:01","modified_gmt":"2018-02-09T16:03:01","slug":"grossdemo-gegen-den-angriffskrieg-erdogans-auf-afrin","status":"publish","type":"post","link":"https:\/\/www.lagota.ch\/?p=2936","title":{"rendered":"Grossdemo gegen den Angriffskrieg Erdogans auf Afrin!"},"content":{"rendered":"<div class=\"crayon article-chapo-792 chapo\">\n<h4 class=\"spip\">Halte stand, freies Afrin!<\/h4>\n<p>***Grossdemo gegen den Angriffskrieg Erdogans auf Afrin*** Samstag, 10.Februar, 14 Uhr, Bahnhofplatz Bern***<br \/>\n\u2014\u00a0<br class=\"autobr\" \/> Seit Mitte Januar greift die t\u00fcrkische Armee gemeinsam mit dschihadistisch-terroristischen Milizen die nordwestsyrische Region Afrin an und versucht dabei, die dortige demokratische Selbstverwaltung zu zerschlagen.<\/p>\n<\/div>\n<div class=\"surlignable\">\n<div class=\"crayon article-texte-792 texte-principal text\">\n<p>In den Wirren des Syrischen B\u00fcrgerkrieges gelang es den Menschen in Nordsyrien, eine demokratische und f\u00f6deralistische Gesellschaft aufzubauen. In den mehrheitlich kurdisch besiedelten Gebieten wurde 2012 die Regierung von Assad friedlich entmachtet und die Verwaltung lokalen R\u00e4ten \u00fcbergeben. Das Zusammenleben wird auf der Basis von f\u00f6deraler Demokratie, Frauenbefreiung und \u00d6kologie, sowie kommunaler Wirtschaft aufgebaut.<br class=\"autobr\" \/> Mit dem Aufstreben des sogenannten Islamischen Staates (IS) wurde dieses Projekt ein erstes Mal gewaltsam bedroht. Mit der Unterst\u00fctzung der Arbeiterpartei Kurdistans (PKK) und westlicher Staaten gelang es den Selbstverteidigungskr\u00e4ften YPG und YPJ der Partei der demokratischen Einheit (PYD), den sogenannten IS weitgehend zu besiegen. Zuerst in Kobane anfangs 2015, danach im Jahre 2017 auch in deren Hauptstadt Rakka. W\u00e4hrend des Krieges konnten die demokratischen Strukturen gefestigt werden und 2016 riefen die Kantone Afrin, Manbidsch, Kobane und Cizire die Demokratische F\u00f6deration Nordsyrien aus. Wo fr\u00fcher die kurdischen Minderheiten unterdr\u00fcckt wurden, leben heute Kurd*innen, Araber*innen, Assyrer*innen, sowie Turkmen*innen friedlich und gleichgestellt miteinander. Wo fr\u00fcher eine patriarchale Unterdr\u00fcckung der Frau vorherrschend war, bestehen nun alle Gremien aus einer Doppelspitze mit Mann und Frau. Zudem wurden Frauenr\u00e4te gegr\u00fcndet, um die politische Partizipation aller Frauen zu erm\u00f6glichen. Nicht ohne Grund wird die politische Umw\u00e4lzung auch die Revolution der Frauen genannt.<\/p>\n<p>Diese neue Gesellschaft ist dem t\u00fcrkischen Staatschef Erdogan ein Dorn im Auge. Zu sehr f\u00fcrchtet er sich vor dem Erstarken der PKK und ihrer Schwesterorganisation PYD in Nordsyrien. Zu sehr sieht er sein Streben nach einer islamistischen Diktatur in der T\u00fcrkei gef\u00e4hrdet.<br class=\"autobr\" \/> Lange hoffte Erdogan auf den IS, welcher regelm\u00e4ssig durch die T\u00fcrkei logistisch unterst\u00fctzt wurde. So wurden beim IS einige Waffen gefunden, f\u00fcr welche die T\u00fcrkei als Endverbraucher registriert war.<br class=\"autobr\" \/> Nach der milit\u00e4rischen Niederlage des IS greift die T\u00fcrkei nun selbst an und versucht den westlichen Kanton Afrin einzunehmen. Die gr\u00f6ssten Leidtragende sind dabei Zivilist*innen. In einer Region, die lange vom Krieg verschont blieb und in der hunderttausende Fl\u00fcchtende eine neue Heimat fanden, sterben nun t\u00e4glich Menschen durch den massiven Bombenhagel und dem Artilleriefeuer der t\u00fcrkischen Armee. Mit an vorderster Front sind Dschihadisten verschiedener terroristischen Gruppen. Darunter auch Al-Kaida und ehemalige IS Terroristen.<\/p>\n<p>Dem v\u00f6lkerrechtswidrigen Einmarsch schaut der Westen bislang tatenlos zu. Dabei setzt die T\u00fcrkei viele Waffen ein, welche aus dem Westen, insbesondere aus Deutschland, stammen.<br class=\"autobr\" \/> Die Europ\u00e4ischen Staaten bleiben aufgrund ihrer wirtschaftlichen Interessen, sowie dem Fl\u00fcchtlingsdeal mit der T\u00fcrkei still und lassen der t\u00fcrkischen Armee bei ihrer m\u00f6rderischen Offensive freie Hand.<br class=\"autobr\" \/> Wie es zusammengefasst der Moderator der WDR-Sendung Monitor treffend ausdr\u00fcckte:<br class=\"autobr\" \/> \u201eDa f\u00fchrt ein NATO-Partner mit Hilfe islamistischer Terroristen einen v\u00f6lkerrechtswidrigen Angriffskrieg gegen westliche B\u00fcndnispartner mit jeder Menge deutscher Waffen und die Bundesregierung spricht von einer fluiden Lage, die sie nicht bewerten will. Geht\u2019s eigentlich noch verlogener?\u201c<\/p>\n<p><a href=\"https:\/\/www.lagota.ch\/wp-content\/uploads\/afrin2.jpg\"><img loading=\"lazy\" decoding=\"async\" class=\"alignnone size-medium wp-image-2937\" src=\"https:\/\/www.lagota.ch\/wp-content\/uploads\/afrin2-239x300.jpg\" alt=\"afrin2\" width=\"239\" height=\"300\" srcset=\"https:\/\/www.lagota.ch\/wp-content\/uploads\/afrin2-239x300.jpg 239w, https:\/\/www.lagota.ch\/wp-content\/uploads\/afrin2.jpg 614w\" sizes=\"auto, (max-width: 239px) 100vw, 239px\" \/><\/a><\/p>\n<p>Gegen die Angriffe auf Afrin k\u00f6nnen wir nicht tatenlos zusehen. Gleichzeitig k\u00f6nnen wir nicht auf Staaten hoffen und m\u00fcssen eine Solidarit\u00e4t von Unten aufbauen!<br class=\"autobr\" \/> Dem Gef\u00fchl der Ohnmacht m\u00fcssen wir einen politischen Kampf gegen die t\u00fcrkische Diktatur entgegenstellen. Lasst uns auf die Strassen gehen und Druck aufbauen! Lasst uns unsere Solidarit\u00e4t mit der YPG und der YPJ zeigen! Brechen wir das Schweigen und die Gleichg\u00fcltigkeit, wenn Zivilist*Innen get\u00f6tet werden!\u2028 Seid kreativ, seid aktiv!<\/p>\n<p>Es lebe der Widerstand in Afrin!<\/p>\n<p><strong>Hoch die antinationale Solidarit\u00e4t!<\/strong><\/p>\n<\/div>\n<\/div>\n","protected":false},"excerpt":{"rendered":"<p>***Grossdemo gegen den Angriffskrieg Erdogans auf Afrin*** Samstag, 10.Februar, 14 Uhr, Bahnhofplatz Bern***<br \/>\n\u2014<br \/>\nSeit Mitte Januar greift die t\u00fcrkische Armee gemeinsam mit dschihadistisch-terroristischen Milizen die nordwestsyrische Region Afrin an und versucht dabei, die dortige demokratische Selbstverwaltung zu zerschlagen. <a href=\"https:\/\/www.lagota.ch\/?p=2936\">Continue reading <span class=\"meta-nav\">&rarr;<\/span><\/a><\/p>\n","protected":false},"author":1,"featured_media":0,"comment_status":"closed","ping_status":"open","sticky":false,"template":"","format":"standard","meta":{"footnotes":""},"categories":[10,16,4],"tags":[1035,102,66,1163,447,717,1036],"class_list":["post-2936","post","type-post","status-publish","format-standard","hentry","category-aus-aller-welt","category-schweiz","category-veranstaltung","tag-afrin","tag-bern","tag-demo","tag-kurdistan","tag-turkei","tag-ypg","tag-ypj"],"_links":{"self":[{"href":"https:\/\/www.lagota.ch\/index.php?rest_route=\/wp\/v2\/posts\/2936","targetHints":{"allow":["GET"]}}],"collection":[{"href":"https:\/\/www.lagota.ch\/index.php?rest_route=\/wp\/v2\/posts"}],"about":[{"href":"https:\/\/www.lagota.ch\/index.php?rest_route=\/wp\/v2\/types\/post"}],"author":[{"embeddable":true,"href":"https:\/\/www.lagota.ch\/index.php?rest_route=\/wp\/v2\/users\/1"}],"replies":[{"embeddable":true,"href":"https:\/\/www.lagota.ch\/index.php?rest_route=%2Fwp%2Fv2%2Fcomments&post=2936"}],"version-history":[{"count":1,"href":"https:\/\/www.lagota.ch\/index.php?rest_route=\/wp\/v2\/posts\/2936\/revisions"}],"predecessor-version":[{"id":2938,"href":"https:\/\/www.lagota.ch\/index.php?rest_route=\/wp\/v2\/posts\/2936\/revisions\/2938"}],"wp:attachment":[{"href":"https:\/\/www.lagota.ch\/index.php?rest_route=%2Fwp%2Fv2%2Fmedia&parent=2936"}],"wp:term":[{"taxonomy":"category","embeddable":true,"href":"https:\/\/www.lagota.ch\/index.php?rest_route=%2Fwp%2Fv2%2Fcategories&post=2936"},{"taxonomy":"post_tag","embeddable":true,"href":"https:\/\/www.lagota.ch\/index.php?rest_route=%2Fwp%2Fv2%2Ftags&post=2936"}],"curies":[{"name":"wp","href":"https:\/\/api.w.org\/{rel}","templated":true}]}}