{"id":2946,"date":"2018-02-26T13:27:29","date_gmt":"2018-02-26T12:27:29","guid":{"rendered":"http:\/\/www.lagota.ch\/?p=2946"},"modified":"2018-02-26T13:27:29","modified_gmt":"2018-02-26T12:27:29","slug":"8-marz","status":"publish","type":"post","link":"https:\/\/www.lagota.ch\/?p=2946","title":{"rendered":"8. M\u00e4rz"},"content":{"rendered":"<p>Der 8. M\u00e4rz ist der Tag, an dem weltweit Frauen Strassen und \u00f6ffentliche R\u00e4ume erobern, um ihre Forderungen zum internationalen Frauenkampftag kund zu tun. Es ist der Tag, an dem wir uns selbsterm\u00e4chtigt zusammenschliessen und mit der kollektiven Aktion unsere Ohnmacht durchbrechen.<\/p>\n<p><a href=\"https:\/\/www.lagota.ch\/wp-content\/uploads\/plaki2_weiss_print_a3.jpg\"><img loading=\"lazy\" decoding=\"async\" class=\"alignnone size-medium wp-image-2947\" src=\"https:\/\/www.lagota.ch\/wp-content\/uploads\/plaki2_weiss_print_a3-212x300.jpg\" alt=\"plaki2_weiss_print_a3\" width=\"212\" height=\"300\" srcset=\"https:\/\/www.lagota.ch\/wp-content\/uploads\/plaki2_weiss_print_a3-212x300.jpg 212w, https:\/\/www.lagota.ch\/wp-content\/uploads\/plaki2_weiss_print_a3-724x1024.jpg 724w, https:\/\/www.lagota.ch\/wp-content\/uploads\/plaki2_weiss_print_a3.jpg 877w\" sizes=\"auto, (max-width: 212px) 100vw, 212px\" \/><\/a><\/p>\n<p>Wir sagen NEIN zu den erstarkenden reaktion\u00e4ren Kr\u00e4ften, die unsere Errungenschaften angreifen und zur\u00fcck in traditionelle Geschlechterrollen schicken wollen.<\/p>\n<p>Wir sagen NEIN zu Sexismus und Gewalt an Frauen, die weltweit immer krassere Ausmasse annehmen.<\/p>\n<p>Wir sagen NEIN zu Kapitalismus und Imperialismus, die f\u00fcr Ausbeutung, Armut, Krieg und Naturzerst\u00f6rung verantwortlich sind.<\/p>\n<p>Wir sagen SCHLUSS mit diesem barbarischen System!<\/p>\n<p>Entfesseln wir aus der erdr\u00fcckenden Wirklichkeit die M\u00f6glichkeiten revolution\u00e4rer Ver\u00e4nderung und Befreiung!<\/p>\n<p><strong>Solidarit\u00e4t mit Afrin! Verteidigen wir die revolution\u00e4ren Perspektiven, die in Rojava entwickelt werden! <\/strong><\/p>\n<p><strong>Solidarit\u00e4t mit den revolution\u00e4ren Bewegungen weltweit! F\u00fcr den proletarischen Internationalismus! <\/strong><\/p>\n<p><strong>F\u00fcr den Kommunismus!\u00a0<\/strong><\/p>\n<p><a href=\"https:\/\/www.aufbau.org\/index.php\/component\/jevents\/icalrepeat.detail\/2018\/03\/10\/189\/-\/frauen-demo?Itemid=1&amp;filter_reset=1\"><strong>Frauen, raus auf die Strasse am Samstag, 10. M\u00e4rz 2018, 13:30 Uhr, Hechtplatz Z\u00fcrich.<\/strong><\/a><\/p>\n<p><strong>Texte und Infos: <a href=\"http:\/\/www.frauenbuendnis-zueri.ch\/\">Frauenb\u00fcndnis Z\u00fcrich<\/a> | <a href=\"https:\/\/www.aufbau.org\/index.php\/53-schlagzeilen2\/2463-chronik-kleinerer-aktionen-zum-frauenkampfag-2018\">Chronik kleinerer Aktionen zum Frauenkampfag 2018<\/a> <strong>|<\/strong><br \/>\n<\/strong><\/p>\n<p><strong>Weitere Termine: <a href=\"https:\/\/aufbau.org\/index.php\/component\/jevents\/icalrepeat.detail\/2018\/03\/01\/191\/-\/winti-film-und-diskussion-zum-ifb-in-rojava?Itemid=1&amp;filter_reset=1\">Do, 1.3.18 &#8211; Winti &#8211; Film und Diskussion zum IFB in Rojava<\/a><\/strong> |<\/p>\n<p>Quelle: <a href=\"https:\/\/www.aufbau.org\/\">https:\/\/www.aufbau.org\/<strong><br \/>\n<\/strong><\/a><\/p>\n","protected":false},"excerpt":{"rendered":"<p>Der 8. M\u00e4rz ist der Tag, an dem weltweit Frauen Strassen und \u00f6ffentliche R\u00e4ume erobern, um ihre Forderungen zum internationalen Frauenkampftag kund zu tun. Es ist der Tag, an dem wir uns selbsterm\u00e4chtigt zusammenschliessen und mit der kollektiven Aktion unsere Ohnmacht durchbrechen.  <a href=\"https:\/\/www.lagota.ch\/?p=2946\">Continue reading <span class=\"meta-nav\">&rarr;<\/span><\/a><\/p>\n","protected":false},"author":1,"featured_media":0,"comment_status":"closed","ping_status":"open","sticky":false,"template":"","format":"standard","meta":{"footnotes":""},"categories":[14,242,4],"tags":[491,720,576],"class_list":["post-2946","post","type-post","status-publish","format-standard","hentry","category-arbeitskampf","category-emanzipation","category-veranstaltung","tag-8-marz","tag-frauenkampf","tag-sexismus"],"_links":{"self":[{"href":"https:\/\/www.lagota.ch\/index.php?rest_route=\/wp\/v2\/posts\/2946","targetHints":{"allow":["GET"]}}],"collection":[{"href":"https:\/\/www.lagota.ch\/index.php?rest_route=\/wp\/v2\/posts"}],"about":[{"href":"https:\/\/www.lagota.ch\/index.php?rest_route=\/wp\/v2\/types\/post"}],"author":[{"embeddable":true,"href":"https:\/\/www.lagota.ch\/index.php?rest_route=\/wp\/v2\/users\/1"}],"replies":[{"embeddable":true,"href":"https:\/\/www.lagota.ch\/index.php?rest_route=%2Fwp%2Fv2%2Fcomments&post=2946"}],"version-history":[{"count":1,"href":"https:\/\/www.lagota.ch\/index.php?rest_route=\/wp\/v2\/posts\/2946\/revisions"}],"predecessor-version":[{"id":2948,"href":"https:\/\/www.lagota.ch\/index.php?rest_route=\/wp\/v2\/posts\/2946\/revisions\/2948"}],"wp:attachment":[{"href":"https:\/\/www.lagota.ch\/index.php?rest_route=%2Fwp%2Fv2%2Fmedia&parent=2946"}],"wp:term":[{"taxonomy":"category","embeddable":true,"href":"https:\/\/www.lagota.ch\/index.php?rest_route=%2Fwp%2Fv2%2Fcategories&post=2946"},{"taxonomy":"post_tag","embeddable":true,"href":"https:\/\/www.lagota.ch\/index.php?rest_route=%2Fwp%2Fv2%2Ftags&post=2946"}],"curies":[{"name":"wp","href":"https:\/\/api.w.org\/{rel}","templated":true}]}}