{"id":2954,"date":"2018-03-09T17:23:02","date_gmt":"2018-03-09T16:23:02","guid":{"rendered":"http:\/\/www.lagota.ch\/?p=2954"},"modified":"2018-03-09T17:23:02","modified_gmt":"2018-03-09T16:23:02","slug":"demo-fur-mike-gegen-rassismus-und-polizeigewalt-am-10-marz-in-lausanne","status":"publish","type":"post","link":"https:\/\/www.lagota.ch\/?p=2954","title":{"rendered":"Demo f\u00fcr Mike, gegen Rassismus und Polizeigewalt am 10. M\u00e4rz in Lausanne"},"content":{"rendered":"<div class=\"crayon article-chapo-886 chapo\">\n<p><strong>Mike Ben Peter war Teil des Kollektiv Jean Dutoit und starb in der Nacht vom letzten Mittwoch auf Donnerstag infolge \/ w\u00e4hrend einer Polizeikontrolle. Kommt am Samstag, dem 10. M\u00e4rz um 13h zum Place Chauderon in Lausanne und lasst uns demonstrieren!<\/strong><br class=\"autobr\" \/> ***Fran\u00e7ais en bas *** English below ***<\/p>\n<\/div>\n<div class=\"surlignable\">\n<div class=\"crayon article-texte-886 texte-principal text\">\n<p>Um Mike in Erinnerung zu halten, um unseren Schmerz und unsere Wut zu zeigen&#8230;<\/p>\n<p>Sagen wir STOP gegen Rassismus und insbesondere gegen anti-schwarzen Rassismus, sagen wir STOP gegen die Stereotypisierung von migrierenden Menschen, sagen wir STOP gegen Polizeigewalt, kommt mit uns demonstrieren!<\/p>\n<p>Wir versp\u00fchren ein starkes Bed\u00fcrftnis uns zu vereinen und unsere Entschlossenheit zum K\u00e4mpfen zu zeigen. Eine friedliche Demo, um zu informieren, um zusammen zu sein, um unseren Stimmen Ausdruck zu verleihen!<\/p>\n<p>Wir hoffen ihr werdet viele sein, die diesen Aufruf zu Ohren bekommen und ihn weiter verbreiten.<\/p>\n<p>ONE LOVE<\/p>\n<blockquote class=\"spip\"><p>Mike Ben Peter starb in der Nacht vom letzten Mittwoch auf Donnerstag in Lausanne infolge \/ w\u00e4hrend einer Polizeikontrolle in der N\u00e4he des Bahnhof SBB. Die genauen Umst\u00e4nde seines Todes wurden bis heute nicht genauer aufgekl\u00e4rt. Er war Vater von zwei Kindern, unser Genosse, unser Bruder, unser Freund.<\/p><\/blockquote>\n<p>***<br class=\"autobr\" \/> <strong>Mike Ben Peter, du collectif Jean Dutoit, est mort dans la nuit de mercredi \u00e0 jeudi dernier \u00e0 Lausanne, suite \u00e0 \/ lors d\u2019une intervention polici\u00e8re. Venez manifester samedi 10 mars \u00e0 13h \u00e0 Lausanne, Place Chauderon !<\/strong><\/p>\n<p>Pour honorer la m\u00e9moire de Mike, pour dire notre peine et notre col\u00e8re&#8230;<\/p>\n<p>Pour dire STOP au racisme et en particulier au racisme anti-noir, pour dire STOP aux amalgames concernant les personnes qui migrent, pour dire STOP aux violences de la police, venez manifester avec nous !<\/p>\n<p>Nous sentons tr\u00e8s fort le besoin de nous rassembler pour dire notre d\u00e9termination \u00e0 lutter. Une marche pacifique, pour faire savoir, pour \u00eatre ensemble, pour exprimer nos voix !<\/p>\n<p>Nous esp\u00e9rons que vous serez nombreux \u00e0 entendre cet appel et \u00e0 le partager largement.<\/p>\n<p>ONE LOVE<\/p>\n<blockquote class=\"spip\"><p>Mike Ben Peter est mort dans la nuit de mercredi \u00e0 jeudi dernier \u00e0 Lausanne, suite \u00e0 \/ lors d\u2019une intervention polici\u00e8re \u00e0 proximit\u00e9 de la gare CFF. Les circonstances de sa mort n\u2019ont pas \u00e9t\u00e9 \u00e9claircies \u00e0 ce jour. Il \u00e9tait le p\u00e8re de deux enfants, notre compagnon, notre fr\u00e8re, notre ami.<\/p><\/blockquote>\n<p>***<br class=\"autobr\" \/> To honour Mike\u2019s memory, to speak out our grief and our anger&#8230;<\/p>\n<p>To say STOP to racism and to anti-black racism, to say STOP to the confusion around migrant people, to say STOP to police violence, come to protest with us !<\/p>\n<p>We feel a very strong need to gather to say our determination to continue to fight for what is right. A peaceful protest, to make it known, to be together, to express our voices !<\/p>\n<p>We hope there will be a lot of you to hear this call and to share it widely around you.<\/p>\n<p>ONE LOVE<\/p>\n<blockquote class=\"spip\"><p>Mike Ben Peter died in the night between Wednesday and Thursday last week in Lausanne, following \/ during a police intervention near the train station. The circumstances of his death has not been clarified yet. He was the father of two children, our companion, our brother, our friend.<\/p><\/blockquote>\n<\/div>\n<\/div>\n<div class=\"ps\">\n<h4>P.S.<\/h4>\n<div class=\"crayon article-ps-886 surlignable\">\n<p><a class=\"spip_out\" href=\"https:\/\/collectifjeandutoit.files.wordpress.com\/2017\/11\/collectifjeandutoit_rapportpourlesdroitsetlamobilite_nov2017.pdf\" rel=\"external\">Rapport de Jean Dutoit pour les droits et la mobilit\u00e9 des personnes migrantes noires africaines en Suisse et en Europe<\/a><br class=\"autobr\" \/> Gefunden und \u00fcbersetzt von <a class=\"spip_out\" href=\"https:\/\/renverse.co\/Manif-pour-Mike-contre-le-racisme-et-les-violences-policieres-1419\" rel=\"external\">renverse.co<\/p>\n<p><\/a>Quelle: <a href=\"https:\/\/barrikade.info\/Demo-fur-Mike-gegen-Rassismus-und-Polizeigewalt-886\">https:\/\/barrikade.info\/Demo-fur-Mike-gegen-Rassismus-und-Polizeigewalt-886<\/a><\/p>\n<\/div>\n<\/div>\n","protected":false},"excerpt":{"rendered":"<p>Mike Ben Peter war Teil des Kollektiv Jean Dutoit und starb in der Nacht vom letzten Mittwoch auf Donnerstag infolge \/ w\u00e4hrend einer Polizeikontrolle. Kommt am Samstag, dem 10. M\u00e4rz um 13h zum Place Chauderon in Lausanne und lasst uns demonstrieren! <a href=\"https:\/\/www.lagota.ch\/?p=2954\">Continue reading <span class=\"meta-nav\">&rarr;<\/span><\/a><\/p>\n","protected":false},"author":1,"featured_media":0,"comment_status":"closed","ping_status":"open","sticky":false,"template":"","format":"standard","meta":{"footnotes":""},"categories":[328,49,16,4],"tags":[209,114,66,515,103],"class_list":["post-2954","post","type-post","status-publish","format-standard","hentry","category-antira","category-antirep","category-schweiz","category-veranstaltung","tag-antifaschismus","tag-antirassismus","tag-demo","tag-lausanne","tag-rassismus"],"_links":{"self":[{"href":"https:\/\/www.lagota.ch\/index.php?rest_route=\/wp\/v2\/posts\/2954","targetHints":{"allow":["GET"]}}],"collection":[{"href":"https:\/\/www.lagota.ch\/index.php?rest_route=\/wp\/v2\/posts"}],"about":[{"href":"https:\/\/www.lagota.ch\/index.php?rest_route=\/wp\/v2\/types\/post"}],"author":[{"embeddable":true,"href":"https:\/\/www.lagota.ch\/index.php?rest_route=\/wp\/v2\/users\/1"}],"replies":[{"embeddable":true,"href":"https:\/\/www.lagota.ch\/index.php?rest_route=%2Fwp%2Fv2%2Fcomments&post=2954"}],"version-history":[{"count":1,"href":"https:\/\/www.lagota.ch\/index.php?rest_route=\/wp\/v2\/posts\/2954\/revisions"}],"predecessor-version":[{"id":2955,"href":"https:\/\/www.lagota.ch\/index.php?rest_route=\/wp\/v2\/posts\/2954\/revisions\/2955"}],"wp:attachment":[{"href":"https:\/\/www.lagota.ch\/index.php?rest_route=%2Fwp%2Fv2%2Fmedia&parent=2954"}],"wp:term":[{"taxonomy":"category","embeddable":true,"href":"https:\/\/www.lagota.ch\/index.php?rest_route=%2Fwp%2Fv2%2Fcategories&post=2954"},{"taxonomy":"post_tag","embeddable":true,"href":"https:\/\/www.lagota.ch\/index.php?rest_route=%2Fwp%2Fv2%2Ftags&post=2954"}],"curies":[{"name":"wp","href":"https:\/\/api.w.org\/{rel}","templated":true}]}}