{"id":2981,"date":"2018-05-07T11:07:06","date_gmt":"2018-05-07T10:07:06","guid":{"rendered":"http:\/\/www.lagota.ch\/?p=2981"},"modified":"2018-05-07T11:07:06","modified_gmt":"2018-05-07T10:07:06","slug":"hausbesetzer-und-stadt-luzern-haben-sich-geeinigt","status":"publish","type":"post","link":"https:\/\/www.lagota.ch\/?p=2981","title":{"rendered":"Hausbesetzer und Stadt Luzern haben sich geeinigt"},"content":{"rendered":"<p><strong>In der Nacht auf Montag sind die Besetzer freiwillig aus der Remise Auf Musegg 1 ausgezogen. Die Gespr\u00e4che zwischen der Gruppe \u00abPulpa\u00bb und der Stadt Luzern haben dazu gef\u00fchrt. Im Gegenzug pr\u00fcft die Stadt verschiedene Optionen, um der Gruppe andere geeignete R\u00e4umlichkeiten f\u00fcr deren Projekte zur Verf\u00fcgung zu stellen.<\/p>\n<p><\/strong>Seit dem 8. April war das Obergeschoss der Remise Auf Musegg 1 durch die Gruppierung \u00abPulpa\u00bb besetzt. Die Liegenschaft mit Villa und Remise geh\u00f6rt der Stadt Luzern. Die anonym auftretende Gruppe m\u00f6chte aus dem Obergeschoss der Remise einen Ort machen, der laut Mitteilung Raum \u00abf\u00fcr kreatives Schaffen, Begegnungen und Diskussionen\u00bb bietet.<strong><br \/>\n<\/strong><\/p>\n<p>Der Stadtrat hat Mitte April entschieden, vorl\u00e4ufig auf eine Strafanzeige zu verzichten und im Gespr\u00e4ch mit den Besetzern eine einvernehmliche L\u00f6sung zu suchen. \u00abZiel ist es, der Gruppe zu erm\u00f6glichen, ihre Ideen in einem legalen Rahmen zu verwirklichen. Die Stadt pr\u00fcft deshalb zurzeit verschiedenen Optionen, um der Gruppe andere geeignete R\u00e4umlichkeiten zur Verf\u00fcgung zu stellen und f\u00fchrt mit ihr Gespr\u00e4che \u00fcber die Modalit\u00e4ten einer Nutzungsregelung\u00bb, schreibt sie in einer Mitteilung.<\/p>\n<p><strong>Besetzer sind ausgezogen<\/strong><\/p>\n<p>In der Nacht auf Montag, ist die Gruppe aus der Remise ausgezogen. Die Stadt hat am Montagmorgen den Zugang zu dem Raum wieder verschlossen. Die Stadt pr\u00fcft die M\u00f6glichkeit, die Remise vor einer Gesamtsanierung der gesamten Liegenschaft durch eine Teilsanierung vom Schimmel zu befreien. Anschliessend soll sie f\u00fcr eine Zwischennutzung vermietet werden. Parallel dazu wird ein Gesamtkonzept f\u00fcr die ganze Liegenschaft erarbeitet.<\/p>\n<p>Der Streit zwischen der Stadt und den Besetzern wurde im letzten Monat zum Politikum und f\u00fchrte zu einer angeregten Debatte im Parlament. Das Vorgehen des Stadtrates wurde im Grossen Stadtrat sowohl von links wie rechts teils scharf kritisiert. W\u00e4hrend die Linke die Regierung r\u00fcgte, dass sie zu wenig gegen der Zerfall ihrer Geb\u00e4ude unternehme, r\u00fcffelten die B\u00fcrgerlichen den Stadtrat wegen des aus ihrer Sicht zu laschen Umgangs mit den Besetzern und verlangten ein konsequentes Durchgreifen.<\/p>\n<p>Quelle: <a href=\"https:\/\/www.zentralplus.ch\/de\/news\/aktuell\/5568004\/Hausbesetzer-und-Stadt-Luzern-haben-sich-geeinigt.htm\">https:\/\/www.zentralplus.ch\/de\/news\/aktuell\/5568004\/Hausbesetzer-und-Stadt-Luzern-haben-sich-geeinigt.htm<\/a><\/p>\n<p><strong>\u00a0<\/strong><\/p>\n","protected":false},"excerpt":{"rendered":"<p>In der Nacht auf Montag sind die Besetzer freiwillig aus der Remise Auf Musegg 1 ausgezogen. Die Gespr\u00e4che zwischen der Gruppe \u00abPulpa\u00bb und der Stadt Luzern haben dazu gef\u00fchrt. Im Gegenzug pr\u00fcft die Stadt verschiedene Optionen, um der Gruppe andere geeignete R\u00e4umlichkeiten f\u00fcr deren Projekte zur Verf\u00fcgung zu stellen. <a href=\"https:\/\/www.lagota.ch\/?p=2981\">Continue reading <span class=\"meta-nav\">&rarr;<\/span><\/a><\/p>\n","protected":false},"author":1,"featured_media":0,"comment_status":"closed","ping_status":"open","sticky":false,"template":"","format":"standard","meta":{"footnotes":""},"categories":[11,18],"tags":[1054,1148,1046,92],"class_list":["post-2981","post","type-post","status-publish","format-standard","hentry","category-luzern","category-squat-the-world","tag-einigung","tag-luzern","tag-musegg","tag-squat"],"_links":{"self":[{"href":"https:\/\/www.lagota.ch\/index.php?rest_route=\/wp\/v2\/posts\/2981","targetHints":{"allow":["GET"]}}],"collection":[{"href":"https:\/\/www.lagota.ch\/index.php?rest_route=\/wp\/v2\/posts"}],"about":[{"href":"https:\/\/www.lagota.ch\/index.php?rest_route=\/wp\/v2\/types\/post"}],"author":[{"embeddable":true,"href":"https:\/\/www.lagota.ch\/index.php?rest_route=\/wp\/v2\/users\/1"}],"replies":[{"embeddable":true,"href":"https:\/\/www.lagota.ch\/index.php?rest_route=%2Fwp%2Fv2%2Fcomments&post=2981"}],"version-history":[{"count":1,"href":"https:\/\/www.lagota.ch\/index.php?rest_route=\/wp\/v2\/posts\/2981\/revisions"}],"predecessor-version":[{"id":2982,"href":"https:\/\/www.lagota.ch\/index.php?rest_route=\/wp\/v2\/posts\/2981\/revisions\/2982"}],"wp:attachment":[{"href":"https:\/\/www.lagota.ch\/index.php?rest_route=%2Fwp%2Fv2%2Fmedia&parent=2981"}],"wp:term":[{"taxonomy":"category","embeddable":true,"href":"https:\/\/www.lagota.ch\/index.php?rest_route=%2Fwp%2Fv2%2Fcategories&post=2981"},{"taxonomy":"post_tag","embeddable":true,"href":"https:\/\/www.lagota.ch\/index.php?rest_route=%2Fwp%2Fv2%2Ftags&post=2981"}],"curies":[{"name":"wp","href":"https:\/\/api.w.org\/{rel}","templated":true}]}}