{"id":2984,"date":"2018-05-16T16:52:01","date_gmt":"2018-05-16T15:52:01","guid":{"rendered":"http:\/\/www.lagota.ch\/?p=2984"},"modified":"2018-05-16T16:52:01","modified_gmt":"2018-05-16T15:52:01","slug":"trauer-und-wut-in-gaza","status":"publish","type":"post","link":"https:\/\/www.lagota.ch\/?p=2984","title":{"rendered":"Trauer und Wut in Gaza"},"content":{"rendered":"<p><strong>Pal\u00e4stina: Generalstreik und weitere Massenproteste am 70. Jahrestag der \u00bbNakba\u00ab. Wieder sterben Menschen<\/strong><\/p>\n<h2><\/h2>\n<p>Die Pal\u00e4stinenser im Gazastreifen und im Westjordanland haben am Dienstag mit einem Generalstreik und Kundgebungen an den 70. Jahrestag der \u00bbNakba\u00ab (Katastrophe) erinnert. Nach der Staatsgr\u00fcndung Israels 1948 waren Hunderttausende Menschen aus ihren H\u00e4usern und von ihren L\u00e4ndereien vertrieben worden. Bis heute leben viele von ihnen oder ihre Nachkommen in riesigen Fl\u00fcchtlingslagern, die in den Nachbarstaaten errichtet wurden. Die Forderung nach einem R\u00fcckkehrrecht f\u00fcr diese Menschen ist eine der zentralen Losungen der pal\u00e4stinensischen Freiheitsbewegung. Zudem richteten sich die Proteste am Dienstag auch gegen das Massaker der israelischen Armee am Vortag im Gazastreifen. Die Zahl der am Montag get\u00f6teten Demonstranten stieg nach Angaben des Gesundheitsministeriums auf \u00fcber 60, unter ihnen waren acht Kinder. Gestern morgen starb ein acht Monate altes Baby, nachdem es im Osten des Gazastreifens Tr\u00e4nengas eingeatmet hatte.<\/p>\n<p><a href=\"https:\/\/www.lagota.ch\/wp-content\/uploads\/palaestina.jpg\"><img loading=\"lazy\" decoding=\"async\" class=\"alignnone size-medium wp-image-2985\" src=\"https:\/\/www.lagota.ch\/wp-content\/uploads\/palaestina-300x186.jpg\" alt=\"palaestina\" width=\"300\" height=\"186\" srcset=\"https:\/\/www.lagota.ch\/wp-content\/uploads\/palaestina-300x186.jpg 300w, https:\/\/www.lagota.ch\/wp-content\/uploads\/palaestina.jpg 700w\" sizes=\"auto, (max-width: 300px) 100vw, 300px\" \/><\/a><\/p>\n<p>Im Laufe des Tages kam es wieder zu Auseinandersetzungen zwischen Demonstranten und israelischen Soldaten, wie das <em>Palestine News Network<\/em> berichtete. Unter anderem in Hebron, Bethlehem und Ramallah setzten sich demnach Jugendliche mit Steinw\u00fcrfen und Barrikaden gegen die Besatzungstruppen zur Wehr. Und wieder starben Menschen. Unter anderem erschossen Soldaten in Nuseirat einen 15j\u00e4hrigen, wie das pal\u00e4stinensische Gesundheitsministerium mitteilte.<\/p>\n<p>Der Sprecher des UN-Hochkommissars f\u00fcr Menschenrechte, Rupert Colville, verurteilte am Dienstag die \u00bbschrecklichen Nachrichten\u00ab aus Gaza: \u00bbDie v\u00f6lkerrechtlichen Regeln f\u00fcr den Einsatz von Gewalt sind oft wiederholt worden, aber es scheint, dass sie immer und immer wieder ignoriert werden. Es scheint, dass jeder in Gefahr ger\u00e4t, erschossen oder verwundet zu werden: Frauen, Kinder, Journalisten, Ersthelfer, Unbeteiligte, und das offenkundig in bis zu 700 Meter Entfernung vom Zaun.\u00ab<\/p>\n<p>S\u00fcdafrika berief seinen Botschafter Sisa Ngombane \u00bbbis auf weiteres\u00ab aus Israel zur\u00fcck. Das Au\u00dfenministerium in Pretoria verurteilte die Gewalt \u00bbin der sch\u00e4rfsten Form\u00ab und verlangte den R\u00fcckzug der israelischen Armee. Die Gewalt verhindere den Wiederaufbau der pal\u00e4stinensischen Institutionen. Auch die T\u00fcrkei fror die diplomatischen Beziehungen ein. Israels Botschafter wurde nahegelegt, er solle \u00bbf\u00fcr einige Zeit\u00ab in seine Heimat zur\u00fcckkehren. Die belgische Regierung bestellte Israels Botschafterin Simona Frankel ein, nachdem diese im Rundfunk erkl\u00e4rt hatte, die am Montag im Gazastreifen get\u00f6teten Pal\u00e4stinenser seien allesamt \u00bbTerroristen\u00ab und der Einsatz der israelischen Armee sei verh\u00e4ltnism\u00e4\u00dfig gewesen.<\/p>\n<p>Washington stellte sich hinter das israelische Regime. Im UN-Sicherheitsrat behauptete Botschafterin Nimrata \u00bbNikki\u00ab Haley, \u00bbkein Land in diesem Rat\u00ab w\u00fcrde \u00bbmit gr\u00f6\u00dferer Zur\u00fcckhaltung handeln, als Israel es getan hat\u00ab. Die Bundesregierung vermied eine klare Verurteilung des israelischen Vorgehens. Regierungssprecher Steffen Seibert sagte am Dienstag in Berlin, die israelische Regierung habe das Recht und die Pflicht, sowohl die Sicherheit ihrer B\u00fcrger als auch die Sicherheit ihrer Grenzen zu sch\u00fctzen. \u00bbAber dabei muss Verh\u00e4ltnism\u00e4\u00dfigkeit eingehalten werden.\u00ab Dies gelte insbesondere f\u00fcr den Einsatz von scharfer Munition. Alle Parteien seien aufgerufen, zur Deeskalation der Lage beizutragen.<\/p>\n<p>Quelle: <a href=\"https:\/\/www.jungewelt.de\/artikel\/332505.trauer-und-wut-in-gaza.html\">https:\/\/www.jungewelt.de\/artikel\/332505.trauer-und-wut-in-gaza.html<\/a><\/p>\n","protected":false},"excerpt":{"rendered":"<p>Pal\u00e4stina: Generalstreik und weitere Massenproteste am 70. Jahrestag der \u00bbNakba\u00ab. Wieder sterben Menschen <a href=\"https:\/\/www.lagota.ch\/?p=2984\">Continue reading <span class=\"meta-nav\">&rarr;<\/span><\/a><\/p>\n","protected":false},"author":1,"featured_media":0,"comment_status":"closed","ping_status":"open","sticky":false,"template":"","format":"standard","meta":{"footnotes":""},"categories":[10],"tags":[1055,282,1056,455],"class_list":["post-2984","post","type-post","status-publish","format-standard","hentry","category-aus-aller-welt","tag-gaza-streifen","tag-israel","tag-nakba","tag-palastina"],"_links":{"self":[{"href":"https:\/\/www.lagota.ch\/index.php?rest_route=\/wp\/v2\/posts\/2984","targetHints":{"allow":["GET"]}}],"collection":[{"href":"https:\/\/www.lagota.ch\/index.php?rest_route=\/wp\/v2\/posts"}],"about":[{"href":"https:\/\/www.lagota.ch\/index.php?rest_route=\/wp\/v2\/types\/post"}],"author":[{"embeddable":true,"href":"https:\/\/www.lagota.ch\/index.php?rest_route=\/wp\/v2\/users\/1"}],"replies":[{"embeddable":true,"href":"https:\/\/www.lagota.ch\/index.php?rest_route=%2Fwp%2Fv2%2Fcomments&post=2984"}],"version-history":[{"count":1,"href":"https:\/\/www.lagota.ch\/index.php?rest_route=\/wp\/v2\/posts\/2984\/revisions"}],"predecessor-version":[{"id":2986,"href":"https:\/\/www.lagota.ch\/index.php?rest_route=\/wp\/v2\/posts\/2984\/revisions\/2986"}],"wp:attachment":[{"href":"https:\/\/www.lagota.ch\/index.php?rest_route=%2Fwp%2Fv2%2Fmedia&parent=2984"}],"wp:term":[{"taxonomy":"category","embeddable":true,"href":"https:\/\/www.lagota.ch\/index.php?rest_route=%2Fwp%2Fv2%2Fcategories&post=2984"},{"taxonomy":"post_tag","embeddable":true,"href":"https:\/\/www.lagota.ch\/index.php?rest_route=%2Fwp%2Fv2%2Ftags&post=2984"}],"curies":[{"name":"wp","href":"https:\/\/api.w.org\/{rel}","templated":true}]}}