{"id":2994,"date":"2018-06-01T09:17:22","date_gmt":"2018-06-01T08:17:22","guid":{"rendered":"http:\/\/www.lagota.ch\/?p=2994"},"modified":"2018-06-01T09:17:22","modified_gmt":"2018-06-01T08:17:22","slug":"update-zur-repressiven-operation-vom-29-5-18","status":"publish","type":"post","link":"https:\/\/www.lagota.ch\/?p=2994","title":{"rendered":"Update zur repressiven Operation vom 29.5.18"},"content":{"rendered":"<div class=\"crayon article-chapo-1155 chapo\">\n<p><strong>Dienstag Morgen (29.5.2018) um 6:00 Uhr fand eine koordinierte Polizeiaktion in vier verschiedenen europ\u00e4ischen L\u00e4ndern statt, die im Zusammenhang mit den Geschehnissen rund um den G20-Gipfel letzten Junis in Hamburg stehen. Dabei kam es in der Schweiz &#8211; soweit wir wissen &#8211; zu drei zeitgleichen Eins\u00e4tzen.<\/strong><\/p>\n<\/div>\n<div class=\"surlignable\">\n<div class=\"crayon article-texte-1155 texte-principal text\">\n<p><a href=\"https:\/\/www.lagota.ch\/wp-content\/uploads\/kuzeb.jpg\"><img loading=\"lazy\" decoding=\"async\" class=\"alignnone size-medium wp-image-2995\" src=\"https:\/\/www.lagota.ch\/wp-content\/uploads\/kuzeb-300x198.jpg\" alt=\"kuzeb\" width=\"300\" height=\"198\" srcset=\"https:\/\/www.lagota.ch\/wp-content\/uploads\/kuzeb-300x198.jpg 300w, https:\/\/www.lagota.ch\/wp-content\/uploads\/kuzeb.jpg 600w\" sizes=\"auto, (max-width: 300px) 100vw, 300px\" \/><\/a><\/p>\n<p>Auf der Suche nach einem Tatverd\u00e4chtigen wurden in Bremgarten AG eine Privatwohnung sowie das Kulturzentrum Bremgarten (KuZeB) gerazzt; gleichzeitig wurde auch ein Wohnhaus in der N\u00e4he von Winterthur durchsucht, wo die gesuchte Person aufgeriffen wurde.<br class=\"autobr\" \/> Im Verlauf dieser Razzia wurden drei weitere Personen verhaftet, eine davon aufgrund fehlender Aufenthaltsbewilligung, die zwei weiteren waren wegen anderen Vorw\u00fcrfen offenbar polizeilich gesucht. Die beiden letzteren wurden heute Mittwoch der Staatsanwaltschaft in Z\u00fcrich vorgef\u00fchrt, und es wurde Untersuchungshaft beantragt. Das Haftgericht wird in den n\u00e4chsten Tagen dar\u00fcber entscheiden, bis dahin bleiben sie im Provisorischen Polizeigef\u00e4ngnis (ProPoG) in Z\u00fcrich.<br class=\"autobr\" \/> Ebenfalls heute Mittwoch hat die Polizei die dritte Person an das Migrationsamt \u00fcberstellt und wenig sp\u00e4ter mit einem Strafbefehl wegen Verstosses gegen das Aufenthaltsrecht entlassen.<br class=\"autobr\" \/> Ebenso befindet sich die urspr\u00fcnglich gesuchte Person wieder auf freiem Fuss. Sie wurde aufgrund eines Rechtshilfegesuchs aus Hambrug der Staatsanwaltschaft in Baden AG vorgef\u00fchrt und nach einer kurzen Befragung wieder entlassen.<\/p>\n<p>Die gross angelgte Operation war wohl von langer Hand geplant: eine Kooperation der Hamburger Polizei, der europ\u00e4ischen Justizbeh\u00f6rde Eurojust und der Polizei in den jeweiligen L\u00e4ndern. In der Schweiz beteiligt waren die Kantonspolizeien Aargau und Z\u00fcrich, geleitet und koordiniert durch die Bundespolizei Fedpol.<br class=\"autobr\" \/> Insgesamt waren wohl um die 150 Bullen im Einsatz &#8211; inklusive einer mobilen Einsatzzentrale. Dabei war auch das Spezialkommando Argus beteiligt, welches die Privatwohnung in Bremgarten gest\u00fcrmt und s\u00e4mtlichen Bewohner*innen Handschellen und Augenbinden angeleg hat. Gleichzeitig haben sich ca. 60 gr\u00f6sstenteils vermummte Polizist*innen Zutritt zum KuZeB verschafft, haben dabei s\u00e4mtliche T\u00fcren aufgebrochen und waren w\u00e4hrend einer knappen Stunde ohne Ansprechsperson von Bremgarten oder Benutzer*innen des Kulturzentrums im Haus ungest\u00f6rt. Letztendlich haben sie zwei Anh\u00e4nger voll mit diversen Gegenst\u00e4nden konfisziert und und abtransportiert.<\/p>\n<p>Es geht nicht darum, diese Polizeiaktion als &#8220;unverh\u00e4ltnism\u00e4ssig&#8221; anzuprangern, denn jeder Bulleneinsatz ist einer zuviel! Doch scheint es offensichtlich, dass ein Aufh\u00e4nger als Gelegenheit f\u00fcr eine massive \u00dcbung benutzt wurde und gezielt medial aufgebauscht wird, um vermeintliche St\u00e4rke zu demonstrieren und uns einzusch\u00fcchtern.<\/p>\n<p>Ob die betroffenen Personen &#8220;schuldig&#8221; sind oder nicht interessiert uns nicht. Unsere Solidarit\u00e4t kennt keine staatliche Logik und gilt allen Angeklagten des G20.<\/p>\n<p><strong>Nieder mit dem Staat! Schiis Bulle!<\/p>\n<p>Quelle: <\/strong><a href=\"https:\/\/barrikade.info\/Update-zur-repressiven-Operation-vom-29-5-18-1155\">https:\/\/barrikade.info\/Update-zur-repressiven-Operation-vom-29-5-18-1155<strong><br \/>\n<\/strong><\/a><\/p>\n<\/div>\n<\/div>\n","protected":false},"excerpt":{"rendered":"<p>Dienstag Morgen (29.5.2018) um 6:00 Uhr fand eine koordinierte Polizeiaktion in vier verschiedenen europ\u00e4ischen L\u00e4ndern statt, die im Zusammenhang mit den Geschehnissen rund um den G20-Gipfel letzten Junis in Hamburg stehen. Dabei kam es in der Schweiz &#8211; soweit wir wissen &#8211; zu drei zeitgleichen Eins\u00e4tzen. <a href=\"https:\/\/www.lagota.ch\/?p=2994\">Continue reading <span class=\"meta-nav\">&rarr;<\/span><\/a><\/p>\n","protected":false},"author":1,"featured_media":0,"comment_status":"closed","ping_status":"open","sticky":false,"template":"","format":"standard","meta":{"footnotes":""},"categories":[49,16],"tags":[775,972,610,254,434,27],"class_list":["post-2994","post","type-post","status-publish","format-standard","hentry","category-antirep","category-schweiz","tag-aargau","tag-g20","tag-hamburg","tag-kuzeb","tag-razzia","tag-repression"],"_links":{"self":[{"href":"https:\/\/www.lagota.ch\/index.php?rest_route=\/wp\/v2\/posts\/2994","targetHints":{"allow":["GET"]}}],"collection":[{"href":"https:\/\/www.lagota.ch\/index.php?rest_route=\/wp\/v2\/posts"}],"about":[{"href":"https:\/\/www.lagota.ch\/index.php?rest_route=\/wp\/v2\/types\/post"}],"author":[{"embeddable":true,"href":"https:\/\/www.lagota.ch\/index.php?rest_route=\/wp\/v2\/users\/1"}],"replies":[{"embeddable":true,"href":"https:\/\/www.lagota.ch\/index.php?rest_route=%2Fwp%2Fv2%2Fcomments&post=2994"}],"version-history":[{"count":1,"href":"https:\/\/www.lagota.ch\/index.php?rest_route=\/wp\/v2\/posts\/2994\/revisions"}],"predecessor-version":[{"id":2996,"href":"https:\/\/www.lagota.ch\/index.php?rest_route=\/wp\/v2\/posts\/2994\/revisions\/2996"}],"wp:attachment":[{"href":"https:\/\/www.lagota.ch\/index.php?rest_route=%2Fwp%2Fv2%2Fmedia&parent=2994"}],"wp:term":[{"taxonomy":"category","embeddable":true,"href":"https:\/\/www.lagota.ch\/index.php?rest_route=%2Fwp%2Fv2%2Fcategories&post=2994"},{"taxonomy":"post_tag","embeddable":true,"href":"https:\/\/www.lagota.ch\/index.php?rest_route=%2Fwp%2Fv2%2Ftags&post=2994"}],"curies":[{"name":"wp","href":"https:\/\/api.w.org\/{rel}","templated":true}]}}