{"id":3006,"date":"2018-06-15T11:23:52","date_gmt":"2018-06-15T10:23:52","guid":{"rendered":"http:\/\/www.lagota.ch\/?p=3006"},"modified":"2018-06-15T11:23:52","modified_gmt":"2018-06-15T10:23:52","slug":"demonstration-ich-bin-auch-ein-mensch-am-5-juli-in-luzern","status":"publish","type":"post","link":"https:\/\/www.lagota.ch\/?p=3006","title":{"rendered":"Demonstration &#8220;Ich bin auch ein Mensch&#8221; am 5. Juli in Luzern"},"content":{"rendered":"<p>Wir rufen zu einer bunten und lauten Demonstration f\u00fcr die Rechte von gefl\u00fcchteten Menschen auf!<\/p>\n<p>\u202b\u202a<a href=\"https:\/\/www.lagota.ch\/wp-content\/uploads\/demoichbinaucheinmensch.png\"><img loading=\"lazy\" decoding=\"async\" class=\"alignnone size-medium wp-image-3007\" src=\"https:\/\/www.lagota.ch\/wp-content\/uploads\/demoichbinaucheinmensch-300x172.png\" alt=\"demoichbinaucheinmensch\" width=\"300\" height=\"172\" srcset=\"https:\/\/www.lagota.ch\/wp-content\/uploads\/demoichbinaucheinmensch-300x172.png 300w, https:\/\/www.lagota.ch\/wp-content\/uploads\/demoichbinaucheinmensch.png 847w\" sizes=\"auto, (max-width: 300px) 100vw, 300px\" \/><\/a><\/p>\n<p>Besammlung\u202c\u202c \u202b\u202aum\u202c\u202c \u202b\u202a17\u202c\u202c \u202b\u202aUhr\u202c\u202c \u202b\u202abeim\u202c\u202c \u202b\u202aM\u00fchlenplatz.\u202c\u202c Demo-Start um 18:30 Uhr.<\/p>\n<p>\u202b\u202aAlle Individuen und Gruppen, die sich migrationssolidarisch einsetzen und einer breiten \u00d6ffentlichkeit etwas dazu zu sagen haben, sind \u00fcbrigens herzlich dazu aufgefordert, auch eigene Flugbl\u00e4tter und Transparente zu produzieren.<\/p>\n<p>\u202b\u202aDie Reisekosten f\u00fcr gefl\u00fcchtete Menschen aus den Kantonen Zug, Obwalden, Nidwalden, Luzern und Schwyz k\u00f6nnen vom Solinetz Luzern \u00fcbernommen werden. Falls du ein Ticket brauchst, so schreibe an &#8220;info@solinetzluzern.ch&#8221;<\/p>\n<p>Hinweis Crowdfunding zur Finanzierung von Bussen:<br \/>\n<a href=\"https:\/\/l.facebook.com\/l.php?u=https%3A%2F%2Fwemakeit.com%2Fprojects%2Fdemobusse-nach-luzern&amp;h=AT2f7QGEeFAB6Gm2ReQoJgBKbFsKVwKkOPe0CXlrocTYYiQf1Onb0rbUta0RE_ED5OmyFZDt37Id3iUBfWzv5sqPEni6bsmZC3_l40COvo1LrumLWd4iZOr9Bc1Pqa8b&amp;s=1\" target=\"_blank\">https:\/\/wemakeit.com\/projects\/demobusse-nach-luzern<\/a><\/p>\n<p>Arabisch:<br \/>\n\u202b\u064a\u064a\u0648\u0644\u202c \u202b\u202a5\u202c\u202c \u202b\u064a\u0648\u0645\u202c \u202b\u0645\u0638\u0627\u0647\u0631\u0629\u202c<br \/>\n\u202b\u202a.\u202c\u202c \u202b\u202aM\u00fchlenplatz\u202c\u202c \u202b\u0641\u064a\u202c \u202b\u202a17:00\u202c\u202c \u202b\u0627\u0644\u0633\u0627\u0639\u0629\u202c \u202b\u0641\u064a\u202c \u202b\u0627\u0644\u062d\u0636\u0648\u0631\u202c<\/p>\n<p>Farsi\/Dari:<br \/>\n\u202b\u0634\u062f\u202c \u202b\u062e\u0648\u0627\u0647\u062f\u202c \u202b\u0628\u0631\u06af\u0632\u0627\u0631\u202c \u202b\u202aM\u00fchlenplatz\u202c\u202c \u202b\u062f\u0631\u202c \u202b\u0628\u0639\u062f\u0627\u0638\u0647\u0631\u202c \u202b\u202a\u0665\u202c\u202c \u202b\u0633\u0627\u0639\u062a\u202c \u202b\u062c\u0648\u0644\u06cc\u202a\u060c\u202c\u202c \u202b\u202a\u06f5\u202c\u202c \u202b\u0631\u0648\u0632\u202c \u202b\u062f\u0631\u202c \u202b\u062a\u0638\u0627\u0647\u0631\u0627\u062a\u202c<\/p>\n<p>Tigrinya:<br \/>\n\u1230\u1208\u121b\u12ca \u1230\u120d\u134a \u1295\u12d5\u1208\u1275 05,07,2018 \u12a5\u1295\u122b\u12a8\u1260\u1209 \u130d\u12dc \u1235\u12d3\u1275 17:00 \u12f5. \u1240 \u12a5\u1295\u122b\u12b8\u1260\u1209 \u1266\u1273 M\u00fchlenplatz,Luzern<br \/>\n\u12dd\u12be\u1290 \u1230\u1265 \u121d\u1235\u12a1 \u1273\u1264\u120b : \u133d\u1211\u134d \u12c8\u12ed \u12f5\u121b \u12ab\u120d\u12a5 \u12ad\u121b\u120b\u12a5 \u12ed\u12ad\u12a5\u120d :<\/p>\n<p>T\u00fcrkisch:<br \/>\nEylem tarihi: 5 Temmuz<br \/>\nToplanma yeri ve saati: 17:00 M\u00fchlenplatz<\/p>\n<p>Kurdisch \/(Kurmanji)<br \/>\nXwep\u00ea\u015fandan di 5 \u00ea T\u00eermeh\u00ea, se&#8217;at 17:00 de M\u00fchlenplatz.<\/p>\n<p>Franz\u00f6sisch:<br \/>\nManifestation le 5 juillet, point de d\u00e9part: \u00e0 17 h, M\u00fchlenplatz.<\/p>\n<p>Englisch:<br \/>\nDemonstration on July, 5 th.<br \/>\nMeeting at 5 pm at M\u00fchlenplatz.<\/p>\n<p>Quelle: <a href=\"https:\/\/www.facebook.com\/events\/387033795142327\/\">https:\/\/www.facebook.com\/events\/387033795142327\/<\/a><\/p>\n","protected":false},"excerpt":{"rendered":"<p>Besammlung\u202c\u202c \u202b\u202aum\u202c\u202c \u202b\u202a17\u202c\u202c \u202b\u202aUhr\u202c\u202c \u202b\u202abeim\u202c\u202c \u202b\u202aM\u00fchlenplatz.\u202c\u202c Demo-Start um 18:30 Uhr.<\/p>\n<p>\u202b\u202aAlle Individuen und Gruppen, die sich migrationssolidarisch einsetzen und einer breiten \u00d6ffentlichkeit etwas dazu zu sagen haben, sind \u00fcbrigens herzlich dazu aufgefordert, auch eigene Flugbl\u00e4tter und Transparente zu produzieren.<\/p>\n<p>\u202b\u202aDie Reisekosten f\u00fcr gefl\u00fcchtete Menschen aus den Kantonen Zug, Obwalden, Nidwalden, Luzern und Schwyz k\u00f6nnen vom Solinetz Luzern \u00fcbernommen werden. Falls du ein Ticket brauchst, so schreibe an &#8220;info@solinetzluzern.ch&#8221; <a href=\"https:\/\/www.lagota.ch\/?p=3006\">Continue reading <span class=\"meta-nav\">&rarr;<\/span><\/a><\/p>\n","protected":false},"author":1,"featured_media":0,"comment_status":"closed","ping_status":"open","sticky":false,"template":"","format":"standard","meta":{"footnotes":""},"categories":[328,49,11,406,108],"tags":[66,1148,1063,1160],"class_list":["post-3006","post","type-post","status-publish","format-standard","hentry","category-antira","category-antirep","category-luzern","category-migration","category-wirtschaftskrise","tag-demo","tag-luzern","tag-mensch","tag-migration"],"_links":{"self":[{"href":"https:\/\/www.lagota.ch\/index.php?rest_route=\/wp\/v2\/posts\/3006","targetHints":{"allow":["GET"]}}],"collection":[{"href":"https:\/\/www.lagota.ch\/index.php?rest_route=\/wp\/v2\/posts"}],"about":[{"href":"https:\/\/www.lagota.ch\/index.php?rest_route=\/wp\/v2\/types\/post"}],"author":[{"embeddable":true,"href":"https:\/\/www.lagota.ch\/index.php?rest_route=\/wp\/v2\/users\/1"}],"replies":[{"embeddable":true,"href":"https:\/\/www.lagota.ch\/index.php?rest_route=%2Fwp%2Fv2%2Fcomments&post=3006"}],"version-history":[{"count":1,"href":"https:\/\/www.lagota.ch\/index.php?rest_route=\/wp\/v2\/posts\/3006\/revisions"}],"predecessor-version":[{"id":3008,"href":"https:\/\/www.lagota.ch\/index.php?rest_route=\/wp\/v2\/posts\/3006\/revisions\/3008"}],"wp:attachment":[{"href":"https:\/\/www.lagota.ch\/index.php?rest_route=%2Fwp%2Fv2%2Fmedia&parent=3006"}],"wp:term":[{"taxonomy":"category","embeddable":true,"href":"https:\/\/www.lagota.ch\/index.php?rest_route=%2Fwp%2Fv2%2Fcategories&post=3006"},{"taxonomy":"post_tag","embeddable":true,"href":"https:\/\/www.lagota.ch\/index.php?rest_route=%2Fwp%2Fv2%2Ftags&post=3006"}],"curies":[{"name":"wp","href":"https:\/\/api.w.org\/{rel}","templated":true}]}}