{"id":3010,"date":"2018-07-14T15:19:14","date_gmt":"2018-07-14T14:19:14","guid":{"rendered":"http:\/\/www.lagota.ch\/?p=3010"},"modified":"2018-07-14T15:19:14","modified_gmt":"2018-07-14T14:19:14","slug":"medienmitteilung-zur-demo-ich-bin-auch-ein-mensch","status":"publish","type":"post","link":"https:\/\/www.lagota.ch\/?p=3010","title":{"rendered":"Medienmitteilung zur Demo &#8220;Ich bin auch ein Mensch&#8221;"},"content":{"rendered":"<p><strong>Demonstrationszug durch Luzern f\u00fcr die Rechte von gefl\u00fcchteten Menschen \u00abIch bin auch ein Mensch\u00bb tr\u00e4gt Asylmissstand in den Abendverkauf<\/strong><\/p>\n<p>Am Donnerstagabend, 5. Juli, startet um 18.30 Uhr die Demonstration \u00abIch bin auch ein Mensch\u00bb &#8211; f\u00fcr die Rechte von gefl\u00fcchteten Menschen. Die Stadt hat die Zusage erteilt, so dass erstmals seit Jahren in Luzern wieder eine bewilligte Grossdemonstration zum Thema Asylpolitik stattfindet.<br \/>\nDie Missst\u00e4nde des Luzerner Asylwesens und des Asylgesetzes lautstark auf die Strasse zu tragen, ist notwendig. Die Bev\u00f6lkerung muss die Augen \u00f6ffnen und von den Politikerinnen und Politikern menschenw\u00fcrdige Lebensumst\u00e4nde f\u00fcr gefl\u00fcchtete Menschen fordern. Ende 2017 waren 68.5 Millionen Menschen weltweit auf der Flucht. Europa und mit ihr die Schweiz, zahlt der T\u00fcrkei und Libyen hohe Summen, damit gefl\u00fcchtete Menschen aus dem Nahen Osten und aus Afrika in Fl\u00fcchtlingslagern untergebracht werden, wo sie gefangen gehalten werden \u2013 und wie im Fall von Libyen \u2013 misshandelt und gefoltert werden.<br \/>\nBetroffene und solidarische Menschen ziehen vom M\u00fchleplatz am Regierungsgeb\u00e4ude vorbei zum Helvetiaplatz, wo eine grosse Schlusskundgebung stattfindet. Unterwegs sprechen an mehreren Orten betroffene und solidarische Menschen zu Europas Grenzpolitik und den prek\u00e4ren Lebensbedingungen f\u00fcr gefl\u00fcchtete Personen im Kanton Luzern.<br \/>\nAsylsuchende und vorl\u00e4ufige aufgenommene Menschen erhalten im Kanton Luzern weniger als die H\u00e4lfte der Sozialhilfe, die in der Schweiz f\u00fcr das Existenzminimum festgelegt wurde. Wie kann ein Mensch von weniger als dem Existenzminimum leben?<br \/>\nGefl\u00fcchtete Menschen werden als Menschen zweiter Klasse behandelt. Besondere Beachtung gilt auch den unbegleiteten minderj\u00e4hrigen asylsuchenden Personen, deren Lebensumst\u00e4nde in den letzten Monaten Aufsehen erregt haben. \u00dcber 16-J\u00e4hrige m\u00fcssen mit 6 Franken am Tag auskommen und davon zus\u00e4tzlich ihr Abendessen bezahlen. Wie soll das gehen?<br \/>\nDas neugegr\u00fcndete Solinetz Luzern als Veranstalter und die Demonstration sind breit abgest\u00fctzt. Zu den Mitgliedern geh\u00f6ren nebst der reformierten und der katholischen Kirche der Stadt Luzern unter anderem HelloWelcome, Pfasyl, Mondoj &#8211; Autonome Schule, das Luzerner Asylnetz, die Demokratischen Juristinnen und Juristen Luzern und Verein Sentitreff.<\/p>\n<p>Quelle: http:\/\/www.solinetzluzern.ch\/images\/Pressecommunique.pdf<\/p>\n","protected":false},"excerpt":{"rendered":"<p>Am Donnerstagabend, 5. Juli, startet um 18.30 Uhr die Demonstration \u00abIch bin auch ein Mensch\u00bb &#8211; f\u00fcr die Rechte von gefl\u00fcchteten Menschen. Die Stadt hat die Zusage erteilt, so dass erstmals seit Jahren in Luzern wieder eine bewilligte Grossdemonstration zum Thema Asylpolitik stattfindet. <a href=\"https:\/\/www.lagota.ch\/?p=3010\">Continue reading <span class=\"meta-nav\">&rarr;<\/span><\/a><\/p>\n","protected":false},"author":1,"featured_media":0,"comment_status":"closed","ping_status":"open","sticky":false,"template":"","format":"standard","meta":{"footnotes":""},"categories":[328,11,406],"tags":[66,1148,1160],"class_list":["post-3010","post","type-post","status-publish","format-standard","hentry","category-antira","category-luzern","category-migration","tag-demo","tag-luzern","tag-migration"],"_links":{"self":[{"href":"https:\/\/www.lagota.ch\/index.php?rest_route=\/wp\/v2\/posts\/3010","targetHints":{"allow":["GET"]}}],"collection":[{"href":"https:\/\/www.lagota.ch\/index.php?rest_route=\/wp\/v2\/posts"}],"about":[{"href":"https:\/\/www.lagota.ch\/index.php?rest_route=\/wp\/v2\/types\/post"}],"author":[{"embeddable":true,"href":"https:\/\/www.lagota.ch\/index.php?rest_route=\/wp\/v2\/users\/1"}],"replies":[{"embeddable":true,"href":"https:\/\/www.lagota.ch\/index.php?rest_route=%2Fwp%2Fv2%2Fcomments&post=3010"}],"version-history":[{"count":1,"href":"https:\/\/www.lagota.ch\/index.php?rest_route=\/wp\/v2\/posts\/3010\/revisions"}],"predecessor-version":[{"id":3011,"href":"https:\/\/www.lagota.ch\/index.php?rest_route=\/wp\/v2\/posts\/3010\/revisions\/3011"}],"wp:attachment":[{"href":"https:\/\/www.lagota.ch\/index.php?rest_route=%2Fwp%2Fv2%2Fmedia&parent=3010"}],"wp:term":[{"taxonomy":"category","embeddable":true,"href":"https:\/\/www.lagota.ch\/index.php?rest_route=%2Fwp%2Fv2%2Fcategories&post=3010"},{"taxonomy":"post_tag","embeddable":true,"href":"https:\/\/www.lagota.ch\/index.php?rest_route=%2Fwp%2Fv2%2Ftags&post=3010"}],"curies":[{"name":"wp","href":"https:\/\/api.w.org\/{rel}","templated":true}]}}