{"id":3021,"date":"2018-08-06T11:06:28","date_gmt":"2018-08-06T10:06:28","guid":{"rendered":"http:\/\/www.lagota.ch\/?p=3021"},"modified":"2018-08-06T11:06:59","modified_gmt":"2018-08-06T10:06:59","slug":"aktionsmonat-gegen-christlichen-fundamentalismus","status":"publish","type":"post","link":"https:\/\/www.lagota.ch\/?p=3021","title":{"rendered":"Aktionsmonat gegen christlichen Fundamentalismus"},"content":{"rendered":"<div class=\"crayon article-chapo-1306 chapo\">\n<p><strong>Den ganzen September hindurch finden im Rahmen eines Aktionsmonates diverse Workshops, Vortr\u00e4ge, Diskussionen und Aktionen statt. Im Anschluss befindet sich eine Liste mit allen geplanten Veranstaltungen. Weitere Infos werden noch folgen.<\/strong><\/p>\n<\/div>\n<div class=\"surlignable\">\n<div class=\"crayon article-texte-1306 texte-principal text\">\n<p><a class=\"spip_out\" href=\"https:\/\/bernstelltsichqueer.noblogs.org\/post\/2018\/03\/11\/fundis-die-suppe-versalzen\/\" rel=\"external\">Aufruftext f\u00fcr den Aktionsmonat<\/a><\/p>\n<p><a class=\"spip_out\" href=\"https:\/\/bernstelltsichqueer.noblogs.org\/agenda\/\" rel=\"external\">Agenda auf dem Blog<\/a><\/p>\n<h3 class=\"spip\">Veranstaltungen<\/h3>\n<p><a href=\"https:\/\/www.lagota.ch\/wp-content\/uploads\/queer.png\"><img loading=\"lazy\" decoding=\"async\" class=\"alignnone size-medium wp-image-3022\" src=\"https:\/\/www.lagota.ch\/wp-content\/uploads\/queer-300x168.png\" alt=\"queer\" width=\"300\" height=\"168\" srcset=\"https:\/\/www.lagota.ch\/wp-content\/uploads\/queer-300x168.png 300w, https:\/\/www.lagota.ch\/wp-content\/uploads\/queer.png 710w\" sizes=\"auto, (max-width: 300px) 100vw, 300px\" \/><\/a><\/p>\n<h4 class=\"spip\">Workshops und Diskussionen<\/h4>\n<ul class=\"spip\">\n<li><strong>22.August &#8211; 19 Uhr &#8211; Infoladen Reitschule<\/strong> Antirep-Input im feministischen Forum<\/li>\n<\/ul>\n<ul class=\"spip\">\n<li><strong>6. September &#8211; 19 Uhr &#8211; Fabrikool<\/strong> Kritische M\u00e4nnlichkeiten*: Der Fundi in uns<\/li>\n<\/ul>\n<ul class=\"spip\">\n<li><strong>11. September &#8211; 19 Uhr &#8211; Frauen*raum Reitschule<\/strong> Workshop zum Thema &#8220;Abtreibung&#8221; in der FrauenSternliBar<\/li>\n<\/ul>\n<ul class=\"spip\">\n<li><strong>12.September &#8211; 19 Uhr &#8211; Infoladen Reitschule<\/strong> Workshop zu Workshops im feministischen Forum<\/li>\n<\/ul>\n<ul class=\"spip\">\n<li><strong>13. September &#8211; 19 Uhr &#8211; Frauen*raum Reitschule<\/strong> Selbstliebeworkshop<br class=\"autobr\" \/> <i>Interessanterweise ist Solosex, Selbstliebe, Masturbation, Onanie, Selbstbefriedigung oder wie es auch heissen mag, immer noch ein sehr grosses Tabu unserer Zeit. An diesem Abend gibt es ein Exkurs \u00fcber K\u00f6rper, K\u00f6rperempfindung, Gef\u00fchle und was wir damit machen k\u00f6nnten. Verschiedene Formen der sexuellen Erregung werden beleuchtet und wir versuchen, herauszufinden, wie denn das lustvolle Erleben ver\u00e4ndern und vielleicht auch verst\u00e4rkt werden k\u00f6nnte.<\/i><\/li>\n<\/ul>\n<ul class=\"spip\">\n<li><strong>18. September &#8211; 18:30 &#8211; S\u00e4\u00e4li bei der Brasserie Lorraine<\/strong> Workshop zu Poly* und alternativen Beziehungsformen<\/li>\n<\/ul>\n<ul class=\"spip\">\n<li><strong>19. September &#8211; 19 Uhr &#8211; Infoladen Reitschule<\/strong> Songwriting Workshop<br class=\"autobr\" \/> <i>A song or a poem can be very short or maxi long and all in between, rebellious or romantic or everything! No-tips, no-tricks. Let\u00b4s do it together or individually on diy-mode with support. Bring your favorite novel or an article from the paper that moved you to critical thoughts, to amazing feelings, to the next story. We\u00b4ll take it from there. The workshop is in English. Gefl\u00fcsterte Deutsch\u00fcbersetzung. 8-12 people maximum.<\/i><\/li>\n<\/ul>\n<ul class=\"spip\">\n<li><strong>20. September &#8211; 19 Uhr &#8211; Frauen*raum Reitschule<\/strong> wasauchimmer \/\/ st\u00f6rimpuls<br class=\"autobr\" \/> <i>An der Bar im Frauen*raum l\u00e4sst sich wunderbar austauschen, vernetzen und empowern! Dies erstmals am 20. September 2018 zum Thema St\u00f6rimpuls und inspiriert durch Beitr\u00e4ge von queer_feministischen Menschen.Organisiert von wasauchimmer.<\/i><\/li>\n<\/ul>\n<ul class=\"spip\">\n<li><strong>26. September &#8211; 19 Uhr &#8211; Infoladen Bern<\/strong> Workshop Geschichten erz\u00e4hlen, Comics zeichnen im feministischen Forum<\/li>\n<\/ul>\n<ul class=\"spip\">\n<li><strong>28. September &#8211; 19 Uhr &#8211; S\u00e4\u00e4li der Brasserie Lorraine<\/strong> Workshop zu &#8220;Let\u2019s talk about sex!&#8221;<\/li>\n<\/ul>\n<h4 class=\"spip\">Radiosendungen<\/h4>\n<ul class=\"spip\">\n<li><strong>2. September &#8211; 14 Uhr &#8211; auf RaBe(95,6mHz)<\/strong> Radiosendung: Zack dein feministisches Radio zum Thema &#8220;Abtreibung&#8221;<\/li>\n<\/ul>\n<ul class=\"spip\">\n<li><strong>11. September &#8211; 17 Uhr &#8211; RaBe(95,6mHz)<\/strong> Radiosendung: Lila_Blues das Queerfeministische Radio zum Thema &#8220;Safer Sex&#8221;<\/li>\n<\/ul>\n<ul class=\"spip\">\n<li><strong>30. September &#8211; 14 Uhr &#8211; Ra Be (95,6mHz)<\/strong> Radiosendung: Zack dein feministisches Radio zum Thema &#8220;Sexarbeit&#8221;<\/li>\n<\/ul>\n<h4 class=\"spip\">Ausstellung<\/h4>\n<ul class=\"spip\">\n<li><strong>1. -30. September &#8211; \u00d6ffnungszeiten auf Blog &#8211; S\u00e4\u00e4li der Brasserie Lorraine<\/strong> Kunstausstellung<\/li>\n<\/ul>\n<ul class=\"spip\">\n<li><strong>1. September &#8211; 19 Uhr &#8211; S\u00e4\u00e4li der Brasserie Lorraine<\/strong> Vernissage der Kunstausstellung<\/li>\n<\/ul>\n<ul class=\"spip\">\n<li><strong>30. September &#8211; 17 Uhr &#8211; S\u00e4\u00e4li der Brasserie Lorraine<\/strong> Finissage der Kunstausstellung<\/li>\n<\/ul>\n<h4 class=\"spip\">Filme<\/h4>\n<ul class=\"spip\">\n<li><strong>5. September &#8211; 19 Uhr &#8211; Infoladen Reitschule<\/strong> Stummfilm Cyankali im feministischen Forum<\/li>\n<\/ul>\n<ul class=\"spip\">\n<li><strong>20. September &#8211; Kino Reitschule<\/strong> Film<\/li>\n<\/ul>\n<ul class=\"spip\">\n<li><strong>21. September &#8211; Kino Reitschule<\/strong> Film<\/li>\n<\/ul>\n<ul class=\"spip\">\n<li><strong>22. September &#8211; Kino Reitschule<\/strong> Film<\/li>\n<\/ul>\n<ul class=\"spip\">\n<li><strong>29. September &#8211; Ort und Zeit folgen<\/strong> Film &#8220;Genderwonderland&#8221;<\/li>\n<\/ul>\n<h4 class=\"spip\">Aktionen<\/h4>\n<ul class=\"spip\">\n<li><strong>13. September &#8211; 19 Uhr &#8211; Ort folgt<\/strong> Flashmob!<\/li>\n<\/ul>\n<ul class=\"spip\">\n<li><strong>14.September &#8211; 18 Uhr &#8211; Bundesplatz<\/strong> Picknick auf dem Bundesplatz<\/li>\n<\/ul>\n<ul class=\"spip\">\n<li><strong>15.September<\/strong> Gegendemo<\/li>\n<\/ul>\n<h4 class=\"spip\">Party<\/h4>\n<ul class=\"spip\">\n<li><strong>22. September &#8211; 21 Uhr &#8211; Frauen*raum Reitschule<\/strong> Soliparty<br \/>\n<hr class=\"spip\" \/>\n<\/li>\n<\/ul>\n<h3 class=\"spip\">Adressen<\/h3>\n<p><strong>Reitschule Bern<\/strong> Neubr\u00fcckstr. 8, 3012 Bern<br class=\"autobr\" \/> <strong>Brasserie Lorraine<\/strong> Quartiergasse 17, 3013 Bern<br class=\"autobr\" \/> <strong>Fabrikool<\/strong> Fabrikstr. 16, 3012 Bern<\/p>\n<h3 class=\"spip\">weitere Infos<\/h3>\n<p>F\u00fcr Kinderbetreuung und \u00dcbersetzungen sind wir am schauen &#8211; weitere Infos dazu folgen<\/p>\n<p>Quelle: <a href=\"https:\/\/barrikade.info\/Aktionsmonat-gegen-christlichen-Fundamentalismus-1306\">https:\/\/barrikade.info\/Aktionsmonat-gegen-christlichen-Fundamentalismus-1306<\/a><\/p>\n<\/div>\n<\/div>\n","protected":false},"excerpt":{"rendered":"<p>Den ganzen September hindurch finden im Rahmen eines Aktionsmonates diverse Workshops, Vortr\u00e4ge, Diskussionen und Aktionen statt. Im Anschluss befindet sich eine Liste mit allen geplanten Veranstaltungen. Weitere Infos werden noch folgen. <a href=\"https:\/\/www.lagota.ch\/?p=3021\">Continue reading <span class=\"meta-nav\">&rarr;<\/span><\/a><\/p>\n","protected":false},"author":1,"featured_media":0,"comment_status":"closed","ping_status":"open","sticky":false,"template":"","format":"standard","meta":{"footnotes":""},"categories":[242,16,4],"tags":[1067,102,105,1068,104,1066],"class_list":["post-3021","post","type-post","status-publish","format-standard","hentry","category-emanzipation","category-schweiz","category-veranstaltung","tag-aktionen","tag-bern","tag-christliche-fundamentalisten","tag-queer","tag-reitschule","tag-september"],"_links":{"self":[{"href":"https:\/\/www.lagota.ch\/index.php?rest_route=\/wp\/v2\/posts\/3021","targetHints":{"allow":["GET"]}}],"collection":[{"href":"https:\/\/www.lagota.ch\/index.php?rest_route=\/wp\/v2\/posts"}],"about":[{"href":"https:\/\/www.lagota.ch\/index.php?rest_route=\/wp\/v2\/types\/post"}],"author":[{"embeddable":true,"href":"https:\/\/www.lagota.ch\/index.php?rest_route=\/wp\/v2\/users\/1"}],"replies":[{"embeddable":true,"href":"https:\/\/www.lagota.ch\/index.php?rest_route=%2Fwp%2Fv2%2Fcomments&post=3021"}],"version-history":[{"count":2,"href":"https:\/\/www.lagota.ch\/index.php?rest_route=\/wp\/v2\/posts\/3021\/revisions"}],"predecessor-version":[{"id":3024,"href":"https:\/\/www.lagota.ch\/index.php?rest_route=\/wp\/v2\/posts\/3021\/revisions\/3024"}],"wp:attachment":[{"href":"https:\/\/www.lagota.ch\/index.php?rest_route=%2Fwp%2Fv2%2Fmedia&parent=3021"}],"wp:term":[{"taxonomy":"category","embeddable":true,"href":"https:\/\/www.lagota.ch\/index.php?rest_route=%2Fwp%2Fv2%2Fcategories&post=3021"},{"taxonomy":"post_tag","embeddable":true,"href":"https:\/\/www.lagota.ch\/index.php?rest_route=%2Fwp%2Fv2%2Ftags&post=3021"}],"curies":[{"name":"wp","href":"https:\/\/api.w.org\/{rel}","templated":true}]}}