{"id":3034,"date":"2018-08-22T12:40:22","date_gmt":"2018-08-22T11:40:22","guid":{"rendered":"http:\/\/www.lagota.ch\/?p=3034"},"modified":"2018-08-22T12:40:22","modified_gmt":"2018-08-22T11:40:22","slug":"mit-rassistischen-traditionen-brechen","status":"publish","type":"post","link":"https:\/\/www.lagota.ch\/?p=3034","title":{"rendered":"Mit rassistischen Traditionen brechen"},"content":{"rendered":"<div class=\"surlignable\">\n<div class=\"crayon article-texte-1338 texte-principal text\">\n<p>Am letzten Freitag (17. August 2018) versammelten sich sechs bis acht hundert Menschen im Basler De-Vette-Park , um in einem \u201eSolidarit\u00e4tsmarsch\u201c zum Wettsteinplatz zu ziehen. Die Solidarit\u00e4t galt zweien Basler Fasnachts-Cliquen, die unter Druck geraten waren, da sowohl ihr Name, als auch ihr Vereins-Logo rassistisch sind.<br class=\"autobr\" \/> (siehe:<a class=\"spip_url spip_out auto\" href=\"https:\/\/antira.org\/2018\/08\/17\/was-tun-gegen-die-rassistische-demo-fuer-die-clique-negro-rhygass-und-die-gugge-mohrekopf\/\" rel=\"nofollow external\">https:\/\/antira.org\/2018\/08\/17\/was-tun-gegen-die-rassistische-demo-fuer-die-clique-negro-rhygass-und-die-gugge-mohrekopf\/<\/a>).<\/p>\n<p>In diesem Menschenauflauf befanden sich organisierte Neonazis wie Tobias Steiger von der PnoS und rechte Hooligans. Gr\u00f6sstenteils handelte es sich aber um eine Art Volksfest des konservativen Teils der Fasnacht. Der Marsch setzte sich wohl aus Menschen zusammen die ernsthaft glauben, dass Rassismus nicht mehr rassistisch ist, wenn er Tradition hat \u2013 und aus jenen die denken, dass Rassismus ganz in Ordnung ist, wenn er Tradition hat. <br class=\"autobr\" \/> Dieser Marsch ist Ausdruck tief verankerter rassistischer und kolonialer Denkmuster. Es ist der Abwehrreflex eines Teils der privilegierten Mehrheitsgesellschaft. Es ist die Angst, dass die eigene Identit\u00e4t in Frage gestellt werden k\u00f6nnte. Der Marsch hatte damit zwar einen rassistischen Hintergrund, er ist aber dennoch deutlich von einer Pegida-Demonstration zu unterscheiden, welche ein politisches Programm auf die Strasse tr\u00e4gt.<\/p>\n<p>Im Kontext von \u00fcberall erstarkenden rechten Bewegungen war der Marsch aber keinesfalls zu verharmlosen und verlangte nach einer klaren Positionierung. Dabei musste der Protest eine Gratwanderung machen: es sollte einerseits klar gezeigt werden, dass es antirassistischen Widerstand gibt \u2013 es sollte aber andererseits verhindert werden, dass sich die rechtsb\u00fcrgerliche Masse noch st\u00e4rker mit den rechtsextremen Gruppen verbindet. Deshalb w\u00e4re es falsch gewesen, dem Marsch konfrontativ zu begegnen oder alle Teilnehmenden als Rassisten zu beschimpfen. Da wir in der K\u00fcrze keine grosse Gegendemo organisieren konnten, entschieden wir uns f\u00fcr folgende Aktionsformen: Im Vorfeld des Marschs wurde auf dessen Route geflyert; entlang der Route wurden Transpis aufgeh\u00e4ngt; gegen Ende wurde der Marsch von etwa 100 Personen mit einem Transpi (\u201eMit rassistischen Traditionen brechen\u201c) empfangen. Nach einer 10-Min\u00fctigen Blockade liefen wir den letzten Abschnitt der Route mit demselben Transpi vorweg und gingen dann zum Hirscheneck.<\/p>\n<p>Hier warteten wir das Ende der Kundgebung ab. Das Hirscheneck \u2013 eine Kollektivkneipe, die in der Vergangenheit immer wieder Ziel von rechten Angriffsversuchen war \u2013 musste besch\u00fctzt werden. Die Bef\u00fcrchtungen best\u00e4tigten sich. Als der offizielle Anlass beendet war, n\u00e4herten sich zweimal Gruppen rechter Schl\u00e4ger*innen dem Hirschi. Dort mussten sie aber feststellen, dass die rund achtzig Personen sich nicht einsch\u00fcchtern liessen. Im Gegenteil mit lauten Rufen und entschlossenem, gemeinsamem Auftreten, konnten wir den etwa zehn bis zwanzig rechten Hooligans zeigen, dass wir ihnen die Strasse auch einem solchen Tag nicht \u00fcberlassen w\u00fcrden.<\/p>\n<p>Trotz der Kurzfristigkeit der Ereignisse konnten wir also Schlimmeres verhindern. Wir konnten inhaltliche Kritik an dem Marsch anbringen und dem Versuch von Rechtsextremen den Auflauf zu nutzen erfolgreich entgegentreten. Angesichts der Entwicklungen in Europa \u2013 und der j\u00fcngsten Serie rassistischer \u00dcbergriffe in Basel \u2013 sollten wir den vergangenen Freitagabend aber auch sehr Ernst nehmen. Und wir sollten ihn als Anlass nehmen, die antifaschistische Selbstorganisierung schneller voranzutreiben.<\/p>\n<p>Quelle: <a href=\"https:\/\/barrikade.info\/Mit-rassistischen-Traditionen-brechen-1338\">https:\/\/barrikade.info\/Mit-rassistischen-Traditionen-brechen-1338<\/a><\/p>\n<\/div>\n<\/div>\n","protected":false},"excerpt":{"rendered":"<p>Am letzten Freitag (17. August 2018) versammelten sich sechs bis acht hundert Menschen im Basler De-Vette-Park , um in einem \u201eSolidarit\u00e4tsmarsch\u201c zum Wettsteinplatz zu ziehen. Die Solidarit\u00e4t galt zweien Basler Fasnachts-Cliquen, die unter Druck geraten waren, da sowohl ihr Name, als auch ihr Vereins-Logo rassistisch sind.<br \/>\n(siehe:https:\/\/antira.org\/2018\/08\/17\/was-tun-gegen-die-rassistische-demo-fuer-die-clique-negro-rhygass-und-die-gugge-mohrekopf\/). <a href=\"https:\/\/www.lagota.ch\/?p=3034\">Continue reading <span class=\"meta-nav\">&rarr;<\/span><\/a><\/p>\n","protected":false},"author":1,"featured_media":0,"comment_status":"closed","ping_status":"open","sticky":false,"template":"","format":"standard","meta":{"footnotes":""},"categories":[328,16],"tags":[67,1074,1073,103],"class_list":["post-3034","post","type-post","status-publish","format-standard","hentry","category-antira","category-schweiz","tag-basel","tag-fasnacht","tag-hirscheneck","tag-rassismus"],"_links":{"self":[{"href":"https:\/\/www.lagota.ch\/index.php?rest_route=\/wp\/v2\/posts\/3034","targetHints":{"allow":["GET"]}}],"collection":[{"href":"https:\/\/www.lagota.ch\/index.php?rest_route=\/wp\/v2\/posts"}],"about":[{"href":"https:\/\/www.lagota.ch\/index.php?rest_route=\/wp\/v2\/types\/post"}],"author":[{"embeddable":true,"href":"https:\/\/www.lagota.ch\/index.php?rest_route=\/wp\/v2\/users\/1"}],"replies":[{"embeddable":true,"href":"https:\/\/www.lagota.ch\/index.php?rest_route=%2Fwp%2Fv2%2Fcomments&post=3034"}],"version-history":[{"count":1,"href":"https:\/\/www.lagota.ch\/index.php?rest_route=\/wp\/v2\/posts\/3034\/revisions"}],"predecessor-version":[{"id":3035,"href":"https:\/\/www.lagota.ch\/index.php?rest_route=\/wp\/v2\/posts\/3034\/revisions\/3035"}],"wp:attachment":[{"href":"https:\/\/www.lagota.ch\/index.php?rest_route=%2Fwp%2Fv2%2Fmedia&parent=3034"}],"wp:term":[{"taxonomy":"category","embeddable":true,"href":"https:\/\/www.lagota.ch\/index.php?rest_route=%2Fwp%2Fv2%2Fcategories&post=3034"},{"taxonomy":"post_tag","embeddable":true,"href":"https:\/\/www.lagota.ch\/index.php?rest_route=%2Fwp%2Fv2%2Ftags&post=3034"}],"curies":[{"name":"wp","href":"https:\/\/api.w.org\/{rel}","templated":true}]}}