{"id":3041,"date":"2018-08-31T08:01:28","date_gmt":"2018-08-31T07:01:28","guid":{"rendered":"http:\/\/www.lagota.ch\/?p=3041"},"modified":"2018-08-31T08:01:28","modified_gmt":"2018-08-31T07:01:28","slug":"chemnitz-ist-uberall","status":"publish","type":"post","link":"https:\/\/www.lagota.ch\/?p=3041","title":{"rendered":"Chemnitz ist \u00fcberall!"},"content":{"rendered":"<div class=\"crayon article-chapo-1358 chapo\">\n<p><strong>Die Ereignisse in Chemnitz am 26. und 27.08 sind nur der H\u00f6hepunkt einer Entwicklung, die in den letzten Monaten rassistische und faschistische Weltbilder in den Mainstream gesp\u00fclt haben. Die sprachliche Verrohung der sogenannten Mitte, ist dabei Wegbereiter f\u00fcr Pogrome wie in Chemnitz. Aber nicht nur in Sucksen, wo Pegizei und Faschos Hand in Hand agieren, sondern weltweit, f\u00fchlen sich die Faschisten im Aufwind. Erst vor einigen Wochen zogen enthemmte B\u00fcrger gemeinsam mit Faschohooligans durch Basel.<\/strong><\/p>\n<\/div>\n<div class=\"surlignable\">\n<div class=\"crayon article-texte-1358 texte-principal text\">\n<p><a href=\"https:\/\/www.lagota.ch\/wp-content\/uploads\/arton1358-09581-34331.png\"><img loading=\"lazy\" decoding=\"async\" class=\"alignnone size-medium wp-image-3042\" src=\"https:\/\/www.lagota.ch\/wp-content\/uploads\/arton1358-09581-34331-300x168.png\" alt=\"arton1358-09581-34331\" width=\"300\" height=\"168\" srcset=\"https:\/\/www.lagota.ch\/wp-content\/uploads\/arton1358-09581-34331-300x168.png 300w, https:\/\/www.lagota.ch\/wp-content\/uploads\/arton1358-09581-34331.png 710w\" sizes=\"auto, (max-width: 300px) 100vw, 300px\" \/><\/a><\/p>\n<p>In \u00d6sterreich sitzen Faschisten in der Regierung. In den USA terrorisieren KKK, Proudboys, Atomwaffen Division usw ganze St\u00e4dte. Dutzende Todesopfer gehen bereits auf deren Konto. In weiten Teilen der EU wird dar\u00fcber diskutiert, Lager auf Plattformen im offenen Meer zu errichten und jede Woche h\u00f6ren wir von Schiffen, auf denen Hunderte eingepfercht sind und nicht an Land gehen d\u00fcrfen. Wir k\u00f6nnten diese Liste noch ewig fortsetzen, doch eigentlich sollte nur einer der erw\u00e4hnten Punkte ausreichen um zu sagen: <strong>Enough is Enough! <\/strong><\/p>\n<p>Die b\u00fcrgerlichen Medien und die sogenannte politische Mitte hat nichts gelernt. Am Jahrestag der Pogrome von Hoyerswerda, marodieren tausende Nazis durch Chemnitz. Doch die Zeitungen schreiben von Protestlern, und Zusammenst\u00f6ssen zwischen linken und rechten Gruppen. Die Polizei agiert nach dem selben Drehbuch, nachdem sie schon in den 90ern gehandelt hatte. Die Nazis konnten beinah ungehindert agieren, man gab sich \u00fcberrascht und als die Bullen schliesslich doch einmal aktiv wurden, griffen sie die antifaschistischen Gegendemonstrant_innen an. Wir kennen das aus Rostock. Wir kennen das aus Hoyerswerda.<\/p>\n<p>Es ist auch kein Zufall, das Chemnitz bzw. Ostdeutschland Hotspots der neonazistischen Gewalt sind. Bereits der NSU fand hier Unterst\u00fctzung und Unterschlupf. Und es wurde wieder einmal klar, dass die faschistischen Kr\u00e4fte gut vernetzt sind und der National Sozialistische Untergrund nie ein Trio war.<\/p>\n<p>Es ist an der Zeit antifaschistische Selbstverteidigungsstrukturen zu organisieren. Wieder einmal wurde klar, dass wenn wir uns auf den Staat verlassen, wir verloren sind. Die Krisen der kommenden Jahre (sowohl \u00f6konomisch, als auch \u00f6kologisch bereits jetzt absehbar) werden dazu f\u00fchren, dass die Staaten sich vermehrt faschistischer Kr\u00e4fte bedienen werden, um die Kontrolle zu behalten. Der Staat wird sich immer f\u00fcr die autorit\u00e4ren, reaktion\u00e4ren Kr\u00e4fte entscheiden und niemals f\u00fcr jene die ihn kritisieren, oder sogar die Abschaffung jeder Herrschaft fordern. Faschos und Bullen haben vieles gemeinsam. Antiautorit\u00e4re und Anarchist_Innen jedoch nichts mit dem Staat. It ain\u2019t no rocket science.<\/p>\n<p>Als kleine Geste unserer Solidarit\u00e4t und Anteilnahme, haben wir ein Transparent gemalt und an einem belebten Ort in Zureich aufgeh\u00e4ngt. Diese Aktion hat vor allem Symbolcharakter. Das ist uns bewusst. Auch wir werden uns in Zukunft vermehrt mit den Themen Selbstverteidigung, Security Culture, Outings von Nazis etc. besch\u00e4ftigen. Es soll ein Gruss sein an alle k\u00e4mpfenden Companeras und an alle die Betroffen sind von den unmenschlichen Zust\u00e4nden, die 2018 Normalit\u00e4t geschumpfen werden.<\/p>\n<p><strong>No Pasaran! Tod dem Faschismus! No Border &#8211; No Nation!<\/strong> \u2605 \u24b6 \u2605<\/p>\n<p><a href=\"https:\/\/barrikade.info\/Chemnitz-ist-uberall-1358\">https:\/\/barrikade.info\/Chemnitz-ist-uberall-1358<\/a><\/p>\n<\/div>\n<\/div>\n","protected":false},"excerpt":{"rendered":"<p>Die Ereignisse in Chemnitz am 26. und 27.08 sind nur der H\u00f6hepunkt einer Entwicklung, die in den letzten Monaten rassistische und faschistische Weltbilder in den Mainstream gesp\u00fclt haben. Die sprachliche Verrohung der sogenannten Mitte, ist dabei Wegbereiter f\u00fcr Pogrome wie in Chemnitz. Aber nicht nur in Sucksen, wo Pegizei und Faschos Hand in Hand agieren, sondern weltweit, f\u00fchlen sich die Faschisten im Aufwind. Erst vor einigen Wochen zogen enthemmte B\u00fcrger gemeinsam mit Faschohooligans durch Basel. <a href=\"https:\/\/www.lagota.ch\/?p=3041\">Continue reading <span class=\"meta-nav\">&rarr;<\/span><\/a><\/p>\n","protected":false},"author":1,"featured_media":0,"comment_status":"closed","ping_status":"open","sticky":false,"template":"","format":"standard","meta":{"footnotes":""},"categories":[13,328,108],"tags":[1076,932,1078,660,182,1079,1077],"class_list":["post-3041","post","type-post","status-publish","format-standard","hentry","category-antifa","category-antira","category-wirtschaftskrise","tag-chemnitz","tag-faschismus","tag-hoyerswerda","tag-neonazi","tag-nsu","tag-pegi","tag-rostock"],"_links":{"self":[{"href":"https:\/\/www.lagota.ch\/index.php?rest_route=\/wp\/v2\/posts\/3041","targetHints":{"allow":["GET"]}}],"collection":[{"href":"https:\/\/www.lagota.ch\/index.php?rest_route=\/wp\/v2\/posts"}],"about":[{"href":"https:\/\/www.lagota.ch\/index.php?rest_route=\/wp\/v2\/types\/post"}],"author":[{"embeddable":true,"href":"https:\/\/www.lagota.ch\/index.php?rest_route=\/wp\/v2\/users\/1"}],"replies":[{"embeddable":true,"href":"https:\/\/www.lagota.ch\/index.php?rest_route=%2Fwp%2Fv2%2Fcomments&post=3041"}],"version-history":[{"count":1,"href":"https:\/\/www.lagota.ch\/index.php?rest_route=\/wp\/v2\/posts\/3041\/revisions"}],"predecessor-version":[{"id":3043,"href":"https:\/\/www.lagota.ch\/index.php?rest_route=\/wp\/v2\/posts\/3041\/revisions\/3043"}],"wp:attachment":[{"href":"https:\/\/www.lagota.ch\/index.php?rest_route=%2Fwp%2Fv2%2Fmedia&parent=3041"}],"wp:term":[{"taxonomy":"category","embeddable":true,"href":"https:\/\/www.lagota.ch\/index.php?rest_route=%2Fwp%2Fv2%2Fcategories&post=3041"},{"taxonomy":"post_tag","embeddable":true,"href":"https:\/\/www.lagota.ch\/index.php?rest_route=%2Fwp%2Fv2%2Ftags&post=3041"}],"curies":[{"name":"wp","href":"https:\/\/api.w.org\/{rel}","templated":true}]}}