{"id":3054,"date":"2018-09-10T14:03:34","date_gmt":"2018-09-10T13:03:34","guid":{"rendered":"http:\/\/www.lagota.ch\/?p=3054"},"modified":"2018-09-10T14:03:47","modified_gmt":"2018-09-10T13:03:47","slug":"demo-marsch-fur-slabe-stoppe","status":"publish","type":"post","link":"https:\/\/www.lagota.ch\/?p=3054","title":{"rendered":"Demo \u201eMarsch f\u00fcr s\u2019L\u00e4be Stoppe\u201c am 15.9 in Bern"},"content":{"rendered":"<p>Am 15. September will ein Zusammenschluss von verschiedenen fundamentalistischen Organisationen zum zweiten Mal einen \u201eMarsch f\u00fcrs L\u00e4be\u201c auf dem Bundesplatz durchf\u00fchren, um ihre Propaganda gegen Abtreibungen in die \u00d6ffentlichkeit zu tragen. Die Organisationen hinter dem Marsch sind europaweit vernetzt und haben in anderen L\u00e4ndern Verbindungen zu rechtsradikalen Gruppen wie beispielsweise der AfD oder der Identit\u00e4ren Bewegung, die sich alle im Antifeminismus vereinen. Der Marsch f\u00fcrs Leben setzt auf veraltete Frauen*- und Geschlechterrollen, fernab jeglicher Selbstbestimmung. Frauen* sollen unterw\u00fcrfige Geb\u00e4rmaschinen sein, lesbische, schwule, bi sowie trans* Menschen werden als krankhaft angesehen und sollen wegtherapiert werden.<\/p>\n<p><a href=\"https:\/\/www.lagota.ch\/wp-content\/uploads\/marsch.png\"><img loading=\"lazy\" decoding=\"async\" class=\"alignnone size-medium wp-image-3055\" src=\"https:\/\/www.lagota.ch\/wp-content\/uploads\/marsch-300x168.png\" alt=\"marsch\" width=\"300\" height=\"168\" srcset=\"https:\/\/www.lagota.ch\/wp-content\/uploads\/marsch-300x168.png 300w, https:\/\/www.lagota.ch\/wp-content\/uploads\/marsch.png 710w\" sizes=\"auto, (max-width: 300px) 100vw, 300px\" \/><\/a><\/p>\n<p>Wo immer der Marsch f\u00fcrs L\u00e4be in den vergangenen Jahren auftrat, wurde dieser von Gegenaktionen begleitet und gest\u00f6rt. Auch dieses Jahr wollen wir den Aufmarsch der Fundis nicht unbeantwortet lassen. F\u00fcr uns ist der Kampf gegen die fundamentalistischen Werte stets verbunden mit einem Bestreben f\u00fcr eine emanzipatorische Welt, in der die Diversit\u00e4t der Menschen und deren Lebensweisen ein wichtiger Teil ist. Eine Welt, in der man selbstbestimmt und kollektiv organisiert leben kann.<\/p>\n<p>Deswegen rufen wir am 15. September in Bern zu einer lauten, kreativen und breiten Gegendemonstration auf, mit dem Ziel ein h\u00f6r- und sichtbares Zeichen zu setzen. Dazu haben wir einige Vorschl\u00e4ge von Dingen, die man mitnehmen kann um L\u00e4rm zu erzeugen, zu st\u00f6ren oder eine sichtbare Botschaft zu hinterlassen:<\/p>\n<p>Pfannendeckel \u2013 Pfannen mit Stock \u2013 Trillerpfeifen \u2013 Musikinstrumente \u2013 Wasserballone \u2013 Glitzerballone \u2013 Wasserpistolen \u2013 Wecker \u2013 Megafon \u2013 Kreide \u2013 Druckhorn \u2013 Papierflugzeuge \u2013 Transpis \u2013 Schilder \u2013 Fahnen (Aber Parteifahnen finden wir doof) \u2013 Flyer \u2013 und noch vieles mehr\u2026<\/p>\n<p>-&gt; nicht vergessen: der L\u00e4rm ist auch f\u00fcr uns laut, deshalb: Oropax!<\/p>\n","protected":false},"excerpt":{"rendered":"<p>Am 15. September will ein Zusammenschluss von verschiedenen fundamentalistischen Organisationen zum zweiten Mal einen \u201eMarsch f\u00fcrs L\u00e4be\u201c auf dem Bundesplatz durchf\u00fchren, um ihre Propaganda gegen Abtreibungen in die \u00d6ffentlichkeit zu tragen. <a href=\"https:\/\/www.lagota.ch\/?p=3054\">Continue reading <span class=\"meta-nav\">&rarr;<\/span><\/a><\/p>\n","protected":false},"author":1,"featured_media":0,"comment_status":"closed","ping_status":"open","sticky":false,"template":"","format":"standard","meta":{"footnotes":""},"categories":[13,328,242,16,18],"tags":[106,102,105,1086],"class_list":["post-3054","post","type-post","status-publish","format-standard","hentry","category-antifa","category-antira","category-emanzipation","category-schweiz","category-squat-the-world","tag-abtreibung","tag-bern","tag-christliche-fundamentalisten","tag-marsch-fur-slabe"],"_links":{"self":[{"href":"https:\/\/www.lagota.ch\/index.php?rest_route=\/wp\/v2\/posts\/3054","targetHints":{"allow":["GET"]}}],"collection":[{"href":"https:\/\/www.lagota.ch\/index.php?rest_route=\/wp\/v2\/posts"}],"about":[{"href":"https:\/\/www.lagota.ch\/index.php?rest_route=\/wp\/v2\/types\/post"}],"author":[{"embeddable":true,"href":"https:\/\/www.lagota.ch\/index.php?rest_route=\/wp\/v2\/users\/1"}],"replies":[{"embeddable":true,"href":"https:\/\/www.lagota.ch\/index.php?rest_route=%2Fwp%2Fv2%2Fcomments&post=3054"}],"version-history":[{"count":2,"href":"https:\/\/www.lagota.ch\/index.php?rest_route=\/wp\/v2\/posts\/3054\/revisions"}],"predecessor-version":[{"id":3057,"href":"https:\/\/www.lagota.ch\/index.php?rest_route=\/wp\/v2\/posts\/3054\/revisions\/3057"}],"wp:attachment":[{"href":"https:\/\/www.lagota.ch\/index.php?rest_route=%2Fwp%2Fv2%2Fmedia&parent=3054"}],"wp:term":[{"taxonomy":"category","embeddable":true,"href":"https:\/\/www.lagota.ch\/index.php?rest_route=%2Fwp%2Fv2%2Fcategories&post=3054"},{"taxonomy":"post_tag","embeddable":true,"href":"https:\/\/www.lagota.ch\/index.php?rest_route=%2Fwp%2Fv2%2Ftags&post=3054"}],"curies":[{"name":"wp","href":"https:\/\/api.w.org\/{rel}","templated":true}]}}