{"id":3070,"date":"2018-10-12T15:28:08","date_gmt":"2018-10-12T14:28:08","guid":{"rendered":"http:\/\/www.lagota.ch\/?p=3070"},"modified":"2018-10-12T15:28:08","modified_gmt":"2018-10-12T14:28:08","slug":"antifarally-2018","status":"publish","type":"post","link":"https:\/\/www.lagota.ch\/?p=3070","title":{"rendered":"Antifarally 2018"},"content":{"rendered":"<div class=\"crayon article-chapo-1481 chapo\">\n<p><strong>Nach einer erfolgreichen Vernetzung schweizweiter antifaschistischer Gruppen und organisationen, starten wir in diesem Jahr erneut eine Rally um unsere Kontakte und unsere Kr\u00e4fte zu einer schweizweiten Front zu konsolidieren.<\/strong><\/p>\n<\/div>\n<div class=\"surlignable\">\n<div class=\"crayon article-texte-1481 texte-principal text\">\n<p>Trotz eindr\u00fccklichem Widerstand der Kurdischen Freiheitsbewegung ist Afrin gefallen, w\u00e4hrenddessen Erdogan mit faschistischen Mitteln versucht, seine Macht in der T\u00fcrkei zu festigen.<\/p>\n<p><a href=\"https:\/\/www.lagota.ch\/wp-content\/uploads\/antifarally.jpg\"><img loading=\"lazy\" decoding=\"async\" class=\"alignnone size-medium wp-image-3071\" src=\"https:\/\/www.lagota.ch\/wp-content\/uploads\/antifarally-300x168.jpg\" alt=\"antifarally\" width=\"300\" height=\"168\" srcset=\"https:\/\/www.lagota.ch\/wp-content\/uploads\/antifarally-300x168.jpg 300w, https:\/\/www.lagota.ch\/wp-content\/uploads\/antifarally.jpg 710w\" sizes=\"auto, (max-width: 300px) 100vw, 300px\" \/><\/a><\/p>\n<p>Der Bund hat beschlossen, eritreische Gefl\u00fcchtete wieder in ihr Heimatland auszuschaffen, da es f\u00fcr diese angeblich keine begr\u00fcndete Angst vor Verfolgung mehr gibt. Der Z\u00fcrcher SP-Regierungsrat Mario Fehr hat die eh schon \u00e4usserst repressive Eingrenzungsverf\u00fcgung gegen Asylsuchende nochmals versch\u00e4rft. Abgewiesene Asylsuchende mit Eingrenzung d\u00fcrfen nun f\u00fcr zwei Jahre die ihnen zugeteilte Gemeinde oder den ihnen zugeteilten Bezirk nicht verlassen, andernfalls drohen ihnen bis zu drei Jahre Haft. Wer sich nicht zwei Mal t\u00e4glich in seiner Gemeinde meldet, die*der verliert sein Recht auf Nothilfeleistungen. Sozialhilfebez\u00fcger*innen sollen neu mit GPS-Trackern und Drohnen \u00fcberwacht werden.<\/p>\n<p>Die Hetze der SVP, aber auch anderer b\u00fcrgerlichen Parteien gegen Sozialhilfebez\u00fcger*innen, Migrant*innen und andere soziale Minderheiten schafft ein Klima der Spaltung und Entsolidarisierung. Widerstand gegen Sozialabbau \u2013 der sich nach den Milliardenausf\u00e4llen in Form von Steuergeschenken an Grosskonzerne im Rahmen der Steuervorlage 17 noch versch\u00e4rfen wird \u2013 soll damit gebrochen und reaktion\u00e4r kanalisiert werden.<\/p>\n<p>Kurzum, die Krisenerscheinungen des Kapitalismus sp\u00fcren wir an allen Fronten.<\/p>\n<p>Im Fahrwasser dieses Klimas f\u00fchlen sich auch Faschist*innen gest\u00e4rkt. So gr\u00fcndet die PNOS Ortssektion um Ortssektion, liefert hie und da mal einen l\u00e4cherlichen Auftritt wie an der diesj\u00e4hrigen Basler Fassnacht, reinigt am 1. Mai Flussufer oder versucht, mit dem Verteilen von Fl\u00fcgbl\u00e4ttern Menschen mit ihrer Propaganda zu vergiften. W\u00e4hrenddessen gr\u00f6len im Toggenburg schon mal ein paar tausend Glatzen bei schlechtem Rechtsrock Naziparolen. Auch wenn wir die St\u00e4rke der Faschist*innen nicht \u00fcbersch\u00e4tzen sollten, ist es wichtig, ihnen entschieden entgegen zu treten und den N\u00e4hrboden abzugraben, in welchem sie gedeihen k\u00f6nnen.<\/p>\n<p>Widerstand ist notwendig. Tats\u00e4chlich findet dieser auch statt. An verschiedenen Orten, mit unterschiedlichen Mitteln und in unterschiedlichen Formen. #Antifarally soll diesen Kampf in all seinen Facetten sichtbar zu machen. Und dort, wo er noch nicht stattfindet, soll #Antifarally euch dazu motivieren, aktiv zu werden. Lassen wir die Sonne in den n\u00e4chsten Monaten nicht nur in den Badis brennen. Organisieren wir uns. Gehen wir aktiv gegen Faschismus und Rechtspopulismus vor. Zeigen wir Pr\u00e4senz &#8211; egal wo, egal wie. Hauptsache hier, jetzt und \u00fcberall!<\/p>\n<p>Ganz im Sinne also der 1. Antifarally: Da wo du wohnst, wo du arbeitest, wo du in den Ausgang gehst und dich mit Freund*innen triffst. Aber auch da wo die SVP ein B\u00fcro hat, wo sich Faschos zum Bier treffen und wo die Herrschenden versuchen uns zu spalten, in Schwarze und weisse, in M\u00e4nner und Frauen, in In- und Ausl\u00e4nder*innen, in Arbeitende und Sozialhilfebez\u00fcger*innen&#8230;.<\/p>\n<p><strong>Wie funktionierts?<\/strong><\/p>\n<p>1. Aktion \u00fcberlegen<\/p>\n<p>2. Do it! Nat\u00fcrlich mit der n\u00f6tigen Vorsicht.<\/p>\n<p>3. Halte das Ganze auf einem Foto\/Film fest. Achte allenfalls darauf, dass Gesichter unkenntlich gemacht wurden.<\/p>\n<p>4. Lade das Foto auf Instagram mit dem #Antifarally oder schicke das Foto an: antifarally@immerda.ch &#8211; wir stellen das erhaltene Material sicher f\u00fcr Dich online und verpixeln Gesichter falls notwendig.<\/p>\n<p>#Antifarally #rally #161 #afa #antifa<\/p>\n<\/div>\n<\/div>\n","protected":false},"excerpt":{"rendered":"<p>Nach einer erfolgreichen Vernetzung schweizweiter antifaschistischer Gruppen und organisationen, starten wir in diesem Jahr erneut eine Rally um unsere Kontakte und unsere Kr\u00e4fte zu einer schweizweiten Front zu konsolidieren. <a href=\"https:\/\/www.lagota.ch\/?p=3070\">Continue reading <span class=\"meta-nav\">&rarr;<\/span><\/a><\/p>\n","protected":false},"author":1,"featured_media":0,"comment_status":"closed","ping_status":"open","sticky":false,"template":"","format":"standard","meta":{"footnotes":""},"categories":[13,328,49,16,18,108],"tags":[1093,1094],"class_list":["post-3070","post","type-post","status-publish","format-standard","hentry","category-antifa","category-antira","category-antirep","category-schweiz","category-squat-the-world","category-wirtschaftskrise","tag-antifa-rally-svp","tag-pnos-neonazis"],"_links":{"self":[{"href":"https:\/\/www.lagota.ch\/index.php?rest_route=\/wp\/v2\/posts\/3070","targetHints":{"allow":["GET"]}}],"collection":[{"href":"https:\/\/www.lagota.ch\/index.php?rest_route=\/wp\/v2\/posts"}],"about":[{"href":"https:\/\/www.lagota.ch\/index.php?rest_route=\/wp\/v2\/types\/post"}],"author":[{"embeddable":true,"href":"https:\/\/www.lagota.ch\/index.php?rest_route=\/wp\/v2\/users\/1"}],"replies":[{"embeddable":true,"href":"https:\/\/www.lagota.ch\/index.php?rest_route=%2Fwp%2Fv2%2Fcomments&post=3070"}],"version-history":[{"count":1,"href":"https:\/\/www.lagota.ch\/index.php?rest_route=\/wp\/v2\/posts\/3070\/revisions"}],"predecessor-version":[{"id":3072,"href":"https:\/\/www.lagota.ch\/index.php?rest_route=\/wp\/v2\/posts\/3070\/revisions\/3072"}],"wp:attachment":[{"href":"https:\/\/www.lagota.ch\/index.php?rest_route=%2Fwp%2Fv2%2Fmedia&parent=3070"}],"wp:term":[{"taxonomy":"category","embeddable":true,"href":"https:\/\/www.lagota.ch\/index.php?rest_route=%2Fwp%2Fv2%2Fcategories&post=3070"},{"taxonomy":"post_tag","embeddable":true,"href":"https:\/\/www.lagota.ch\/index.php?rest_route=%2Fwp%2Fv2%2Ftags&post=3070"}],"curies":[{"name":"wp","href":"https:\/\/api.w.org\/{rel}","templated":true}]}}