{"id":3115,"date":"2018-12-19T11:10:20","date_gmt":"2018-12-19T10:10:20","guid":{"rendered":"http:\/\/www.lagota.ch\/?p=3115"},"modified":"2018-12-19T11:10:20","modified_gmt":"2018-12-19T10:10:20","slug":"rechtsextrem-und-verbunden-uber-grenzen","status":"publish","type":"post","link":"https:\/\/www.lagota.ch\/?p=3115","title":{"rendered":"Rechtsextrem und verbunden \u00fcber Grenzen"},"content":{"rendered":"<p><strong>Schweizer Rechtsextreme haben viele internationale Kontakte, doch ihre gesellschaftliche Bedeutung ist in der Schweiz geschrumpft.<\/strong><\/p>\n<p>An den vergangenen zwei Wochenenden fanden drei rechtsextreme Veranstaltungen in der Schweiz statt. Zuerst am letzten Novembersamstag in Basel eine Kundgebung gegen den \u201eUN-Migrationspakt\u201c, organisiert von der Partei National Orientierter Schweizer PNOS, zusammen mit der kleinen \u201eNationalen Aktionsfront NAF\u201c und dem Basler Polit-Clown Eric Weber, einst Volksaktion gegen zu viele Ausl\u00e4nder. Am ersten Dezember-Samstag dann nochmals die PNOS, rund siebzig Mitglieder sollen den \u201eParteitag\u201c in Melchnau\/Kanton Bern besucht haben, nur \u00fcber Videoschaltung anwesend war der US-amerikanische \u201eStar-Gast\u201c Richard B. Spencer, bekannt als Anf\u00fchrer der amerikanischen AltRight-Bewegung. Er habe weder die USA verlassen, noch in die Schweiz einreisen d\u00fcrfen, begr\u00fcndete die PNOS. Gleichentags lud die Westschweizer Gruppe \u201eR\u00e9sistance Helv\u00e9tique\u201c einem Vertreter der italienischen Bewegung \u201eCasapound\u201c zum Vortrag in ihr Parteilokal in Aigle\/Kanton Waadt.<\/p>\n<p>Doch der Schein tr\u00fcgt: Rechtsextreme Gruppen erreichen mit ihren Veranstaltungen zwar \u00d6ffentlichkeit, aber ihre gesellschaftliche Bedeutung ist geschrumpft. Sie konnten von Mitte der 1980-er-Jahre bis gegen 2010 in der Skinhead-Subkultur Sympathisanten wie Mitglieder mobilisieren, nun verschwindet diese Subkultur, da nur noch wenig m\u00e4nnliche Jugendliche sie als attraktiv einsch\u00e4tzen. Nicht mehr \u00f6ffentlich erreichbar sind auch die beiden Vers\u00e4nde, die rechtsextreme Tontr\u00e4ger und B\u00fccher unter die Leute bringen wollten. Noch aktiv hingegen ist die Kameradschaft Heimattreu, t\u00e4tig in der Region Ausserschwyz samt Linthtal und nationalsozialistisch ausgerichtet. Sie sympathisieren mit den rechtsextremen Freiwilligen des ukrainischen Azov-Regimentes (\u201eEs wird die Zeit kommen, in dem auch wir uns unserem Schicksal stellen m\u00fcssen.) Nach der Basler Demo lobte sich die Kameradschaft, ihre \u201eSchnelle Eingreiftruppe\u201c sei angetreten, um die Basler PNOS-Demo zu sch\u00fctzen.<\/p>\n<p>Sinkender Bedeutung in der Schweiz einerseits, stehen andererseits vermehrte internationale Beziehungen mit ausl\u00e4ndischen Gleichgesinnten gegen\u00fcber. Neben Tobias Steiger (siehe Kasten) sprach an der Basler Kundgebung auch Karl Richter, M\u00fcnchner Stadtparlamentarier der Liste \u201eB\u00fcrgerinitiative Ausl\u00e4nderstopp\u201c und NPD-Mitarbeiter.<\/p>\n<p>Im Sommer reiste eine PNOS-Delegation in die USA zum einem Kongress der American Freedom Party, welche die Vorherrschaft der Weissen anstrebt. Steiger posierte dabei strahlend mit dem Rassisten David Duke.<\/p>\n<p>Zahlreicher waren die angek\u00fcndigten internationale Redner am PNOS-Parteitag. Wie Spencer verhindert war dann der Berliner Lutz Urbanczyk, einst AfD-Aktivist, nun ausgetreten. Am Rednerpult stand hingegen der 24j\u00e4hrige \u00d6sterreicher Markus Ripfl, der \u2013 nach rechtsextremen Auftritten \u2013 selbst f\u00fcr die FP\u00d6 zu radikal war und heute seine eigene Kleinstpartei \u201eDie Stimme\u201c betreibt. Angereist aus Olten, doch ungarischen Flair verbreitete P\u00e0l Peter Walter, angek\u00fcndigt als \u201eVerwalter der Organisationen, Mi Has\u00e0nk\u201c (Mein Heimatland), einer Splitterpartei der \u201eJobbik\u201c-Partei. Walter war bereits \u2013 als einziger Anzugstr\u00e4ger \u2013 an der Basler Demo aufgefallen.<\/p>\n<p><strong>Rechtsextremer Treffpunkt in Aigle<\/strong><br \/>\nTraditionell besser vernetzt mit ausl\u00e4ndischen Gesinnungskameraden sind die Westschweizer Rechtsextremisten. Jean-David Cattin, einst Exponent der Genfer Identitaires und Oberleutnant der Schweizer Armee geh\u00f6rt heute zu den f\u00fchrenden Kader der franz\u00f6sischen Identit\u00e4ren. Die aktuell aktivste Gruppe R\u00e9sistance Helv\u00e9tique RH mobilisiert vorwiegend junge M\u00e4nner und betreibt seit ein paar Monaten einen Vereinsraum in der Waadtl\u00e4nder Kleinstadt Aigle. RH strebt einen autorit\u00e4ren Staat an, inspiriert von den Vorstellungen faschistischer Bewegungen der 1930er-Jahre. Und von Italien kamen am vergangenen Samstag die Eingeladenen, aus dem nahen Aosta, Aktivisten der Bewegung \u201eCasapound\u201c. Sie sehen sich als \u201eFaschisten des dritten Jahrtausends\u201c und sind heute in vielen Regionen Italiens aktiv.<\/p>\n<p>Quelle: <a href=\"https:\/\/hans-stutz.ch\/texte\/rechtsextrem-und-verbunden-%C3%BCber-grenzen\">https:\/\/hans-stutz.ch\/texte\/rechtsextrem-und-verbunden-%C3%BCber-grenzen<\/a><\/p>\n","protected":false},"excerpt":{"rendered":"<p>Schweizer Rechtsextreme haben viele internationale Kontakte, doch ihre gesellschaftliche Bedeutung ist in der Schweiz geschrumpft. <a href=\"https:\/\/www.lagota.ch\/?p=3115\">Continue reading <span class=\"meta-nav\">&rarr;<\/span><\/a><\/p>\n","protected":false},"author":1,"featured_media":0,"comment_status":"closed","ping_status":"open","sticky":false,"template":"","format":"standard","meta":{"footnotes":""},"categories":[13,328,10,16],"tags":[1105,307,1114,1113],"class_list":["post-3115","post","type-post","status-publish","format-standard","hentry","category-antifa","category-antira","category-aus-aller-welt","category-schweiz","tag-eric-weber","tag-pnos","tag-resistance-helvetique","tag-spencer"],"_links":{"self":[{"href":"https:\/\/www.lagota.ch\/index.php?rest_route=\/wp\/v2\/posts\/3115","targetHints":{"allow":["GET"]}}],"collection":[{"href":"https:\/\/www.lagota.ch\/index.php?rest_route=\/wp\/v2\/posts"}],"about":[{"href":"https:\/\/www.lagota.ch\/index.php?rest_route=\/wp\/v2\/types\/post"}],"author":[{"embeddable":true,"href":"https:\/\/www.lagota.ch\/index.php?rest_route=\/wp\/v2\/users\/1"}],"replies":[{"embeddable":true,"href":"https:\/\/www.lagota.ch\/index.php?rest_route=%2Fwp%2Fv2%2Fcomments&post=3115"}],"version-history":[{"count":1,"href":"https:\/\/www.lagota.ch\/index.php?rest_route=\/wp\/v2\/posts\/3115\/revisions"}],"predecessor-version":[{"id":3116,"href":"https:\/\/www.lagota.ch\/index.php?rest_route=\/wp\/v2\/posts\/3115\/revisions\/3116"}],"wp:attachment":[{"href":"https:\/\/www.lagota.ch\/index.php?rest_route=%2Fwp%2Fv2%2Fmedia&parent=3115"}],"wp:term":[{"taxonomy":"category","embeddable":true,"href":"https:\/\/www.lagota.ch\/index.php?rest_route=%2Fwp%2Fv2%2Fcategories&post=3115"},{"taxonomy":"post_tag","embeddable":true,"href":"https:\/\/www.lagota.ch\/index.php?rest_route=%2Fwp%2Fv2%2Ftags&post=3115"}],"curies":[{"name":"wp","href":"https:\/\/api.w.org\/{rel}","templated":true}]}}