{"id":3120,"date":"2018-12-28T11:04:00","date_gmt":"2018-12-28T10:04:00","guid":{"rendered":"http:\/\/www.lagota.ch\/?p=3120"},"modified":"2018-12-28T11:04:00","modified_gmt":"2018-12-28T10:04:00","slug":"anti-wef-winterquartier-in-bern","status":"publish","type":"post","link":"https:\/\/www.lagota.ch\/?p=3120","title":{"rendered":"Anti-WEF Winterquartier in Bern"},"content":{"rendered":"<p><strong>Mit dem World Economic Forum finden sich j\u00e4hrlich die Herrschenden zu einem Gipfeltreffen im Schweizer Hinterland in Davos zusammen. Im Rahmen der Anti-WEF-Kampagne organisieren wir \u2013 nach Vorbild der Genoss*Innen aus Z\u00fcrich \u2013 das Veranstaltungswochenende \u201eWinterquartier\u201c auch in Bern. Am Wochenende vom 4.-6. Januar laden wir zu verschiedenen Vortr\u00e4gen und Workshops im Tojo und im Kino der Reitschule Bern ein.<\/p>\n<p><\/strong><\/p>\n<p>Im Winterquartier bietet sich die M\u00f6glichkeit, die generellen Herausforderungen der revolution\u00e4ren Linken zu diskutieren, unsere Praxis zu reflektieren und Inspirationen von GenossInnen aus anderen L\u00e4ndern einzuholen. Damit wollen wir zudem einen Beitrag dazu leisten, die Erfahrungen aus der damaligen Anti-Globalisierungsbewegung als kollektives historisches Bewusstsein nutzbar zu machen.<br \/>\n<img loading=\"lazy\" decoding=\"async\" class=\"alignnone size-full wp-image-4018\" src=\"http:\/\/xn--revolutionr-u8a.ch\/wordpress\/wp-content\/uploads\/2018\/12\/webseitenild.png\" alt=\"\" width=\"604\" height=\"400\" \/><br \/>\nDie Anti-Globalisierungsbewegung riss das WEF j\u00e4h aus seiner verschwiegenen Ruhe und machte es als beispielhaften Ausdruck der kapitalistischen Globalisierung weltweit sichtbar und angreifbar. Heute \u2013 20 Jahre sp\u00e4ter \u2013 steht nicht nur die revolution\u00e4re Linke, sondern auch das WEF selbst vor neuen Herausforderungen. Die umfassende kapitalistische Krise hat sich \u00f6konomisch, politisch und kulturell weltweit und auf allen Ebenen der Gesellschaften Bahn gebrochen.<br \/>\nW\u00e4hrend die Anti-Globalisierungsbewegung die kapitalistische Globalisierung prim\u00e4r als neoliberalen Angriff verstand, von unten bek\u00e4mpfte und ihr die internationale Solidarit\u00e4t entgegenstellte, wird die Integration des Weltmarktes heute immer mehr von Bourgeoisien verschiedener L\u00e4nder in Frage gestellt. Heute m\u00fcssen die WEF-Strategen ihren Freihandel gegen einen Protektionismus verteidigen, der aus ihren eigenen kapitalistischen Reihen entstammt. Damit wird am WEF sichtbar, in welcher Krise das kapitalistische Weltsystem steckt. Wenn das WEF also Globalisierung predigt, dann vertritt es ein in die Krise geratenes Regime der diplomatischen Aufteilung der Welt unter den imperialistischen M\u00e4chten, der \u00d6ffnung der M\u00e4rkte und des neoliberalen Angriffs auf die Arbeits- und Lebensbedingungen.<\/p>\n<p>Programm:<br \/>\n* Das Programm kann sich noch \u00e4ndern und insbesondere erweitern.<br \/>\n<em>Freitag 19:30<\/em><br \/>\n<strong>Die Digitalisierung der R\u00fcstungsindustrie<\/strong><br \/>\n<strong> Aufgezeigt anhand von WEF-Partnern und Teilnehmenden<\/strong><\/p>\n<p>Die Digitalisierung ist in allen Bereichen des Lebens auf dem Vormarsch. So auch in der R\u00fcstungsindustrie, die mit grossen Investitionen der kriegstreibenden Staaten versuchen, das T\u00f6ten durch moderne Technik immer pr\u00e4ziser und einfacher zu machen.<br \/>\nWenn in Davos \u00fcber die Digitalisierung gesprochen wird, werden auch Firmen, Staaten und Banken am Tisch sitzen, die direkt Teil der R\u00fcstungsindustrie sind oder in diese grosse Summen investieren.<\/p>\n<p><em>Samstag 13:00<\/em><br \/>\n<strong>Digitalisierung von unten<\/strong><br \/>\n<strong> Tails Workshop<\/strong><\/p>\n<p>Die Digitalisierung bringt einerseits den Staaten mehr M\u00f6glichkeiten zur \u00dcberwachung und Repression. Andererseits bieten sich auch uns neue Wege zur Kommunikation, Mobilisierung und Organisation. Dies bedingt aber einige Vorkehrungen zur Sicherheit. Dabei kann uns das Tails-System ein hilfreiches Werkzeug sein. Dies soll in einem Workshop erkl\u00e4rt und zug\u00e4nglich gemacht werden.<\/p>\n<p><em>Samstag 13:00<\/em><br \/>\n<strong>Rechtsruck in \u00d6sterreich<\/strong><\/p>\n<p>Seit der letzten Wahl in \u00d6sterreich, wird das Land von einer rechts-nationalen Koalition regiert. Mit Sebastian Kurz ist ein Rechtspopulist und Rassist als Regierungschef.<br \/>\nDie Genoss*Innen der Autonomen Antifa [w] kommen aus Wien, um \u00fcber die aktuelle Lage zu erz\u00e4hlen.<\/p>\n<p><em>Samstag 15:00<\/em><br \/>\n<strong>WEF: Zwischen Korporatismus und Autoritarismus<\/strong><\/p>\n<p>Mit einem rasanten Tempo driftet das gesamte b\u00fcrgerliche Spektrum insgesamt nach rechts ab und freundet sich wieder mit autorit\u00e4ren Herrschaftsoptionen an. So sind heute in Europa, der T\u00fcrkei, der Ukraine, den USA und Brasilien und anderen L\u00e4ndern reaktion\u00e4re bis offen faschistische Bewegungen Teil der Regierungen. Die WEF-StrategInnen stehen heute also vor der Herausforderung, das neoliberale Projekt im \u00dcbergang vom korporatistisch-demokratischen Regime in neue autorit\u00e4re Herrschaftsformen zu retten und gleichzeitig die Gefahr von innerimperialistischen Konflikten und von Aufst\u00e4nden der unterdr\u00fcckten Klassen zu d\u00e4mmen. Auch wir werden an einer Veranstaltung in unserem Polit-Wochenende analysieren, zu welchen Schl\u00fcssen die WEF-StrategInnen dabei kommen und erhoffen uns damit auch Aufschluss dar\u00fcber, welche Krisenoptionen die herrschenden Klassen momentan diskutieren und mit welchen Angriffen wir in Zukunft rechnen m\u00fcssen.<\/p>\n<p><em>Samstag 17:00<\/em><br \/>\n<strong>Die Militarisierung in Brasilien<\/strong><\/p>\n<p>Mit Jair Bolsonaro hat Brasilien einen Faschisten zum Pr\u00e4sidenten gew\u00e4hlt, der offen die Milit\u00e4rdiktatur verherrlicht und die Repressionsorgane massiv aufr\u00fcsten will. Doch auch schon zuvor schritt die Aufr\u00fcstung in Brasilien schnell voran und wurde zu einem Hauptabnehmer f\u00fcr Schweizer R\u00fcstungsg\u00fcter.<br \/>\nPeter, Journalist der jungen Welt, erz\u00e4hlt aus seinem Expertenwissen.<\/p>\n<p><em>Samstag 20:30<\/em><br \/>\n<strong>Film \u201eAccidental Anarchist\u201c (EN)<\/strong><\/p>\n<p>Carne Ross was a government highflyer. A career diplomat who believed Western Democracy could save us all. But working inside the system he came to see its failures, deceits and ulterior motives. He felt at first hand the corruption of power. After the Iraq war Carne became disillusioned, quit his job and started searching for answers. This film traces his journey across the globe as he tries to find an answer to the question so many people today are asking themselves \u2013 isn\u2019t there a better way? For Carne there is. Anarchism offers a solution to the brutalities of Capitalism and the dishonesties of Democracy. It offers a world where people have control over their own lives. From the protesters of Occupy Wall Street, to an anarchist collective in Spain, to Noam Chomsky, the grand old man of anarchism himself, Carne finds people who are putting the theory into practice. His journey eventually takes him to one of the most dangerous places on earth \u2013 Syria, eight kilometers from the front line with Isis, where a remarkable anarchist state has risen phoenix like from the flames. A powerful film about one man\u2019s epic journey from government insider to anarchist.<\/p>\n<p><em>Sonntag 14:00<\/em><br \/>\n<strong>Frauenstreik 2019 in Bern<\/strong><\/p>\n<p>F\u00fcr den 14. Juni 2019 wird ein schweizweiter Frauenstreik geplant. Dazu hat sich auch in Bern eine Koordinationsgruppe gebildet. In der Koordinationsgruppe sind Frauen, die sich gerne mit m\u00f6glichst vielen anderen Frauen in der Stadt Bern und im Kanton Bern f\u00fcr den Frauenstreik am 14. Juni 2019 organisieren m\u00f6chten. Einzelpersonen dieser Gruppe werden das Projekt bei uns vorstellen und Fragen von Interessierten beantworten.<\/p>\n<p><em>Samstag durchgehend:<br \/>\n<\/em>Infotisch<br \/>\nFoodtruck<\/p>\n<p><em><br \/>\nSonntag durchgehend:<\/em><br \/>\nTransparente malen<br \/>\nKaffee und Kuchen<\/p>\n<p>Quelle: <a href=\"https:\/\/revolution\u00e4r.ch\/?p=4015\">https:\/\/revolution\u00e4r.ch\/?p=4015<\/a><\/p>\n<p><strong>\u00a0<\/strong><\/p>\n","protected":false},"excerpt":{"rendered":"<p>Mit dem World Economic Forum finden sich j\u00e4hrlich die Herrschenden zu einem Gipfeltreffen im Schweizer Hinterland in Davos zusammen. Im Rahmen der Anti-WEF-Kampagne organisieren wir \u2013 nach Vorbild der Genoss*Innen aus Z\u00fcrich \u2013 das Veranstaltungswochenende \u201eWinterquartier\u201c auch in Bern. Am Wochenende vom 4.-6. Januar laden wir zu verschiedenen Vortr\u00e4gen und Workshops im Tojo und im Kino der Reitschule Bern ein. <a href=\"https:\/\/www.lagota.ch\/?p=3120\">Continue reading <span class=\"meta-nav\">&rarr;<\/span><\/a><\/p>\n","protected":false},"author":1,"featured_media":0,"comment_status":"closed","ping_status":"open","sticky":false,"template":"","format":"standard","meta":{"footnotes":""},"categories":[16,18,19,108],"tags":[102,453,1153],"class_list":["post-3120","post","type-post","status-publish","format-standard","hentry","category-schweiz","category-squat-the-world","category-wef","category-wirtschaftskrise","tag-bern","tag-davos","tag-wef"],"_links":{"self":[{"href":"https:\/\/www.lagota.ch\/index.php?rest_route=\/wp\/v2\/posts\/3120","targetHints":{"allow":["GET"]}}],"collection":[{"href":"https:\/\/www.lagota.ch\/index.php?rest_route=\/wp\/v2\/posts"}],"about":[{"href":"https:\/\/www.lagota.ch\/index.php?rest_route=\/wp\/v2\/types\/post"}],"author":[{"embeddable":true,"href":"https:\/\/www.lagota.ch\/index.php?rest_route=\/wp\/v2\/users\/1"}],"replies":[{"embeddable":true,"href":"https:\/\/www.lagota.ch\/index.php?rest_route=%2Fwp%2Fv2%2Fcomments&post=3120"}],"version-history":[{"count":1,"href":"https:\/\/www.lagota.ch\/index.php?rest_route=\/wp\/v2\/posts\/3120\/revisions"}],"predecessor-version":[{"id":3121,"href":"https:\/\/www.lagota.ch\/index.php?rest_route=\/wp\/v2\/posts\/3120\/revisions\/3121"}],"wp:attachment":[{"href":"https:\/\/www.lagota.ch\/index.php?rest_route=%2Fwp%2Fv2%2Fmedia&parent=3120"}],"wp:term":[{"taxonomy":"category","embeddable":true,"href":"https:\/\/www.lagota.ch\/index.php?rest_route=%2Fwp%2Fv2%2Fcategories&post=3120"},{"taxonomy":"post_tag","embeddable":true,"href":"https:\/\/www.lagota.ch\/index.php?rest_route=%2Fwp%2Fv2%2Ftags&post=3120"}],"curies":[{"name":"wp","href":"https:\/\/api.w.org\/{rel}","templated":true}]}}