{"id":3130,"date":"2019-01-14T12:05:36","date_gmt":"2019-01-14T11:05:36","guid":{"rendered":"http:\/\/www.lagota.ch\/?p=3130"},"modified":"2019-01-14T12:05:36","modified_gmt":"2019-01-14T11:05:36","slug":"eine-andere-stadt-ist-moglich-demo-in-luzern","status":"publish","type":"post","link":"https:\/\/www.lagota.ch\/?p=3130","title":{"rendered":"Eine andere Stadt ist m\u00f6glich &#8211; Demo in Luzern"},"content":{"rendered":"<div class=\"crayon article-chapo-1792 chapo\">\n<p><strong>Am Samstag 12. Januar 2019 demonstrierten an die 100 Menschen zusammen f\u00fcr den Erhalt des Eichw\u00e4ldlis und f\u00fcr eine andere, solidarische Stadt. Auch wenn die Familie Eichw\u00e4ldli vorerst in der alten Soldatenstube bleiben kann ist es nie der falsche Zeitpunkt gegen Profitmaximierung und Verdr\u00e4ngungsprozesse auf die Strasse zu gehen.<\/strong><\/p>\n<\/div>\n<div class=\"surlignable\">\n<div class=\"crayon article-texte-1792 texte-principal text\">\n<h3 class=\"spip\">Communique zur Demo:<\/h3>\n<p><strong class=\"caractencadre-spip spip\">Eichw\u00e4ldli bleibt!<br class=\"autobr\" \/> F\u00fcr lebendige und solidarische Quartiere<\/strong><\/p>\n<p><a href=\"https:\/\/www.lagota.ch\/wp-content\/uploads\/eineanderestadt.jpg\"><img loading=\"lazy\" decoding=\"async\" class=\"alignnone size-medium wp-image-3131\" src=\"https:\/\/www.lagota.ch\/wp-content\/uploads\/eineanderestadt-300x168.jpg\" alt=\"eineanderestadt\" width=\"300\" height=\"168\" srcset=\"https:\/\/www.lagota.ch\/wp-content\/uploads\/eineanderestadt-300x168.jpg 300w, https:\/\/www.lagota.ch\/wp-content\/uploads\/eineanderestadt.jpg 710w\" sizes=\"auto, (max-width: 300px) 100vw, 300px\" \/><\/a><\/p>\n<p>Eichw\u00e4ldli bedeutet einander begegnen, gemeinsam essen, tanzen, diskutieren, ein Leben erproben, das auf Freiheit, Freude und Respekt basiert. Es ist ein offener Ort der Begegnung und des Austausches. Ein Ort, an dem Menschen gemeinsam Ideen verwirklichen. Das Haus am Murmattweg 2 hat sich seit letztem Sommer zu einem wichtigen Treffpunkt f\u00fcrs Quartier und die Stadt entwickelt.<\/p>\n<p>Die letzten Wochen waren turbulent. Es war nicht sicher, ob eine langfristige L\u00f6sung f\u00fcr die weitere Nutzung des Hauses \u00fcberhaupt denkbar ist. Das Geb\u00e4ude geh\u00f6rt der Stadt Luzern, es ist schon alt und hat sich \u00fcber die Jahre etwas verzogen. Es steht etwas schief im Wind und muss an manchen Ecken gest\u00fctzt werden. Darum wollten die st\u00e4dtischen Beh\u00f6rden auch den Mietvertrag nicht verl\u00e4ngern. Wir aber waren uns sicher, dass das N\u00f6tige geflickt werden kann, damit das Haus noch lange Dach \u00fcber den K\u00f6pfen unserer Visionen und Ideen sein kann. Wir haben uns geweigert, einfach so auszuziehen, ohne dass diese Anliegen ernsthaft Geh\u00f6r erhielten. Mit viel Unterst\u00fctzung von unseren Freund*innen und Nachbar*innen und dem Mut, den wir gemeinsam aufbringen konnten, haben wir erreichen k\u00f6nnen, dass statt einem leerstehenden Haus nun ein tempor\u00e4rer Mietvertrag steht, sowie die Aussicht, das ganze Eichw\u00e4ldli samt Stube f\u00fcr lange weitere Zeit zu beleben!<\/p>\n<p>Heute erheben wir unsere Stimmen, f\u00fcr eine lebendige Stadt. Wir wollen in einer Nachbar*innenschaft leben, die sich kennt und unterst\u00fctzt. Dies in einer Stadt, in der diverse Lebensformen nebeneinander Platz haben und sich die Menschen mit Respekt und Offenheit begegnen.<\/p>\n<p>Die fortschreitende Gentrifizierung der st\u00e4dtischen Quartiere aber f\u00fchrt die Entwicklung in eine andere Richtung. Das Wohnen und somit das Leben ist immer abh\u00e4ngiger von Profitgier, Bodenspekulation und Verdr\u00e4ngungsprozessen. Die dadurch h\u00f6her werdenden Mietpreise f\u00fchren zu unn\u00f6tigen wirtschaftlichen Zw\u00e4ngen, die uns in allen Lebensbereichen beeinflussen.<\/p>\n<p>Wir glauben, dass eine andere Stadt m\u00f6glich ist. Wir wollen zusammen daf\u00fcr k\u00e4mpfen.<br class=\"autobr\" \/> Wir wollen Solidarit\u00e4t leben und uns gemeinsam organisieren. Deswegen setzen wir uns f\u00fcr das Eichw\u00e4ldli als selbstbestimmten Ort des Austausches und der Diskussion ein. Im Kleinen k\u00e4mpfen hier Menschen f\u00fcr eine Ver\u00e4nderung im Grossen.<\/p>\n<p><strong>WIR BLEIBEN!<br class=\"autobr\" \/> F\u00fcr Lebensideen ausserhalb kapitalistischer Zw\u00e4nge.<br class=\"autobr\" \/> F\u00fcr ein solidarisches Miteinander.\u2028<br class=\"autobr\" \/> F\u00fcr lebendige Nachbar*innenschaften.<br class=\"autobr\" \/> F\u00fcr eine Stadt, in der wir auch in vielen Jahren noch leben wollen.\u2028<br class=\"autobr\" \/> F\u00fcr das Eichw\u00e4ldli!<\/strong><\/p>\n<\/div>\n<\/div>\n","protected":false},"excerpt":{"rendered":"<p>Am Samstag 12. Januar 2019 demonstrierten an die 100 Menschen zusammen f\u00fcr den Erhalt des Eichw\u00e4ldlis und f\u00fcr eine andere, solidarische Stadt. Auch wenn die Familie Eichw\u00e4ldli vorerst in der alten Soldatenstube bleiben kann ist es nie der falsche Zeitpunkt gegen Profitmaximierung und Verdr\u00e4ngungsprozesse auf die Strasse zu gehen. <a href=\"https:\/\/www.lagota.ch\/?p=3130\">Continue reading <span class=\"meta-nav\">&rarr;<\/span><\/a><\/p>\n","protected":false},"author":1,"featured_media":0,"comment_status":"closed","ping_status":"open","sticky":false,"template":"","format":"standard","meta":{"footnotes":""},"categories":[274,11,18],"tags":[1115,1148,1118,1119,92],"class_list":["post-3130","post","type-post","status-publish","format-standard","hentry","category-gentrifizierung","category-luzern","category-squat-the-world","tag-eichwaldli","tag-luzern","tag-mumattweg-2","tag-quartiertreff","tag-squat"],"_links":{"self":[{"href":"https:\/\/www.lagota.ch\/index.php?rest_route=\/wp\/v2\/posts\/3130","targetHints":{"allow":["GET"]}}],"collection":[{"href":"https:\/\/www.lagota.ch\/index.php?rest_route=\/wp\/v2\/posts"}],"about":[{"href":"https:\/\/www.lagota.ch\/index.php?rest_route=\/wp\/v2\/types\/post"}],"author":[{"embeddable":true,"href":"https:\/\/www.lagota.ch\/index.php?rest_route=\/wp\/v2\/users\/1"}],"replies":[{"embeddable":true,"href":"https:\/\/www.lagota.ch\/index.php?rest_route=%2Fwp%2Fv2%2Fcomments&post=3130"}],"version-history":[{"count":1,"href":"https:\/\/www.lagota.ch\/index.php?rest_route=\/wp\/v2\/posts\/3130\/revisions"}],"predecessor-version":[{"id":3132,"href":"https:\/\/www.lagota.ch\/index.php?rest_route=\/wp\/v2\/posts\/3130\/revisions\/3132"}],"wp:attachment":[{"href":"https:\/\/www.lagota.ch\/index.php?rest_route=%2Fwp%2Fv2%2Fmedia&parent=3130"}],"wp:term":[{"taxonomy":"category","embeddable":true,"href":"https:\/\/www.lagota.ch\/index.php?rest_route=%2Fwp%2Fv2%2Fcategories&post=3130"},{"taxonomy":"post_tag","embeddable":true,"href":"https:\/\/www.lagota.ch\/index.php?rest_route=%2Fwp%2Fv2%2Ftags&post=3130"}],"curies":[{"name":"wp","href":"https:\/\/api.w.org\/{rel}","templated":true}]}}