{"id":3134,"date":"2019-01-16T11:04:31","date_gmt":"2019-01-16T10:04:31","guid":{"rendered":"http:\/\/www.lagota.ch\/?p=3134"},"modified":"2019-01-16T11:04:31","modified_gmt":"2019-01-16T10:04:31","slug":"anti-wef-demo-in-bern","status":"publish","type":"post","link":"https:\/\/www.lagota.ch\/?p=3134","title":{"rendered":"Anti-WEF Demo in Bern"},"content":{"rendered":"<p><strong>\u201cEine globale Architektur schaffen, in Anbetracht der 4. Industriellen Revolution.\u201d Unter diesem Motto treffen sich einmal mehr die sogenannten F\u00fchrer*innen aus Politik und Wirtschaft in Davos, um die Probleme der Welt anzugehen. Doch wissen wir, dass sie das nicht k\u00f6nnen, denn ihr hoch aufgebautes Kartenhaus st\u00fcrtzt langsam in sich selbst ein. Und so scheint auch das Weltretter*innen Bild des Forums langsam zu zerbr\u00f6ckeln.<\/strong><\/p>\n<p><a href=\"https:\/\/www.lagota.ch\/wp-content\/uploads\/nowef2019.png\"><img loading=\"lazy\" decoding=\"async\" class=\"alignnone size-medium wp-image-3135\" src=\"https:\/\/www.lagota.ch\/wp-content\/uploads\/nowef2019-211x300.png\" alt=\"nowef2019\" width=\"211\" height=\"300\" srcset=\"https:\/\/www.lagota.ch\/wp-content\/uploads\/nowef2019-211x300.png 211w, https:\/\/www.lagota.ch\/wp-content\/uploads\/nowef2019-723x1024.png 723w, https:\/\/www.lagota.ch\/wp-content\/uploads\/nowef2019.png 986w\" sizes=\"auto, (max-width: 211px) 100vw, 211px\" \/><\/a><\/p>\n<p>\u00dcber strukturelle Ver\u00e4nderungen in Bezug auf technischen Fortschritt, \u00fcber Cybersicherheit, \u00fcber Humankapital und ja sogar \u00fcber Umweltschutz soll diskutiert werden. Das Verst\u00e4rken der internationalen Beziehungen und die Zusammenarbeit soll Grundlage genug sein, all das zu realisieren. Und wenn die Damen und Herren am WEF schon dabei sind, wollen sie auch noch \u00fcber Frieden und Vers\u00f6hnung sprechen, denn auch das soll die St\u00e4rkung der internationalen Beziehungen m\u00f6glich machen. Mit wem genau man da diskutiert scheint nebens\u00e4chlich. Denn die geladenen und teilnehmenden Personen repr\u00e4sentieren die Staaten die Krieg treiben, die globalen Probleme erst schaffen und die Firmen die davon profitieren.<\/p>\n<p>Weltweit erstarken autorit\u00e4re, konservative und faschistische Parteien. Sie ziehen in Parlamente ein und bilden Regierungen. In Italien gewannen die 5 Sterne Bewegung zusammen mit der faschistischen Lega Nord die Wahlen und stellen nun die Regierung. In \u00d6sterreich regiert die FP\u00d6, die aus einem Zusammenschluss von Nationalsozialist*innen nach dem 2. Weltkrieg gegr\u00fcndet wurde, gemeinsam mit der \u00d6VP. Diese forderten am EU Gipfel in Salzburg die Grenzschutzagentur Frontex von 1\u2019600 auf 10\u2019000 Personen aufzustocken. Sowohl in Polen als auch in Ungarn stellen nationalkonservative Parteien zusammen mit Rechtspopulist*innen die Mehrheit in den Parlamenten, was sich extrem auf die Lage von Minderheiten in diesen L\u00e4ndern auswirkt. In der T\u00fcrkei treibt das Milit\u00e4r unter der F\u00fchrung des Pr\u00e4sidenten Erdogan einen f\u00fcrchterlichen Krieg gegen die kurdische Bev\u00f6lkerung und linke Opposition und ist sich dabei nicht zu schade mit Terroristen des IS zusammenzuarbeiten. In den USA ist nach wie vor Donald Trump an der Macht und auch in Brasilien regiert nun ein Mann der \u00f6ffentlich Frauen, Homosexuelle und andere Minderheiten diskriminiert. Auf den Philippinen ist zur Zeit Duterte an der Macht, der \u00f6ffentlich zu Mord an Drogens\u00fcchtigen und Kriminellen aufruft. Die Liste faschistischer und rechter Politiker und Parteien im Aufschwung ist traurigerweise noch l\u00e4nger. Doch aus all diesen L\u00e4ndern werden Regierungschefs, Aussenminister oder Abgeordnete an dem Forum in Davos teilnehmen. Und sie werden das WEF nicht als eine M\u00f6glichkeit zur Diskussion \u00fcber Frieden und Vers\u00f6hnung sehen, sondern werden die Gelegenheit nutzen, um ihre eigenen Interessen durchzusetzten.<\/p>\n<p>Es sind aber weit mehr als nur die Regierungen die am Forum in Davos teilnehmen werden. Aus aller Welt str\u00f6men Vertreter riesiger Konzerne ans WEF. Unter ihnen sind Vertreter*innen von Grossbanken wie UBS, Credit Suisse oder HSBC, alles Banken die sich an umstrittenen Projekten wie der Dakota Access Pipeline beteiligen oder in die R\u00fcstungsindustrie investieren. Auch andere WEF Partner wie die ABB f\u00f6rdern die Produktion von Waffen und Kriegstechnologie. Sie alle verbindet das Gesch\u00e4ft am Krieg. Dabei spielt es keine Rolle, an wen man die Waffen verkauft oder was damit gemacht wird. Hauptsache die Konflikte halten an und die Lieferungen nehmen zu. Auf das Leiden der lokalen Bev\u00f6lkerung in den Kriegsregionen wird dabei keine R\u00fccksicht genommen. Ebenfalls werden Vertreter*innen von BlackRock, Nestl\u00e9, Glencore und Monsanto nach Davos reisen, Firmen die massgeblich an Verarmung oder Landgrabbing in Drittweltstaaten verantwortlich sind und durch Monopole und Abzockungsvertr\u00e4ge tausenden Bauern die Lebensgrundlage entziehen.<\/p>\n<p>Der unendlichen Gier nach Profit und Macht, die sich am Forum in Davos trifft, sind kaum Grenzen gesetzt. Ob national, autorit\u00e4r oder wirtschaftsliberal spielt hier \u00fcberhaupt keine Rolle. Den Herrschenden in Davos geht es darum, ihr Kapital zu steigern. Doch dies wird ihnen nicht ewig gelingen. \u00dcberall auf der Welt regt sich starker Widerstand gegen diese Politik. Sei das bei den G20 Gipfeln in Hamburg oder Buenos Aires, in Brasilien bei Protesten gegen den neuen Pr\u00e4sidenten, in Frankreich bei den Aufst\u00e4nden der Gelbwesten oder in Rojava wo die Revolution und eine solidarische Gemeinschaft aktiv gelebt wird. Der Kapitalismus zeigt immer wieder Zerfallserscheinungen. In der Schweiz findet er aber weiterhin in Davos ein ruhiges Hinterland um sich zu st\u00e4rken.<\/p>\n<p>Lassen wir das nicht mehr l\u00e4nger tatenlos geschehen! Nehmen wir uns die Strasse um unseren Protest laut kundzutun! Lassen wir die Herrschenden unsere Wut f\u00fchlen! Kein ruhiges Hinterland f\u00fcr Nazis und Kapitalist*innen! Bringen wir das Kartenhaus zum einst\u00fcrzen! End Wef, End Capitalism! F\u00fcr die soziale Revolution!<\/p>\n<p>Quelle: <a href=\"https:\/\/revolution\u00e4r.ch\/wordpress\/\">https:\/\/revolution\u00e4r.ch\/wordpress\/<\/a><\/p>\n","protected":false},"excerpt":{"rendered":"<p>\u201cEine globale Architektur schaffen, in Anbetracht der 4. Industriellen Revolution.\u201d Unter diesem Motto treffen sich einmal mehr die sogenannten F\u00fchrer*innen aus Politik und Wirtschaft in Davos, um die Probleme der Welt anzugehen. Doch wissen wir, dass sie das nicht k\u00f6nnen, denn ihr hoch aufgebautes Kartenhaus st\u00fcrtzt langsam in sich selbst ein. Und so scheint auch das Weltretter*innen Bild des Forums langsam zu zerbr\u00f6ckeln.  <a href=\"https:\/\/www.lagota.ch\/?p=3134\">Continue reading <span class=\"meta-nav\">&rarr;<\/span><\/a><\/p>\n","protected":false},"author":1,"featured_media":0,"comment_status":"closed","ping_status":"open","sticky":false,"template":"","format":"standard","meta":{"footnotes":""},"categories":[14,16,4,19,108],"tags":[102,453,1121,1120,1153],"class_list":["post-3134","post","type-post","status-publish","format-standard","hentry","category-arbeitskampf","category-schweiz","category-veranstaltung","category-wef","category-wirtschaftskrise","tag-bern","tag-davos","tag-forum","tag-kpitalismus","tag-wef"],"_links":{"self":[{"href":"https:\/\/www.lagota.ch\/index.php?rest_route=\/wp\/v2\/posts\/3134","targetHints":{"allow":["GET"]}}],"collection":[{"href":"https:\/\/www.lagota.ch\/index.php?rest_route=\/wp\/v2\/posts"}],"about":[{"href":"https:\/\/www.lagota.ch\/index.php?rest_route=\/wp\/v2\/types\/post"}],"author":[{"embeddable":true,"href":"https:\/\/www.lagota.ch\/index.php?rest_route=\/wp\/v2\/users\/1"}],"replies":[{"embeddable":true,"href":"https:\/\/www.lagota.ch\/index.php?rest_route=%2Fwp%2Fv2%2Fcomments&post=3134"}],"version-history":[{"count":1,"href":"https:\/\/www.lagota.ch\/index.php?rest_route=\/wp\/v2\/posts\/3134\/revisions"}],"predecessor-version":[{"id":3136,"href":"https:\/\/www.lagota.ch\/index.php?rest_route=\/wp\/v2\/posts\/3134\/revisions\/3136"}],"wp:attachment":[{"href":"https:\/\/www.lagota.ch\/index.php?rest_route=%2Fwp%2Fv2%2Fmedia&parent=3134"}],"wp:term":[{"taxonomy":"category","embeddable":true,"href":"https:\/\/www.lagota.ch\/index.php?rest_route=%2Fwp%2Fv2%2Fcategories&post=3134"},{"taxonomy":"post_tag","embeddable":true,"href":"https:\/\/www.lagota.ch\/index.php?rest_route=%2Fwp%2Fv2%2Ftags&post=3134"}],"curies":[{"name":"wp","href":"https:\/\/api.w.org\/{rel}","templated":true}]}}