{"id":3137,"date":"2019-01-22T11:56:00","date_gmt":"2019-01-22T10:56:00","guid":{"rendered":"http:\/\/www.lagota.ch\/?p=3137"},"modified":"2019-01-22T11:56:00","modified_gmt":"2019-01-22T10:56:00","slug":"communique-nowef-demo","status":"publish","type":"post","link":"https:\/\/www.lagota.ch\/?p=3137","title":{"rendered":"Communique NoWEF Demo"},"content":{"rendered":"<p><strong>Heute Samstag nahmen wir uns mit einer k\u00e4mpferischen Demonstration die Strasse!<\/strong><br \/>\n<strong>Rund 1300 Menschen beteiligten sich in Bern lautstark am Protest gegen das Weltwirtschaftsforum WEF.<\/strong><\/p>\n<p><a href=\"https:\/\/www.lagota.ch\/wp-content\/uploads\/nowefbern.jpg\"><img loading=\"lazy\" decoding=\"async\" class=\"alignnone size-medium wp-image-3138\" src=\"https:\/\/www.lagota.ch\/wp-content\/uploads\/nowefbern-300x200.jpg\" alt=\"nowefbern\" width=\"300\" height=\"200\" srcset=\"https:\/\/www.lagota.ch\/wp-content\/uploads\/nowefbern-300x200.jpg 300w, https:\/\/www.lagota.ch\/wp-content\/uploads\/nowefbern.jpg 1024w\" sizes=\"auto, (max-width: 300px) 100vw, 300px\" \/><\/a><br \/>\nIn verschiedenen Redebeitr\u00e4gen wurden das WEF und seine Teilnehmenden, die Bewegung der Gelbwesten sowie die drohenden Angriffe der T\u00fcrkei auf Rojava thematisiert. Auch spielten wir eine Audiobotschaft eines anarchistischen Internationalisten, der in Rojava k\u00e4mpft, ab.<\/p>\n<p>Im Bollwerk wurden verschiedene Aktionen durchgef\u00fchrt.<br \/>\nEinerseits bauten wir ein Kartenhaus aus Holzbrettern zusammen, welches die WEF Partner und teilnehmende Staaten darstellten. Dieses Kartenhaus liessen wir symbolisch in Flammen aufgehen.<\/p>\n<p>Andererseits wurde der kurze Stopp genutzt, um ein Bild zu spr\u00fchen.<\/p>\n<p>Erg\u00e4nzend wurde auch dieses Jahr einem Staatsoberhaupt ein Transparent gewidmet. Gegen Bolsonaros homophobe, sexistische und rassistische Politik, wie auch seine diktatorischen Militarisierungstr\u00e4ume braucht es klare Mittel. F\u00fcr eine Renaissance des Tyrannenmords!*<\/p>\n<p>Immer st\u00e4rker versucht das WEF, sich als Treffen von Weltretter*innen zu vermarkten.<\/p>\n<p>Doch die Teilnehmenden Staaten, Banken und Konzerne sind genau jene, die Probleme wie Armut, Krieg und Umweltzerst\u00f6rung verursachen und davon profitieren. Das Saubermannimage des WEF ist pure Heuchelei.<\/p>\n<p>Mit Bolsonaro und Co kommen auch dieses Jahr autorit\u00e4re PolitikerInnen nach Davos, die den Nationalismus sch\u00fcren, die Opposition, Migrant*innen und andere Minderheiten unterdr\u00fccken.<\/p>\n<p>Firmen wie die Ko\u00e7 Holding, die Gewinne durch die Herstellung von Kampfpanzern f\u00fcr das Erdogan-Regime erzielen oder Nestl\u00e9, die mit der Privatisierung von Wasserquellen zehntausende Menschen ins Elend st\u00fcrzen lassen, werden wohl kaum in Davos sein, um die Welt zu verbessern. Diese Firmen haben am WEF ein einziges Interesse: Die Profite zu steigern.<\/p>\n<p>Der unendlichen Gier nach Profit und Macht, die sich am Forum in Davos trifft, sind kaum Grenzen gesetzt. Ob national, autorit\u00e4r oder wirtschaftsliberal spielt hier \u00fcberhaupt keine Rolle. Den Herrschenden in Davos geht es darum, ihr Kapital zu steigern. Doch dies wird ihnen nicht ewig gelingen. \u00dcberall auf der Welt regt sich starker Widerstand gegen diese Politik. Sei das bei den G20 Gipfeln in Hamburg oder Buenos Aires, in Brasilien bei Protesten gegen den neuen Pr\u00e4sidenten, in Frankreich bei den Aufst\u00e4nden der Gelbwesten oder in Rojava wo die Revolution und eine solidarische Gemeinschaft aktiv gelebt wird. Der Kapitalismus zeigt immer wieder Zerfallserscheinungen. In der Schweiz findet er aber weiterhin in Davos ein ruhiges Hinterland um sich zu st\u00e4rken.<\/p>\n<p>Lassen wir das nicht mehr l\u00e4nger tatenlos geschehen! Nehmen wir uns die Strasse um unseren Protest laut kundzutun! Lassen wir die Herrschenden unsere Wut f\u00fchlen! Kein ruhiges Hinterland f\u00fcr Nazis und Kapitalist*innen! Bringen wir das Kartenhaus zum einst\u00fcrzen! End Wef, End Capitalism! F\u00fcr die soziale Revolution!<\/p>\n","protected":false},"excerpt":{"rendered":"<p>Heute Samstag nahmen wir uns mit einer k\u00e4mpferischen Demonstration die Strasse!<br \/>\nRund 1300 Menschen beteiligten sich in Bern lautstark am Protest gegen das Weltwirtschaftsforum WEF. <a href=\"https:\/\/www.lagota.ch\/?p=3137\">Continue reading <span class=\"meta-nav\">&rarr;<\/span><\/a><\/p>\n","protected":false},"author":1,"featured_media":0,"comment_status":"closed","ping_status":"open","sticky":false,"template":"","format":"standard","meta":{"footnotes":""},"categories":[16,19,108],"tags":[102,453,1033],"class_list":["post-3137","post","type-post","status-publish","format-standard","hentry","category-schweiz","category-wef","category-wirtschaftskrise","tag-bern","tag-davos","tag-nowef"],"_links":{"self":[{"href":"https:\/\/www.lagota.ch\/index.php?rest_route=\/wp\/v2\/posts\/3137","targetHints":{"allow":["GET"]}}],"collection":[{"href":"https:\/\/www.lagota.ch\/index.php?rest_route=\/wp\/v2\/posts"}],"about":[{"href":"https:\/\/www.lagota.ch\/index.php?rest_route=\/wp\/v2\/types\/post"}],"author":[{"embeddable":true,"href":"https:\/\/www.lagota.ch\/index.php?rest_route=\/wp\/v2\/users\/1"}],"replies":[{"embeddable":true,"href":"https:\/\/www.lagota.ch\/index.php?rest_route=%2Fwp%2Fv2%2Fcomments&post=3137"}],"version-history":[{"count":1,"href":"https:\/\/www.lagota.ch\/index.php?rest_route=\/wp\/v2\/posts\/3137\/revisions"}],"predecessor-version":[{"id":3139,"href":"https:\/\/www.lagota.ch\/index.php?rest_route=\/wp\/v2\/posts\/3137\/revisions\/3139"}],"wp:attachment":[{"href":"https:\/\/www.lagota.ch\/index.php?rest_route=%2Fwp%2Fv2%2Fmedia&parent=3137"}],"wp:term":[{"taxonomy":"category","embeddable":true,"href":"https:\/\/www.lagota.ch\/index.php?rest_route=%2Fwp%2Fv2%2Fcategories&post=3137"},{"taxonomy":"post_tag","embeddable":true,"href":"https:\/\/www.lagota.ch\/index.php?rest_route=%2Fwp%2Fv2%2Ftags&post=3137"}],"curies":[{"name":"wp","href":"https:\/\/api.w.org\/{rel}","templated":true}]}}