{"id":3147,"date":"2019-02-01T10:05:44","date_gmt":"2019-02-01T09:05:44","guid":{"rendered":"http:\/\/www.lagota.ch\/?p=3147"},"modified":"2019-02-01T10:06:10","modified_gmt":"2019-02-01T09:06:10","slug":"klimademo-fur-eine-antikapitalistische-umweltbewegung","status":"publish","type":"post","link":"https:\/\/www.lagota.ch\/?p=3147","title":{"rendered":"Klimademo: F\u00fcr eine antikapitalistische Umweltbewegung!"},"content":{"rendered":"<div class=\"surlignable\">\n<div class=\"crayon article-texte-1844 texte-principal text\">\n<p><strong>Inseln die im Meer verschwinden, immer mehr D\u00fcrren, Starkregen, Wirbelst\u00fcrme und Millionen von Menschen auf der Flucht vor den Auswirkungen des Klimawandels. Da wir lange genug den Politiker*innen und ihrem sogenannten \u201eKlimaschutz\u201c zugeh\u00f6rt haben, nehmen wir die Sache nun selbst in die Hand.<\/strong><\/p>\n<p><a href=\"https:\/\/www.lagota.ch\/wp-content\/uploads\/klimademo.jpg\"><img loading=\"lazy\" decoding=\"async\" class=\"alignnone size-medium wp-image-3149\" src=\"https:\/\/www.lagota.ch\/wp-content\/uploads\/klimademo-300x168.jpg\" alt=\"klimademo\" width=\"300\" height=\"168\" srcset=\"https:\/\/www.lagota.ch\/wp-content\/uploads\/klimademo-300x168.jpg 300w, https:\/\/www.lagota.ch\/wp-content\/uploads\/klimademo.jpg 710w\" sizes=\"auto, (max-width: 300px) 100vw, 300px\" \/><\/a><\/p>\n<p>Auch die Schweiz ist an der Zerst\u00f6rung unserer Erde beteiligt. Seien es Konzerne wie Syngenta, Glencore, Nestle, Monsanto oder die grossen Banken wie die UBS oder die Credit Suisse, die in solche Raubtierfirmen investieren. Kapitalismus und Umweltschutz ist ein Widerspruch in sich. Wir m\u00fcssen uns nun entscheiden, welchen Weg wir gehen wollen!<\/p>\n<p>Es erstaunt uns nicht, dass die politischen Parteien \u2013 von den sozialdemokratischen bis zu den konservativsten \u2013 keine L\u00f6sungen haben. Sie sind Teil des Problems. Die etablierte Politik orientiert sich an den Interessen der Wirtschaft, welche wiederum nach den Interessen der Konzerne und der Reichsten organisiert ist. Das heisst:<\/p>\n<p>\u2022 Wir k\u00f6nnen nur etwas \u00e4ndern, wenn wir diese Bewegung konsequent von unten aufbauen und jedem Versuch der Vereinnahmung entgegentreten. <br class=\"autobr\" \/> \u2022 Wir k\u00f6nnen nur etwas \u00e4ndern, wenn wir die Dynamik aufrechterhalten, und nach weiteren Formen der Intervention suchen (Blockaden, Transpiaktionen, Ausweitung der Komitees). <br class=\"autobr\" \/> \u2022 Wir k\u00f6nnen nur etwas \u00e4ndern, wenn wir den Klimawandel mit der Perspektive einer \u00dcberwindung des Kapitalismus verbinden.<\/p>\n<p>Lasst uns zusammen weiterk\u00e4mpfen. F\u00fcr eine Welt frei von Unterdr\u00fcckung und Zerst\u00f6rung!<\/p>\n<p>F\u00fcr eine \u00f6kologische Linke und eine antikapitalistische\u00a0Umweltbewegung!<\/p>\n<p><strong>Samstag 2. Februar:<\/strong><\/p>\n<ul class=\"spip\">\n<li><strong>Basel<\/strong>, Barf\u00fcsserplatz, 15:00<\/li>\n<li><strong>Bellinzona<\/strong>, Corso Elvezia, 15:00<\/li>\n<li><strong>Bern<\/strong>, Waisenhausplatz, 13:00<\/li>\n<li><strong>Biel<\/strong>, Ring Altstadt, 15:00<\/li>\n<li><strong>Del\u00e9mont<\/strong>, Place de la Gare, 14:15<\/li>\n<li><strong>Fribourg<\/strong>, Place Python, 14:00<\/li>\n<li><strong>Gen\u00e8ve<\/strong>, Place des 22 Cantons, 14:00<\/li>\n<li><strong>Lausanne<\/strong>, Place de la Gare, 15:00<\/li>\n<li><strong>Luzern<\/strong>, Pavillon Nationalquai, 14:00<\/li>\n<li><strong>Neuch\u00e2tel<\/strong>, Gare, 14:30<\/li>\n<li><strong>Solothurn<\/strong>, Bahnhofplatz, 15:00<\/li>\n<li><strong>St. Gallen<\/strong>, Gallusplatz, 15:00<\/li>\n<li><strong>Z\u00fcrich<\/strong>, Helvetiaplatz, 14:00<\/li>\n<\/ul>\n<\/div>\n<\/div>\n","protected":false},"excerpt":{"rendered":"<p>Inseln die im Meer verschwinden, immer mehr D\u00fcrren, Starkregen, Wirbelst\u00fcrme und Millionen von Menschen auf der Flucht vor den Auswirkungen des Klimawandels. Da wir lange genug den Politiker*innen und ihrem sogenannten \u201eKlimaschutz\u201c zugeh\u00f6rt haben, nehmen wir die Sache nun selbst in die Hand. <a href=\"https:\/\/www.lagota.ch\/?p=3147\">Continue reading <span class=\"meta-nav\">&rarr;<\/span><\/a><\/p>\n","protected":false},"author":1,"featured_media":0,"comment_status":"closed","ping_status":"open","sticky":false,"template":"","format":"standard","meta":{"footnotes":""},"categories":[21,16,4],"tags":[155,66,1123],"class_list":["post-3147","post","type-post","status-publish","format-standard","hentry","category-okologie","category-schweiz","category-veranstaltung","tag-antikapitalismus","tag-demo","tag-klima"],"_links":{"self":[{"href":"https:\/\/www.lagota.ch\/index.php?rest_route=\/wp\/v2\/posts\/3147","targetHints":{"allow":["GET"]}}],"collection":[{"href":"https:\/\/www.lagota.ch\/index.php?rest_route=\/wp\/v2\/posts"}],"about":[{"href":"https:\/\/www.lagota.ch\/index.php?rest_route=\/wp\/v2\/types\/post"}],"author":[{"embeddable":true,"href":"https:\/\/www.lagota.ch\/index.php?rest_route=\/wp\/v2\/users\/1"}],"replies":[{"embeddable":true,"href":"https:\/\/www.lagota.ch\/index.php?rest_route=%2Fwp%2Fv2%2Fcomments&post=3147"}],"version-history":[{"count":2,"href":"https:\/\/www.lagota.ch\/index.php?rest_route=\/wp\/v2\/posts\/3147\/revisions"}],"predecessor-version":[{"id":3150,"href":"https:\/\/www.lagota.ch\/index.php?rest_route=\/wp\/v2\/posts\/3147\/revisions\/3150"}],"wp:attachment":[{"href":"https:\/\/www.lagota.ch\/index.php?rest_route=%2Fwp%2Fv2%2Fmedia&parent=3147"}],"wp:term":[{"taxonomy":"category","embeddable":true,"href":"https:\/\/www.lagota.ch\/index.php?rest_route=%2Fwp%2Fv2%2Fcategories&post=3147"},{"taxonomy":"post_tag","embeddable":true,"href":"https:\/\/www.lagota.ch\/index.php?rest_route=%2Fwp%2Fv2%2Ftags&post=3147"}],"curies":[{"name":"wp","href":"https:\/\/api.w.org\/{rel}","templated":true}]}}