{"id":3181,"date":"2019-04-09T10:00:17","date_gmt":"2019-04-09T09:00:17","guid":{"rendered":"http:\/\/www.lagota.ch\/?p=3181"},"modified":"2019-04-09T12:22:46","modified_gmt":"2019-04-09T11:22:46","slug":"schwyz-ist-bunt-zusammen-gegen-rassismus","status":"publish","type":"post","link":"https:\/\/www.lagota.ch\/?p=3181","title":{"rendered":"Schwyz ist bunt &#8211; zusammen gegen Rassismus"},"content":{"rendered":"<p><a href=\"https:\/\/www.lagota.ch\/wp-content\/uploads\/schwyzistbunt.jpg\"><img loading=\"lazy\" decoding=\"async\" class=\"alignnone size-medium wp-image-3182\" src=\"https:\/\/www.lagota.ch\/wp-content\/uploads\/schwyzistbunt-212x300.jpg\" alt=\"schwyzistbunt\" width=\"212\" height=\"300\" srcset=\"https:\/\/www.lagota.ch\/wp-content\/uploads\/schwyzistbunt-212x300.jpg 212w, https:\/\/www.lagota.ch\/wp-content\/uploads\/schwyzistbunt.jpg 679w\" sizes=\"auto, (max-width: 212px) 100vw, 212px\" \/><\/a><\/p>\n<p>Liebe Leute von Schwyz und Umgebung<\/p>\n<p>Ihr habt es mitbekommen: Am G\u00fcdelmontag haben sich zw\u00f6lf regional bekannte Rechtsextreme als Ku-Klux-Klan verkleidet. Wir alle wissen: Mit Narrenfreiheit hat das absolut nichts zu tun! W\u00e4hrend ihrem Fackelzug haben die Kapuzentr\u00e4ger Neonazi-Flaggen gezeigt und davor haben sie Hitlergr\u00fcsse gemacht. Das war kein dummer Lausbubenstreich, sondern politisch motivierter Rassismus. Leider hat sich auch in Basel etwas \u00e4hnliches mit einer rassistischen Guggenmusik ereignet. Hier wird Schweizer Kulturgut f\u00fcr rassistische und menschenverachtende Ideologien missbraucht. Deswegen steht nun Schwyz landesweit in den Medien.<\/p>\n<p>Schwyz ist kein Nazi-Nest!<\/p>\n<p>Wir haben mit vielen Leuten gesprochen. Klar ist: Die allermeisten Schwyzerinnen und Schwyzer haben absolut keine Lust auf Rassisten und ihre Hasspropaganda. Unz\u00e4hlige Leute w\u00fcnschen sich, dass jetzt ein Zeichen gesetzt wird. So auch wir!<br \/>\nWir lassen unsere Gegend nicht von ein paar Nazis in den Schmutz ziehen.<\/p>\n<p>Deshalb rufen wir dich auf, um an einer gro\u00dfen und bunten Demo teilzunehmen!<\/p>\n<p>Samstag, 13. April<\/p>\n<p>Um 14 Uhr treffen wir uns am Bahnhof Schwyz, um 14.30 laufen wir los. Eine Bewilligung ist eingereicht. Wir wollen damit zeigen, dass Schwyz kein Nazinest, sondern ein bunter Flecken mit vielen tollen Leuten ist! Es geht uns alle an! Bring also deine Freunde, deine Familie, deine Arbeitskolleginnen und deinen Verein mit. Es gibt viele Arten sich einzubringen \u2013 kommt alle an die Demo am 13. April 2019. Werdet aktiv und kreativ, wir freuen uns auf euer zahlreiches Erscheinen.<\/p>\n<p>Herzlich euer<\/p>\n<p>B\u00fcndnis Buntes Schwyz-Zusammen gegen Rassismus<\/p>\n","protected":false},"excerpt":{"rendered":"<p>Ihr habt es mitbekommen: Am G\u00fcdelmontag haben sich zw\u00f6lf regional bekannte Rechtsextreme als Ku-Klux-Klan verkleidet. Wir alle wissen: Mit Narrenfreiheit hat das absolut nichts zu tun! W\u00e4hrend ihrem Fackelzug haben die Kapuzentr\u00e4ger Neonazi-Flaggen gezeigt und davor haben sie Hitlergr\u00fcsse gemacht. Das war kein dummer Lausbubenstreich, sondern politisch motivierter Rassismus. Leider hat sich auch in Basel etwas \u00e4hnliches mit einer rassistischen Guggenmusik ereignet. Hier wird Schweizer Kulturgut f\u00fcr rassistische und menschenverachtende Ideologien missbraucht. Deswegen steht nun Schwyz landesweit in den Medien. <a href=\"https:\/\/www.lagota.ch\/?p=3181\">Continue reading <span class=\"meta-nav\">&rarr;<\/span><\/a><\/p>\n","protected":false},"author":1,"featured_media":0,"comment_status":"closed","ping_status":"open","sticky":false,"template":"","format":"standard","meta":{"footnotes":""},"categories":[13,328,16,4],"tags":[114,989,173,181],"class_list":["post-3181","post","type-post","status-publish","format-standard","hentry","category-antifa","category-antira","category-schweiz","category-veranstaltung","tag-antirassismus","tag-kkk","tag-neonazis","tag-schwyz"],"_links":{"self":[{"href":"https:\/\/www.lagota.ch\/index.php?rest_route=\/wp\/v2\/posts\/3181","targetHints":{"allow":["GET"]}}],"collection":[{"href":"https:\/\/www.lagota.ch\/index.php?rest_route=\/wp\/v2\/posts"}],"about":[{"href":"https:\/\/www.lagota.ch\/index.php?rest_route=\/wp\/v2\/types\/post"}],"author":[{"embeddable":true,"href":"https:\/\/www.lagota.ch\/index.php?rest_route=\/wp\/v2\/users\/1"}],"replies":[{"embeddable":true,"href":"https:\/\/www.lagota.ch\/index.php?rest_route=%2Fwp%2Fv2%2Fcomments&post=3181"}],"version-history":[{"count":1,"href":"https:\/\/www.lagota.ch\/index.php?rest_route=\/wp\/v2\/posts\/3181\/revisions"}],"predecessor-version":[{"id":3183,"href":"https:\/\/www.lagota.ch\/index.php?rest_route=\/wp\/v2\/posts\/3181\/revisions\/3183"}],"wp:attachment":[{"href":"https:\/\/www.lagota.ch\/index.php?rest_route=%2Fwp%2Fv2%2Fmedia&parent=3181"}],"wp:term":[{"taxonomy":"category","embeddable":true,"href":"https:\/\/www.lagota.ch\/index.php?rest_route=%2Fwp%2Fv2%2Fcategories&post=3181"},{"taxonomy":"post_tag","embeddable":true,"href":"https:\/\/www.lagota.ch\/index.php?rest_route=%2Fwp%2Fv2%2Ftags&post=3181"}],"curies":[{"name":"wp","href":"https:\/\/api.w.org\/{rel}","templated":true}]}}